{"id":1085,"date":"2018-05-28T13:31:10","date_gmt":"2018-05-28T11:31:10","guid":{"rendered":"https:\/\/www.pedagogia.it\/digituslab\/?p=1085"},"modified":"2023-08-03T15:32:27","modified_gmt":"2023-08-03T13:32:27","slug":"epfl-ecole-polytechnique-federale-de-lausanne","status":"publish","type":"post","link":"https:\/\/www.pedagogia.it\/digituslab\/2018\/05\/28\/epfl-ecole-polytechnique-federale-de-lausanne\/","title":{"rendered":"EPFL &#8211; \u00c9COLE POLYTECHNIQUE F\u00c9D\u00c9RALE DE LAUSANNE"},"content":{"rendered":"<div class=\"wpb-content-wrapper\"><p>[vc_row][vc_column column_width_percent=&#8221;100&#8243; position_vertical=&#8221;middle&#8221; gutter_size=&#8221;3&#8243; overlay_alpha=&#8221;50&#8243; shift_x=&#8221;0&#8243; shift_y=&#8221;0&#8243; shift_y_down=&#8221;0&#8243; z_index=&#8221;0&#8243; medium_width=&#8221;0&#8243; mobile_width=&#8221;0&#8243; width=&#8221;1\/4&#8243; uncode_shortcode_id=&#8221;195862&#8243;][vc_column_text uncode_shortcode_id=&#8221;800897&#8243;]<img decoding=\"async\" class=\"size-medium wp-image-1088 alignleft\" src=\"https:\/\/www.pedagogia.it\/digituslab\/wp-content\/uploads\/sites\/6\/2018\/05\/epfl-300x291.jpg\" alt=\"\" width=\"300\" height=\"291\" srcset=\"https:\/\/www.pedagogia.it\/digituslab\/wp-content\/uploads\/sites\/6\/2018\/05\/epfl-300x291.jpg 300w, https:\/\/www.pedagogia.it\/digituslab\/wp-content\/uploads\/sites\/6\/2018\/05\/epfl-768x745.jpg 768w, https:\/\/www.pedagogia.it\/digituslab\/wp-content\/uploads\/sites\/6\/2018\/05\/epfl-1024x993.jpg 1024w, https:\/\/www.pedagogia.it\/digituslab\/wp-content\/uploads\/sites\/6\/2018\/05\/epfl.jpg 1054w\" sizes=\"(max-width: 300px) 100vw, 300px\" \/>[\/vc_column_text][\/vc_column][vc_column column_width_percent=&#8221;100&#8243; position_vertical=&#8221;middle&#8221; gutter_size=&#8221;3&#8243; overlay_alpha=&#8221;50&#8243; shift_x=&#8221;0&#8243; shift_y=&#8221;0&#8243; shift_y_down=&#8221;0&#8243; z_index=&#8221;0&#8243; medium_width=&#8221;0&#8243; mobile_width=&#8221;0&#8243; width=&#8221;3\/4&#8243; uncode_shortcode_id=&#8221;531221&#8243;][vc_column_text uncode_shortcode_id=&#8221;804065&#8243;]La partnership prevede una collaborazione con lo scopo di sviluppare iniziative di ricerca comuni per capire il ruolo che le nuove tecnologie e la robotica possono giocare come mediatori dell\u2019apprendimento.<br \/>\nIl Gruppo MOBOTS, Ecole Polytechnique F\u00e9d\u00e9rale de Lausanne e Stripes Digitus Lab hanno l\u2019obiettivo di promuovere sinergie e interazioni appropriate tra differenti gruppi di ricerca dedicati a fare ricerca sull\u2019uso didattico delle nuove tecnologie e a contribuire alla ricerca internazionale e a sviluppare strumenti che possano facilitare la progettazione di interventi educativi nei contesti scolastici ed extra-scolatici.<br \/>\nI partner vogliono identificare e promuovere l\u2019appropriata concentrazione di risorse tecnologiche e umane che, grazie ad un ambiente condiviso e la disponibilit\u00e0 degli strumenti attualmente esistenti \u2013 altrimenti non accessibili a causa dei loro costi e delle abilit\u00e0 specialistiche necessarie \u2013 possono ottenere risultati scientifici competitivi ed eccellenti a livello nazionale ed internazionale.<br \/>\n\u00c8 inoltre nostro interesse porre le basi per una valutazione condivisa delle interazioni e degli strumenti necessari allo sviluppo della ricerca e\/o dei programmi di supporto didattici.<br \/>\nQuesti obiettivi verranno raggiunti tramite lo sviluppo di pacchetti di formazione basati sulla piattaforma robotica Thymio, l\u2019amministrazione dei pacchetti di formazione e dei questionari sul contenuto educativo, la raccolta e analisi di dati relativi alla formazione e la successiva produzione di pubblicazioni scientifiche.<\/p>\n<p><span style=\"color: #cc3333;\"><strong><a style=\"color: #cc3333;\" href=\"https:\/\/www.epfl.ch\/en\/\" target=\"_blank\" rel=\"noopener\">www.epfl.ch<\/a><\/strong><\/span>[\/vc_column_text][\/vc_column][\/vc_row]<\/p>\n<\/div>","protected":false},"excerpt":{"rendered":"<p>[vc_row][vc_column column_width_percent=&#8221;100&#8243; position_vertical=&#8221;middle&#8221; gutter_size=&#8221;3&#8243; overlay_alpha=&#8221;50&#8243; shift_x=&#8221;0&#8243; shift_y=&#8221;0&#8243; shift_y_down=&#8221;0&#8243; z_index=&#8221;0&#8243; medium_width=&#8221;0&#8243; mobile_width=&#8221;0&#8243; width=&#8221;1\/4&#8243; uncode_shortcode_id=&#8221;195862&#8243;][vc_column_text uncode_shortcode_id=&#8221;800897&#8243;][\/vc_column_text][\/vc_column][vc_column column_width_percent=&#8221;100&#8243; position_vertical=&#8221;middle&#8221; gutter_size=&#8221;3&#8243; overlay_alpha=&#8221;50&#8243; shift_x=&#8221;0&#8243; shift_y=&#8221;0&#8243; [&hellip;]<\/p>\n","protected":false},"author":1,"featured_media":1088,"comment_status":"open","ping_status":"open","sticky":false,"template":"","format":"standard","meta":{"footnotes":""},"categories":[15],"tags":[],"class_list":["post-1085","post","type-post","status-publish","format-standard","has-post-thumbnail","hentry","category-partner"],"yoast_head":"<!-- This site is optimized with the Yoast SEO plugin v27.2 - https:\/\/yoast.com\/product\/yoast-seo-wordpress\/ -->\n<title>EPFL - \u00c9COLE POLYTECHNIQUE F\u00c9D\u00c9RALE DE LAUSANNE - Stripes Digitus Lab<\/title>\n<meta name=\"robots\" content=\"index, follow, max-snippet:-1, max-image-preview:large, max-video-preview:-1\" \/>\n<link rel=\"canonical\" href=\"https:\/\/www.pedagogia.it\/digituslab\/2018\/05\/28\/epfl-ecole-polytechnique-federale-de-lausanne\/\" \/>\n<meta property=\"og:locale\" content=\"it_IT\" \/>\n<meta property=\"og:type\" content=\"article\" \/>\n<meta property=\"og:title\" content=\"EPFL - \u00c9COLE POLYTECHNIQUE F\u00c9D\u00c9RALE DE LAUSANNE - Stripes Digitus Lab\" \/>\n<meta property=\"og:description\" content=\"[vc_row][vc_column column_width_percent=&#8221;100&#8243; position_vertical=&#8221;middle&#8221; gutter_size=&#8221;3&#8243; overlay_alpha=&#8221;50&#8243; shift_x=&#8221;0&#8243; shift_y=&#8221;0&#8243; shift_y_down=&#8221;0&#8243; z_index=&#8221;0&#8243; medium_width=&#8221;0&#8243; mobile_width=&#8221;0&#8243; width=&#8221;1\/4&#8243; uncode_shortcode_id=&#8221;195862&#8243;][vc_column_text uncode_shortcode_id=&#8221;800897&#8243;][\/vc_column_text][\/vc_column][vc_column column_width_percent=&#8221;100&#8243; position_vertical=&#8221;middle&#8221; gutter_size=&#8221;3&#8243; overlay_alpha=&#8221;50&#8243; shift_x=&#8221;0&#8243; shift_y=&#8221;0&#8243; [&hellip;]\" \/>\n<meta property=\"og:url\" content=\"https:\/\/www.pedagogia.it\/digituslab\/2018\/05\/28\/epfl-ecole-polytechnique-federale-de-lausanne\/\" \/>\n<meta property=\"og:site_name\" content=\"Stripes Digitus Lab\" \/>\n<meta property=\"article:published_time\" content=\"2018-05-28T11:31:10+00:00\" \/>\n<meta property=\"article:modified_time\" content=\"2023-08-03T13:32:27+00:00\" \/>\n<meta property=\"og:image\" content=\"https:\/\/www.pedagogia.it\/digituslab\/wp-content\/uploads\/sites\/6\/2018\/05\/epfl.jpg\" \/>\n\t<meta property=\"og:image:width\" content=\"1054\" \/>\n\t<meta property=\"og:image:height\" content=\"1022\" \/>\n\t<meta property=\"og:image:type\" content=\"image\/jpeg\" \/>\n<meta name=\"author\" content=\"Raul Jannone\" \/>\n<meta name=\"twitter:card\" content=\"summary_large_image\" \/>\n<meta name=\"twitter:label1\" content=\"Scritto da\" \/>\n\t<meta name=\"twitter:data1\" content=\"Raul Jannone\" \/>\n\t<meta name=\"twitter:label2\" content=\"Tempo di lettura stimato\" \/>\n\t<meta name=\"twitter:data2\" content=\"2 minuti\" \/>\n<script type=\"application\/ld+json\" class=\"yoast-schema-graph\">{\"@context\":\"https:\/\/schema.org\",\"@graph\":[{\"@type\":\"Article\",\"@id\":\"https:\/\/www.pedagogia.it\/digituslab\/2018\/05\/28\/epfl-ecole-polytechnique-federale-de-lausanne\/#article\",\"isPartOf\":{\"@id\":\"https:\/\/www.pedagogia.it\/digituslab\/2018\/05\/28\/epfl-ecole-polytechnique-federale-de-lausanne\/\"},\"author\":{\"name\":\"Raul Jannone\",\"@id\":\"https:\/\/www.pedagogia.it\/digituslab\/#\/schema\/person\/6ef94b1703cc542d2cfed879ddf74507\"},\"headline\":\"EPFL &#8211; \u00c9COLE POLYTECHNIQUE F\u00c9D\u00c9RALE DE LAUSANNE\",\"datePublished\":\"2018-05-28T11:31:10+00:00\",\"dateModified\":\"2023-08-03T13:32:27+00:00\",\"mainEntityOfPage\":{\"@id\":\"https:\/\/www.pedagogia.it\/digituslab\/2018\/05\/28\/epfl-ecole-polytechnique-federale-de-lausanne\/\"},\"wordCount\":311,\"commentCount\":0,\"publisher\":{\"@id\":\"https:\/\/www.pedagogia.it\/digituslab\/#organization\"},\"image\":{\"@id\":\"https:\/\/www.pedagogia.it\/digituslab\/2018\/05\/28\/epfl-ecole-polytechnique-federale-de-lausanne\/#primaryimage\"},\"thumbnailUrl\":\"https:\/\/www.pedagogia.it\/digituslab\/wp-content\/uploads\/sites\/6\/2018\/05\/epfl.jpg\",\"articleSection\":[\"partner\"],\"inLanguage\":\"it-IT\",\"potentialAction\":[{\"@type\":\"CommentAction\",\"name\":\"Comment\",\"target\":[\"https:\/\/www.pedagogia.it\/digituslab\/2018\/05\/28\/epfl-ecole-polytechnique-federale-de-lausanne\/#respond\"]}]},{\"@type\":\"WebPage\",\"@id\":\"https:\/\/www.pedagogia.it\/digituslab\/2018\/05\/28\/epfl-ecole-polytechnique-federale-de-lausanne\/\",\"url\":\"https:\/\/www.pedagogia.it\/digituslab\/2018\/05\/28\/epfl-ecole-polytechnique-federale-de-lausanne\/\",\"name\":\"EPFL - \u00c9COLE POLYTECHNIQUE F\u00c9D\u00c9RALE DE LAUSANNE - Stripes Digitus Lab\",\"isPartOf\":{\"@id\":\"https:\/\/www.pedagogia.it\/digituslab\/#website\"},\"primaryImageOfPage\":{\"@id\":\"https:\/\/www.pedagogia.it\/digituslab\/2018\/05\/28\/epfl-ecole-polytechnique-federale-de-lausanne\/#primaryimage\"},\"image\":{\"@id\":\"https:\/\/www.pedagogia.it\/digituslab\/2018\/05\/28\/epfl-ecole-polytechnique-federale-de-lausanne\/#primaryimage\"},\"thumbnailUrl\":\"https:\/\/www.pedagogia.it\/digituslab\/wp-content\/uploads\/sites\/6\/2018\/05\/epfl.jpg\",\"datePublished\":\"2018-05-28T11:31:10+00:00\",\"dateModified\":\"2023-08-03T13:32:27+00:00\",\"breadcrumb\":{\"@id\":\"https:\/\/www.pedagogia.it\/digituslab\/2018\/05\/28\/epfl-ecole-polytechnique-federale-de-lausanne\/#breadcrumb\"},\"inLanguage\":\"it-IT\",\"potentialAction\":[{\"@type\":\"ReadAction\",\"target\":[\"https:\/\/www.pedagogia.it\/digituslab\/2018\/05\/28\/epfl-ecole-polytechnique-federale-de-lausanne\/\"]}]},{\"@type\":\"ImageObject\",\"inLanguage\":\"it-IT\",\"@id\":\"https:\/\/www.pedagogia.it\/digituslab\/2018\/05\/28\/epfl-ecole-polytechnique-federale-de-lausanne\/#primaryimage\",\"url\":\"https:\/\/www.pedagogia.it\/digituslab\/wp-content\/uploads\/sites\/6\/2018\/05\/epfl.jpg\",\"contentUrl\":\"https:\/\/www.pedagogia.it\/digituslab\/wp-content\/uploads\/sites\/6\/2018\/05\/epfl.jpg\",\"width\":1054,\"height\":1022},{\"@type\":\"BreadcrumbList\",\"@id\":\"https:\/\/www.pedagogia.it\/digituslab\/2018\/05\/28\/epfl-ecole-polytechnique-federale-de-lausanne\/#breadcrumb\",\"itemListElement\":[{\"@type\":\"ListItem\",\"position\":1,\"name\":\"Home\",\"item\":\"https:\/\/www.pedagogia.it\/digituslab\/\"},{\"@type\":\"ListItem\",\"position\":2,\"name\":\"EPFL &#8211; \u00c9COLE POLYTECHNIQUE F\u00c9D\u00c9RALE DE LAUSANNE\"}]},{\"@type\":\"WebSite\",\"@id\":\"https:\/\/www.pedagogia.it\/digituslab\/#website\",\"url\":\"https:\/\/www.pedagogia.it\/digituslab\/\",\"name\":\"Stripes Digitus Lab\",\"description\":\"Centro internazionale di ricerca e innovazione sulla robotica educativa e le tecnologie digitali\",\"publisher\":{\"@id\":\"https:\/\/www.pedagogia.it\/digituslab\/#organization\"},\"potentialAction\":[{\"@type\":\"SearchAction\",\"target\":{\"@type\":\"EntryPoint\",\"urlTemplate\":\"https:\/\/www.pedagogia.it\/digituslab\/?s={search_term_string}\"},\"query-input\":{\"@type\":\"PropertyValueSpecification\",\"valueRequired\":true,\"valueName\":\"search_term_string\"}}],\"inLanguage\":\"it-IT\"},{\"@type\":\"Organization\",\"@id\":\"https:\/\/www.pedagogia.it\/digituslab\/#organization\",\"name\":\"Stripe Digitus Lab\",\"url\":\"https:\/\/www.pedagogia.it\/digituslab\/\",\"logo\":{\"@type\":\"ImageObject\",\"inLanguage\":\"it-IT\",\"@id\":\"https:\/\/www.pedagogia.it\/digituslab\/#\/schema\/logo\/image\/\",\"url\":\"https:\/\/www.pedagogia.it\/digituslab\/wp-content\/uploads\/sites\/6\/2018\/03\/digituslab.png\",\"contentUrl\":\"https:\/\/www.pedagogia.it\/digituslab\/wp-content\/uploads\/sites\/6\/2018\/03\/digituslab.png\",\"width\":280,\"height\":80,\"caption\":\"Stripe Digitus Lab\"},\"image\":{\"@id\":\"https:\/\/www.pedagogia.it\/digituslab\/#\/schema\/logo\/image\/\"}},{\"@type\":\"Person\",\"@id\":\"https:\/\/www.pedagogia.it\/digituslab\/#\/schema\/person\/6ef94b1703cc542d2cfed879ddf74507\",\"name\":\"Raul Jannone\",\"image\":{\"@type\":\"ImageObject\",\"inLanguage\":\"it-IT\",\"@id\":\"https:\/\/secure.gravatar.com\/avatar\/44fd933c75f5ee9b96f27834e4b1f3d2e7e56504291af13b42785c2b1a53944a?s=96&d=mm&r=g\",\"url\":\"https:\/\/secure.gravatar.com\/avatar\/44fd933c75f5ee9b96f27834e4b1f3d2e7e56504291af13b42785c2b1a53944a?s=96&d=mm&r=g\",\"contentUrl\":\"https:\/\/secure.gravatar.com\/avatar\/44fd933c75f5ee9b96f27834e4b1f3d2e7e56504291af13b42785c2b1a53944a?s=96&d=mm&r=g\",\"caption\":\"Raul Jannone\"},\"description\":\"Info bibliografiche\",\"url\":\"https:\/\/www.pedagogia.it\/digituslab\/author\/admin\/\"}]}<\/script>\n<!-- \/ Yoast SEO plugin. -->","yoast_head_json":{"title":"EPFL - \u00c9COLE POLYTECHNIQUE F\u00c9D\u00c9RALE DE LAUSANNE - Stripes Digitus Lab","robots":{"index":"index","follow":"follow","max-snippet":"max-snippet:-1","max-image-preview":"max-image-preview:large","max-video-preview":"max-video-preview:-1"},"canonical":"https:\/\/www.pedagogia.it\/digituslab\/2018\/05\/28\/epfl-ecole-polytechnique-federale-de-lausanne\/","og_locale":"it_IT","og_type":"article","og_title":"EPFL - \u00c9COLE POLYTECHNIQUE F\u00c9D\u00c9RALE DE LAUSANNE - Stripes Digitus Lab","og_description":"[vc_row][vc_column column_width_percent=&#8221;100&#8243; position_vertical=&#8221;middle&#8221; gutter_size=&#8221;3&#8243; overlay_alpha=&#8221;50&#8243; shift_x=&#8221;0&#8243; shift_y=&#8221;0&#8243; shift_y_down=&#8221;0&#8243; z_index=&#8221;0&#8243; medium_width=&#8221;0&#8243; mobile_width=&#8221;0&#8243; width=&#8221;1\/4&#8243; uncode_shortcode_id=&#8221;195862&#8243;][vc_column_text uncode_shortcode_id=&#8221;800897&#8243;][\/vc_column_text][\/vc_column][vc_column column_width_percent=&#8221;100&#8243; position_vertical=&#8221;middle&#8221; gutter_size=&#8221;3&#8243; overlay_alpha=&#8221;50&#8243; shift_x=&#8221;0&#8243; shift_y=&#8221;0&#8243; [&hellip;]","og_url":"https:\/\/www.pedagogia.it\/digituslab\/2018\/05\/28\/epfl-ecole-polytechnique-federale-de-lausanne\/","og_site_name":"Stripes Digitus Lab","article_published_time":"2018-05-28T11:31:10+00:00","article_modified_time":"2023-08-03T13:32:27+00:00","og_image":[{"width":1054,"height":1022,"url":"https:\/\/www.pedagogia.it\/digituslab\/wp-content\/uploads\/sites\/6\/2018\/05\/epfl.jpg","type":"image\/jpeg"}],"author":"Raul Jannone","twitter_card":"summary_large_image","twitter_misc":{"Scritto da":"Raul Jannone","Tempo di lettura stimato":"2 minuti"},"schema":{"@context":"https:\/\/schema.org","@graph":[{"@type":"Article","@id":"https:\/\/www.pedagogia.it\/digituslab\/2018\/05\/28\/epfl-ecole-polytechnique-federale-de-lausanne\/#article","isPartOf":{"@id":"https:\/\/www.pedagogia.it\/digituslab\/2018\/05\/28\/epfl-ecole-polytechnique-federale-de-lausanne\/"},"author":{"name":"Raul Jannone","@id":"https:\/\/www.pedagogia.it\/digituslab\/#\/schema\/person\/6ef94b1703cc542d2cfed879ddf74507"},"headline":"EPFL &#8211; \u00c9COLE POLYTECHNIQUE F\u00c9D\u00c9RALE DE LAUSANNE","datePublished":"2018-05-28T11:31:10+00:00","dateModified":"2023-08-03T13:32:27+00:00","mainEntityOfPage":{"@id":"https:\/\/www.pedagogia.it\/digituslab\/2018\/05\/28\/epfl-ecole-polytechnique-federale-de-lausanne\/"},"wordCount":311,"commentCount":0,"publisher":{"@id":"https:\/\/www.pedagogia.it\/digituslab\/#organization"},"image":{"@id":"https:\/\/www.pedagogia.it\/digituslab\/2018\/05\/28\/epfl-ecole-polytechnique-federale-de-lausanne\/#primaryimage"},"thumbnailUrl":"https:\/\/www.pedagogia.it\/digituslab\/wp-content\/uploads\/sites\/6\/2018\/05\/epfl.jpg","articleSection":["partner"],"inLanguage":"it-IT","potentialAction":[{"@type":"CommentAction","name":"Comment","target":["https:\/\/www.pedagogia.it\/digituslab\/2018\/05\/28\/epfl-ecole-polytechnique-federale-de-lausanne\/#respond"]}]},{"@type":"WebPage","@id":"https:\/\/www.pedagogia.it\/digituslab\/2018\/05\/28\/epfl-ecole-polytechnique-federale-de-lausanne\/","url":"https:\/\/www.pedagogia.it\/digituslab\/2018\/05\/28\/epfl-ecole-polytechnique-federale-de-lausanne\/","name":"EPFL - \u00c9COLE POLYTECHNIQUE F\u00c9D\u00c9RALE DE LAUSANNE - Stripes Digitus Lab","isPartOf":{"@id":"https:\/\/www.pedagogia.it\/digituslab\/#website"},"primaryImageOfPage":{"@id":"https:\/\/www.pedagogia.it\/digituslab\/2018\/05\/28\/epfl-ecole-polytechnique-federale-de-lausanne\/#primaryimage"},"image":{"@id":"https:\/\/www.pedagogia.it\/digituslab\/2018\/05\/28\/epfl-ecole-polytechnique-federale-de-lausanne\/#primaryimage"},"thumbnailUrl":"https:\/\/www.pedagogia.it\/digituslab\/wp-content\/uploads\/sites\/6\/2018\/05\/epfl.jpg","datePublished":"2018-05-28T11:31:10+00:00","dateModified":"2023-08-03T13:32:27+00:00","breadcrumb":{"@id":"https:\/\/www.pedagogia.it\/digituslab\/2018\/05\/28\/epfl-ecole-polytechnique-federale-de-lausanne\/#breadcrumb"},"inLanguage":"it-IT","potentialAction":[{"@type":"ReadAction","target":["https:\/\/www.pedagogia.it\/digituslab\/2018\/05\/28\/epfl-ecole-polytechnique-federale-de-lausanne\/"]}]},{"@type":"ImageObject","inLanguage":"it-IT","@id":"https:\/\/www.pedagogia.it\/digituslab\/2018\/05\/28\/epfl-ecole-polytechnique-federale-de-lausanne\/#primaryimage","url":"https:\/\/www.pedagogia.it\/digituslab\/wp-content\/uploads\/sites\/6\/2018\/05\/epfl.jpg","contentUrl":"https:\/\/www.pedagogia.it\/digituslab\/wp-content\/uploads\/sites\/6\/2018\/05\/epfl.jpg","width":1054,"height":1022},{"@type":"BreadcrumbList","@id":"https:\/\/www.pedagogia.it\/digituslab\/2018\/05\/28\/epfl-ecole-polytechnique-federale-de-lausanne\/#breadcrumb","itemListElement":[{"@type":"ListItem","position":1,"name":"Home","item":"https:\/\/www.pedagogia.it\/digituslab\/"},{"@type":"ListItem","position":2,"name":"EPFL &#8211; \u00c9COLE POLYTECHNIQUE F\u00c9D\u00c9RALE DE LAUSANNE"}]},{"@type":"WebSite","@id":"https:\/\/www.pedagogia.it\/digituslab\/#website","url":"https:\/\/www.pedagogia.it\/digituslab\/","name":"Stripes Digitus Lab","description":"Centro internazionale di ricerca e innovazione sulla robotica educativa e le tecnologie digitali","publisher":{"@id":"https:\/\/www.pedagogia.it\/digituslab\/#organization"},"potentialAction":[{"@type":"SearchAction","target":{"@type":"EntryPoint","urlTemplate":"https:\/\/www.pedagogia.it\/digituslab\/?s={search_term_string}"},"query-input":{"@type":"PropertyValueSpecification","valueRequired":true,"valueName":"search_term_string"}}],"inLanguage":"it-IT"},{"@type":"Organization","@id":"https:\/\/www.pedagogia.it\/digituslab\/#organization","name":"Stripe Digitus Lab","url":"https:\/\/www.pedagogia.it\/digituslab\/","logo":{"@type":"ImageObject","inLanguage":"it-IT","@id":"https:\/\/www.pedagogia.it\/digituslab\/#\/schema\/logo\/image\/","url":"https:\/\/www.pedagogia.it\/digituslab\/wp-content\/uploads\/sites\/6\/2018\/03\/digituslab.png","contentUrl":"https:\/\/www.pedagogia.it\/digituslab\/wp-content\/uploads\/sites\/6\/2018\/03\/digituslab.png","width":280,"height":80,"caption":"Stripe Digitus Lab"},"image":{"@id":"https:\/\/www.pedagogia.it\/digituslab\/#\/schema\/logo\/image\/"}},{"@type":"Person","@id":"https:\/\/www.pedagogia.it\/digituslab\/#\/schema\/person\/6ef94b1703cc542d2cfed879ddf74507","name":"Raul Jannone","image":{"@type":"ImageObject","inLanguage":"it-IT","@id":"https:\/\/secure.gravatar.com\/avatar\/44fd933c75f5ee9b96f27834e4b1f3d2e7e56504291af13b42785c2b1a53944a?s=96&d=mm&r=g","url":"https:\/\/secure.gravatar.com\/avatar\/44fd933c75f5ee9b96f27834e4b1f3d2e7e56504291af13b42785c2b1a53944a?s=96&d=mm&r=g","contentUrl":"https:\/\/secure.gravatar.com\/avatar\/44fd933c75f5ee9b96f27834e4b1f3d2e7e56504291af13b42785c2b1a53944a?s=96&d=mm&r=g","caption":"Raul Jannone"},"description":"Info bibliografiche","url":"https:\/\/www.pedagogia.it\/digituslab\/author\/admin\/"}]}},"_links":{"self":[{"href":"https:\/\/www.pedagogia.it\/digituslab\/wp-json\/wp\/v2\/posts\/1085","targetHints":{"allow":["GET"]}}],"collection":[{"href":"https:\/\/www.pedagogia.it\/digituslab\/wp-json\/wp\/v2\/posts"}],"about":[{"href":"https:\/\/www.pedagogia.it\/digituslab\/wp-json\/wp\/v2\/types\/post"}],"author":[{"embeddable":true,"href":"https:\/\/www.pedagogia.it\/digituslab\/wp-json\/wp\/v2\/users\/1"}],"replies":[{"embeddable":true,"href":"https:\/\/www.pedagogia.it\/digituslab\/wp-json\/wp\/v2\/comments?post=1085"}],"version-history":[{"count":9,"href":"https:\/\/www.pedagogia.it\/digituslab\/wp-json\/wp\/v2\/posts\/1085\/revisions"}],"predecessor-version":[{"id":78160,"href":"https:\/\/www.pedagogia.it\/digituslab\/wp-json\/wp\/v2\/posts\/1085\/revisions\/78160"}],"wp:featuredmedia":[{"embeddable":true,"href":"https:\/\/www.pedagogia.it\/digituslab\/wp-json\/wp\/v2\/media\/1088"}],"wp:attachment":[{"href":"https:\/\/www.pedagogia.it\/digituslab\/wp-json\/wp\/v2\/media?parent=1085"}],"wp:term":[{"taxonomy":"category","embeddable":true,"href":"https:\/\/www.pedagogia.it\/digituslab\/wp-json\/wp\/v2\/categories?post=1085"},{"taxonomy":"post_tag","embeddable":true,"href":"https:\/\/www.pedagogia.it\/digituslab\/wp-json\/wp\/v2\/tags?post=1085"}],"curies":[{"name":"wp","href":"https:\/\/api.w.org\/{rel}","templated":true}]}}