{"id":1948,"date":"2018-10-15T15:43:35","date_gmt":"2018-10-15T13:43:35","guid":{"rendered":"https:\/\/www.pedagogia.it\/digituslab\/?p=1948"},"modified":"2018-10-19T11:38:48","modified_gmt":"2018-10-19T09:38:48","slug":"1948","status":"publish","type":"post","link":"https:\/\/www.pedagogia.it\/digituslab\/2018\/10\/15\/1948\/","title":{"rendered":"MIND, Parte a Cascina Triulza la Social Innovation Academy"},"content":{"rendered":"<div class=\"wpb-content-wrapper\"><p>[vc_row][vc_column][vc_column_text]<img decoding=\"async\" src=\"http:\/\/www.lombardia.confcooperative.it\/Portals\/0\/Images\/confcooperative-lombardia.png?ver=2015-06-19-153001-753\" alt=\"Confcooperative Lombardia\" \/><\/p>\n<p>Marted\u00ec, 9 Ottobre 2018<\/p>\n<p>Clicca sul Link per leggere l&#8217;articolo completo:<\/p>\n<p><a href=\"http:\/\/www.lombardia.confcooperative.it\/Dettaglio\/ArtMID\/523\/ArticleID\/2565\/MIND-EX-AREA-EXPO-PARTE-A-CASCINA-TRIULZA-LA-SOCIAL-INNOVATION-ACADEMY\">http:\/\/www.lombardia.confcooperative.it\/Dettaglio\/ArtMID\/523\/ArticleID\/2565\/MIND-EX-AREA-EXPO-PARTE-A-CASCINA-TRIULZA-LA-SOCIAL-INNOVATION-ACADEMY<\/a><\/p>\n<p><a href=\"https:\/\/www.pedagogia.it\/digituslab\/wp-content\/uploads\/sites\/6\/2018\/10\/p11-1.pdf\">pdf\/pag-11<\/a><\/p>\n<p>[\/vc_column_text][vc_separator sep_color=&#8221;color-vyce&#8221; type=&#8221;double&#8221; el_height=&#8221;20&#8243;][vc_custom_heading]<\/p>\n<h1><span style=\"color: #333399\"><strong>MIND (EX AREA EXPO), PARTE A CASCINA TRIULZA LA SOCIAL INNOVATION ACADEMY<\/strong><\/span> &#8220;<em>Tra i Partner: Irecoop Lombardia, Confcooperative e la Cooperativa Stripes.<\/em><\/h1>\n<div class=\"summary\">\n<div class=\"imgDettaglio col-sm-5 col-xs-5 col-xxs-12\"><\/div>\n<\/div>\n<p>[\/vc_custom_heading][\/vc_column][\/vc_row][vc_row][vc_column width=&#8221;1\/2&#8243;][vc_single_image media=&#8221;1950&#8243; media_width_percent=&#8221;100&#8243;][vc_single_image media=&#8221;1953&#8243; media_width_percent=&#8221;100&#8243;][\/vc_column][vc_column width=&#8221;1\/2&#8243;][vc_single_image media=&#8221;1952&#8243; media_width_percent=&#8221;100&#8243;][vc_single_image media=&#8221;1957&#8243; media_width_percent=&#8221;100&#8243;][\/vc_column][\/vc_row][vc_row][vc_column width=&#8221;1\/1&#8243;][vc_column_text]Nessun taglio del nastro ma un&#8217;opera d&#8217;arte collettiva costruita da un&#8217;intreccio di tessuti, simbolico richiamo al legame con il futuro. \u00c8 con l&#8217;opera live &#8220;The ribbon hub&#8221; di Camilla &#8220;Keibi&#8221; Baron che nasce all\u2019interno di Mind (ex area Expo), la Social Innovation Academy promossa da Fondazione Triulza per sperimentare e sviluppare\u00a0<strong>nuove proposte formative e progettuali in tutti gli ambiti dell\u2019innovazione sociale e dello sviluppo sostenibile<\/strong>. La Social Innovation Academy \u00e8 di fatto uno spazio di co-progettazione e di collaborazione aperto a tutti: le organizzazioni del Terzo Settore e dell\u2019Economia Civile, gli Enti Filantropici, le Universit\u00e0 e i Centri di Ricerca, le Istituzioni Pubbliche, la Finanza e le Aziende interessate a promuovere l\u2019innovazione e l\u2019impatto sociale.<\/p>\n<p><strong>Sono Partner della Social Innovation Academy<\/strong>: Fondazione Enaip Lombardia, UBI Banca,\u00a0<strong>Stripes Cooperativa Sociale Onlus, Irecoop e Cesvip, agenzie formative di Confcooperative e Legacoop Lombardia<\/strong>\u00a0e Fondazione Cariplo attraverso il progetto BEEurope. Una partnership multisettoriale in grado di concretizzare fin da subito un ricco programma d\u2019attivit\u00e0 con obiettivi e target condivisi. La Social Innovation Academy del sito Mind ospita un centro di ricerca internazionale sulla robotica educativa, un polo permanente per la divulgazione finanziaria, un centro di formazione sullo sviluppo dei talenti e un hub per l\u2019innovazione e la gestione dell\u2019impatto nell\u2019impresa sociale.<\/p>\n<p>La nuova struttura, ristrutturata da Arexpo SpA, nasce negli spazi dell\u2019ex stalla \/ mercato di Cascina Triulza, che oggi con la presenza di Lendlease, futuro sviluppatore dell&#8217;area, \u00e8 diventata il centro strategico e direttivo del progetto di sviluppo di Mind.<\/p>\n<p><em>\u201cCon la Social Innovation Academy inauguriamo una nuova funzione nel sito Mind con cui Fondazione Triulza e i sui partner vogliono dare un contributo concreto, in termini di sostenibilit\u00e0 e impatto sociale, alle citt\u00e0 del futuro. Abbiamo l&#8217;opportunit\u00e0 di sperimentare in quest&#8217;area proposte formative e progettuali nuove coinvolgendo una ampia variet\u00e0 di attori, rappresentanti da ambiti molto diversi, che vogliono tradurre l&#8217;innovazione sociale in progetti e azioni concrete. Obiettivo strategico condiviso da Fondazione Triulza e dai partner dell&#8217;Academy \u00e8 il coinvolgimento dei giovani e dei territori che confinano con quest&#8217;area a cui saranno rivolte alcune delle prime iniziative gi\u00e0 in programma&#8221;,<\/em>\u00a0dichiara\u00a0<strong>Massimo Minelli, Presidente di Fondazione Triulza.<\/strong><\/p>\n<p><strong>Fondazione Triulza inaugura oggi questo nuova funzione nel sito Mind dopo due anni di sperimentazione<\/strong>\u00a0e di lavoro nell\u2019area che ha ospitato Expo2015 in cui si \u00e8 focalizzata su quattro linee strategiche: la promozione della collaborazione tra il mondo della Ricerca e della Societ\u00e0 Civile attraverso il progetto Human Factory, la creazione di strumenti per l\u2019internazionalizzazione del Terzo Settore con l&#8217;insieme di iniziative BEEurope, l\u2019avvio dei primi tavoli di lavoro sull\u2019impatto sociale e ambientale del progetto di sviluppo dell\u2019area Mind e di percorsi partecipativi con gli enti locali e le scuole del territorio. Fondazione Triulza insieme ai partner dell\u2019Academy condividono il desiderio di esplorare e approfondire questi e nuovi ambiti tematici, tenendo come framework di riferimento i 17 Obiettivi di Sviluppo Sostenibile delle Nazioni Unite.<\/p>\n<p><strong>L&#8217;approccio multisettoriale all&#8217;innovazione sociale \u00e8 di uno degli elementi caratterizzanti<\/strong>\u00a0del programma d\u2019iniziative della Social Innovation Academy per coinvolgere un pubblico ampio e diversificato: dalle cooperative e imprese sociali alle startup innovative; dai nativi digitali agli aspiranti imprenditori e cooperatori; dai bambini ai ragazzi delle superiori; dai genitori agli insegnanti; dalle scuole e i professionisti ai territori.<\/p>\n<p><strong>COS&#8217;ABBIAMO IN MIND. LE ATTIVIT\u00c0 DEL MONDO\u00a0 DELLA COOPERAZIONE<\/strong><\/p>\n<p><strong>Cesvip e Irecoop<\/strong>, gli enti di formazione di Legacoop Lombardia e Confcooperative Lombardia, le due principali associazioni di rappresentanza del movimento cooperativo lombardo, aderiscono alla Social Innovation Academy per la promozione dell&#8217;innovazione, della competitivit\u00e0 e dell&#8217;impatto sociale tra le cooperative e le imprese sociali e le nuove generazioni.\u00a0Dal 2019\u00a0avvieranno percorsi di educazione cooperativa rivolti alle scuole e studenti, laboratori creativi sull&#8217;impresa sociale, percorsi formativi su innovazione rivolti ai profili manageriali.<\/p>\n<p><strong>Stripes Digitus Lab<\/strong>\u00a0\u00e8 il nuovo Centro internazionale di ricerca sulla robotica educativa e le tecnologie digitali creato da Stripes Cooperativa Sociale Onlus con sede operativa nell\u2019Academy di Fondazione Triulza nel sito Mind. \u00c8 un luogo dove tecnologia e pedagogia entrano in connessione per dare vita a percorsi laboratoriali per bambini, scuole e famiglie e progetti di ricerca, in collaborazione con Universit\u00e0 italiane ed estere e professionisti in ambito digitale e psicopedagogico. Promuove la robotica educativa e le tecnologie digitali come strumenti di apprendimento, creativit\u00e0, collaborazione e inclusione.\u00a0Prossime iniziative: 13 ottobre, Open Day Stripes Digitus Lab per bambini (8-14 anni), famiglie e insegnanti. 20 ottobre, laboratori in occasione della Europe Code Week. 1 novembre, Worldwide R2T2 2018 \u2013 Missione spaziale con Thymio tra 16 team di ragazzi di tutto il mondo. Ottobre \u2013novembre, ricerca nelle scuole milanesi sviluppata da ISTC-CNR. Tutto l\u2019anno, corsi settimanali di coding e robotica educativa.[\/vc_column_text][\/vc_column][\/vc_row]<\/p>\n<\/div>","protected":false},"excerpt":{"rendered":"<p>[vc_row][vc_column][vc_column_text] Marted\u00ec, 9 Ottobre 2018 Clicca sul Link per leggere l&#8217;articolo completo: http:\/\/www.lombardia.confcooperative.it\/Dettaglio\/ArtMID\/523\/ArticleID\/2565\/MIND-EX-AREA-EXPO-PARTE-A-CASCINA-TRIULZA-LA-SOCIAL-INNOVATION-ACADEMY pdf\/pag-11 [\/vc_column_text][vc_separator sep_color=&#8221;color-vyce&#8221; type=&#8221;double&#8221; el_height=&#8221;20&#8243;][vc_custom_heading] MIND (EX [&hellip;]<\/p>\n","protected":false},"author":164,"featured_media":1934,"comment_status":"open","ping_status":"open","sticky":false,"template":"","format":"standard","meta":{"footnotes":""},"categories":[1,18],"tags":[],"class_list":["post-1948","post","type-post","status-publish","format-standard","has-post-thumbnail","hentry","category-stripesdigituslab","category-rassegna-stampa"],"yoast_head":"<!-- This site is optimized with the Yoast SEO plugin v27.2 - https:\/\/yoast.com\/product\/yoast-seo-wordpress\/ -->\n<title>MIND, Parte a Cascina Triulza la Social Innovation Academy - Stripes Digitus Lab<\/title>\n<meta name=\"robots\" content=\"index, follow, max-snippet:-1, max-image-preview:large, max-video-preview:-1\" \/>\n<link rel=\"canonical\" href=\"https:\/\/www.pedagogia.it\/digituslab\/2018\/10\/15\/1948\/\" \/>\n<meta property=\"og:locale\" content=\"it_IT\" \/>\n<meta property=\"og:type\" content=\"article\" \/>\n<meta property=\"og:title\" content=\"MIND, Parte a Cascina Triulza la Social Innovation Academy - Stripes Digitus Lab\" \/>\n<meta property=\"og:description\" content=\"[vc_row][vc_column][vc_column_text] Marted\u00ec, 9 Ottobre 2018 Clicca sul Link per leggere l&#8217;articolo completo: http:\/\/www.lombardia.confcooperative.it\/Dettaglio\/ArtMID\/523\/ArticleID\/2565\/MIND-EX-AREA-EXPO-PARTE-A-CASCINA-TRIULZA-LA-SOCIAL-INNOVATION-ACADEMY pdf\/pag-11 [\/vc_column_text][vc_separator sep_color=&#8221;color-vyce&#8221; type=&#8221;double&#8221; el_height=&#8221;20&#8243;][vc_custom_heading] MIND (EX [&hellip;]\" \/>\n<meta property=\"og:url\" content=\"https:\/\/www.pedagogia.it\/digituslab\/2018\/10\/15\/1948\/\" \/>\n<meta property=\"og:site_name\" content=\"Stripes Digitus Lab\" \/>\n<meta property=\"article:published_time\" content=\"2018-10-15T13:43:35+00:00\" \/>\n<meta property=\"article:modified_time\" content=\"2018-10-19T09:38:48+00:00\" \/>\n<meta property=\"og:image\" content=\"https:\/\/www.pedagogia.it\/digituslab\/wp-content\/uploads\/sites\/6\/2018\/10\/bd278785-7a8b-4536-8e65-591a9ef2264d_large.jpg\" \/>\n\t<meta property=\"og:image:width\" content=\"1200\" \/>\n\t<meta property=\"og:image:height\" content=\"800\" \/>\n\t<meta property=\"og:image:type\" content=\"image\/jpeg\" \/>\n<meta name=\"author\" content=\"giuseppe.calabrese\" \/>\n<meta name=\"twitter:card\" content=\"summary_large_image\" \/>\n<meta name=\"twitter:label1\" content=\"Scritto da\" \/>\n\t<meta name=\"twitter:data1\" content=\"giuseppe.calabrese\" \/>\n\t<meta name=\"twitter:label2\" content=\"Tempo di lettura stimato\" \/>\n\t<meta name=\"twitter:data2\" content=\"5 minuti\" \/>\n<script type=\"application\/ld+json\" class=\"yoast-schema-graph\">{\"@context\":\"https:\/\/schema.org\",\"@graph\":[{\"@type\":\"Article\",\"@id\":\"https:\/\/www.pedagogia.it\/digituslab\/2018\/10\/15\/1948\/#article\",\"isPartOf\":{\"@id\":\"https:\/\/www.pedagogia.it\/digituslab\/2018\/10\/15\/1948\/\"},\"author\":{\"name\":\"giuseppe.calabrese\",\"@id\":\"https:\/\/www.pedagogia.it\/digituslab\/#\/schema\/person\/c1c971cdf1363de0d968fa5baccb4356\"},\"headline\":\"MIND, Parte a Cascina Triulza la Social Innovation Academy\",\"datePublished\":\"2018-10-15T13:43:35+00:00\",\"dateModified\":\"2018-10-19T09:38:48+00:00\",\"mainEntityOfPage\":{\"@id\":\"https:\/\/www.pedagogia.it\/digituslab\/2018\/10\/15\/1948\/\"},\"wordCount\":928,\"commentCount\":0,\"publisher\":{\"@id\":\"https:\/\/www.pedagogia.it\/digituslab\/#organization\"},\"image\":{\"@id\":\"https:\/\/www.pedagogia.it\/digituslab\/2018\/10\/15\/1948\/#primaryimage\"},\"thumbnailUrl\":\"https:\/\/www.pedagogia.it\/digituslab\/wp-content\/uploads\/sites\/6\/2018\/10\/bd278785-7a8b-4536-8e65-591a9ef2264d_large.jpg\",\"articleSection\":[\"StripesDigitusLab\",\"Rassegna Stampa\"],\"inLanguage\":\"it-IT\",\"potentialAction\":[{\"@type\":\"CommentAction\",\"name\":\"Comment\",\"target\":[\"https:\/\/www.pedagogia.it\/digituslab\/2018\/10\/15\/1948\/#respond\"]}]},{\"@type\":\"WebPage\",\"@id\":\"https:\/\/www.pedagogia.it\/digituslab\/2018\/10\/15\/1948\/\",\"url\":\"https:\/\/www.pedagogia.it\/digituslab\/2018\/10\/15\/1948\/\",\"name\":\"MIND, Parte a Cascina Triulza la Social Innovation Academy - Stripes Digitus Lab\",\"isPartOf\":{\"@id\":\"https:\/\/www.pedagogia.it\/digituslab\/#website\"},\"primaryImageOfPage\":{\"@id\":\"https:\/\/www.pedagogia.it\/digituslab\/2018\/10\/15\/1948\/#primaryimage\"},\"image\":{\"@id\":\"https:\/\/www.pedagogia.it\/digituslab\/2018\/10\/15\/1948\/#primaryimage\"},\"thumbnailUrl\":\"https:\/\/www.pedagogia.it\/digituslab\/wp-content\/uploads\/sites\/6\/2018\/10\/bd278785-7a8b-4536-8e65-591a9ef2264d_large.jpg\",\"datePublished\":\"2018-10-15T13:43:35+00:00\",\"dateModified\":\"2018-10-19T09:38:48+00:00\",\"breadcrumb\":{\"@id\":\"https:\/\/www.pedagogia.it\/digituslab\/2018\/10\/15\/1948\/#breadcrumb\"},\"inLanguage\":\"it-IT\",\"potentialAction\":[{\"@type\":\"ReadAction\",\"target\":[\"https:\/\/www.pedagogia.it\/digituslab\/2018\/10\/15\/1948\/\"]}]},{\"@type\":\"ImageObject\",\"inLanguage\":\"it-IT\",\"@id\":\"https:\/\/www.pedagogia.it\/digituslab\/2018\/10\/15\/1948\/#primaryimage\",\"url\":\"https:\/\/www.pedagogia.it\/digituslab\/wp-content\/uploads\/sites\/6\/2018\/10\/bd278785-7a8b-4536-8e65-591a9ef2264d_large.jpg\",\"contentUrl\":\"https:\/\/www.pedagogia.it\/digituslab\/wp-content\/uploads\/sites\/6\/2018\/10\/bd278785-7a8b-4536-8e65-591a9ef2264d_large.jpg\",\"width\":1200,\"height\":800},{\"@type\":\"BreadcrumbList\",\"@id\":\"https:\/\/www.pedagogia.it\/digituslab\/2018\/10\/15\/1948\/#breadcrumb\",\"itemListElement\":[{\"@type\":\"ListItem\",\"position\":1,\"name\":\"Home\",\"item\":\"https:\/\/www.pedagogia.it\/digituslab\/\"},{\"@type\":\"ListItem\",\"position\":2,\"name\":\"MIND, Parte a Cascina Triulza la Social Innovation Academy\"}]},{\"@type\":\"WebSite\",\"@id\":\"https:\/\/www.pedagogia.it\/digituslab\/#website\",\"url\":\"https:\/\/www.pedagogia.it\/digituslab\/\",\"name\":\"Stripes Digitus Lab\",\"description\":\"Centro internazionale di ricerca e innovazione sulla robotica educativa e le tecnologie digitali\",\"publisher\":{\"@id\":\"https:\/\/www.pedagogia.it\/digituslab\/#organization\"},\"potentialAction\":[{\"@type\":\"SearchAction\",\"target\":{\"@type\":\"EntryPoint\",\"urlTemplate\":\"https:\/\/www.pedagogia.it\/digituslab\/?s={search_term_string}\"},\"query-input\":{\"@type\":\"PropertyValueSpecification\",\"valueRequired\":true,\"valueName\":\"search_term_string\"}}],\"inLanguage\":\"it-IT\"},{\"@type\":\"Organization\",\"@id\":\"https:\/\/www.pedagogia.it\/digituslab\/#organization\",\"name\":\"Stripe Digitus Lab\",\"url\":\"https:\/\/www.pedagogia.it\/digituslab\/\",\"logo\":{\"@type\":\"ImageObject\",\"inLanguage\":\"it-IT\",\"@id\":\"https:\/\/www.pedagogia.it\/digituslab\/#\/schema\/logo\/image\/\",\"url\":\"https:\/\/www.pedagogia.it\/digituslab\/wp-content\/uploads\/sites\/6\/2018\/03\/digituslab.png\",\"contentUrl\":\"https:\/\/www.pedagogia.it\/digituslab\/wp-content\/uploads\/sites\/6\/2018\/03\/digituslab.png\",\"width\":280,\"height\":80,\"caption\":\"Stripe Digitus Lab\"},\"image\":{\"@id\":\"https:\/\/www.pedagogia.it\/digituslab\/#\/schema\/logo\/image\/\"}},{\"@type\":\"Person\",\"@id\":\"https:\/\/www.pedagogia.it\/digituslab\/#\/schema\/person\/c1c971cdf1363de0d968fa5baccb4356\",\"name\":\"giuseppe.calabrese\",\"image\":{\"@type\":\"ImageObject\",\"inLanguage\":\"it-IT\",\"@id\":\"https:\/\/secure.gravatar.com\/avatar\/42d85ccfdd8b4711f988ac669c19341221c710a50e678899cac14d4178533811?s=96&d=mm&r=g\",\"url\":\"https:\/\/secure.gravatar.com\/avatar\/42d85ccfdd8b4711f988ac669c19341221c710a50e678899cac14d4178533811?s=96&d=mm&r=g\",\"contentUrl\":\"https:\/\/secure.gravatar.com\/avatar\/42d85ccfdd8b4711f988ac669c19341221c710a50e678899cac14d4178533811?s=96&d=mm&r=g\",\"caption\":\"giuseppe.calabrese\"},\"url\":\"https:\/\/www.pedagogia.it\/digituslab\/author\/giuseppecalabrese\/\"}]}<\/script>\n<!-- \/ Yoast SEO plugin. -->","yoast_head_json":{"title":"MIND, Parte a Cascina Triulza la Social Innovation Academy - Stripes Digitus Lab","robots":{"index":"index","follow":"follow","max-snippet":"max-snippet:-1","max-image-preview":"max-image-preview:large","max-video-preview":"max-video-preview:-1"},"canonical":"https:\/\/www.pedagogia.it\/digituslab\/2018\/10\/15\/1948\/","og_locale":"it_IT","og_type":"article","og_title":"MIND, Parte a Cascina Triulza la Social Innovation Academy - Stripes Digitus Lab","og_description":"[vc_row][vc_column][vc_column_text] Marted\u00ec, 9 Ottobre 2018 Clicca sul Link per leggere l&#8217;articolo completo: http:\/\/www.lombardia.confcooperative.it\/Dettaglio\/ArtMID\/523\/ArticleID\/2565\/MIND-EX-AREA-EXPO-PARTE-A-CASCINA-TRIULZA-LA-SOCIAL-INNOVATION-ACADEMY pdf\/pag-11 [\/vc_column_text][vc_separator sep_color=&#8221;color-vyce&#8221; type=&#8221;double&#8221; el_height=&#8221;20&#8243;][vc_custom_heading] MIND (EX [&hellip;]","og_url":"https:\/\/www.pedagogia.it\/digituslab\/2018\/10\/15\/1948\/","og_site_name":"Stripes Digitus Lab","article_published_time":"2018-10-15T13:43:35+00:00","article_modified_time":"2018-10-19T09:38:48+00:00","og_image":[{"width":1200,"height":800,"url":"https:\/\/www.pedagogia.it\/digituslab\/wp-content\/uploads\/sites\/6\/2018\/10\/bd278785-7a8b-4536-8e65-591a9ef2264d_large.jpg","type":"image\/jpeg"}],"author":"giuseppe.calabrese","twitter_card":"summary_large_image","twitter_misc":{"Scritto da":"giuseppe.calabrese","Tempo di lettura stimato":"5 minuti"},"schema":{"@context":"https:\/\/schema.org","@graph":[{"@type":"Article","@id":"https:\/\/www.pedagogia.it\/digituslab\/2018\/10\/15\/1948\/#article","isPartOf":{"@id":"https:\/\/www.pedagogia.it\/digituslab\/2018\/10\/15\/1948\/"},"author":{"name":"giuseppe.calabrese","@id":"https:\/\/www.pedagogia.it\/digituslab\/#\/schema\/person\/c1c971cdf1363de0d968fa5baccb4356"},"headline":"MIND, Parte a Cascina Triulza la Social Innovation Academy","datePublished":"2018-10-15T13:43:35+00:00","dateModified":"2018-10-19T09:38:48+00:00","mainEntityOfPage":{"@id":"https:\/\/www.pedagogia.it\/digituslab\/2018\/10\/15\/1948\/"},"wordCount":928,"commentCount":0,"publisher":{"@id":"https:\/\/www.pedagogia.it\/digituslab\/#organization"},"image":{"@id":"https:\/\/www.pedagogia.it\/digituslab\/2018\/10\/15\/1948\/#primaryimage"},"thumbnailUrl":"https:\/\/www.pedagogia.it\/digituslab\/wp-content\/uploads\/sites\/6\/2018\/10\/bd278785-7a8b-4536-8e65-591a9ef2264d_large.jpg","articleSection":["StripesDigitusLab","Rassegna Stampa"],"inLanguage":"it-IT","potentialAction":[{"@type":"CommentAction","name":"Comment","target":["https:\/\/www.pedagogia.it\/digituslab\/2018\/10\/15\/1948\/#respond"]}]},{"@type":"WebPage","@id":"https:\/\/www.pedagogia.it\/digituslab\/2018\/10\/15\/1948\/","url":"https:\/\/www.pedagogia.it\/digituslab\/2018\/10\/15\/1948\/","name":"MIND, Parte a Cascina Triulza la Social Innovation Academy - Stripes Digitus Lab","isPartOf":{"@id":"https:\/\/www.pedagogia.it\/digituslab\/#website"},"primaryImageOfPage":{"@id":"https:\/\/www.pedagogia.it\/digituslab\/2018\/10\/15\/1948\/#primaryimage"},"image":{"@id":"https:\/\/www.pedagogia.it\/digituslab\/2018\/10\/15\/1948\/#primaryimage"},"thumbnailUrl":"https:\/\/www.pedagogia.it\/digituslab\/wp-content\/uploads\/sites\/6\/2018\/10\/bd278785-7a8b-4536-8e65-591a9ef2264d_large.jpg","datePublished":"2018-10-15T13:43:35+00:00","dateModified":"2018-10-19T09:38:48+00:00","breadcrumb":{"@id":"https:\/\/www.pedagogia.it\/digituslab\/2018\/10\/15\/1948\/#breadcrumb"},"inLanguage":"it-IT","potentialAction":[{"@type":"ReadAction","target":["https:\/\/www.pedagogia.it\/digituslab\/2018\/10\/15\/1948\/"]}]},{"@type":"ImageObject","inLanguage":"it-IT","@id":"https:\/\/www.pedagogia.it\/digituslab\/2018\/10\/15\/1948\/#primaryimage","url":"https:\/\/www.pedagogia.it\/digituslab\/wp-content\/uploads\/sites\/6\/2018\/10\/bd278785-7a8b-4536-8e65-591a9ef2264d_large.jpg","contentUrl":"https:\/\/www.pedagogia.it\/digituslab\/wp-content\/uploads\/sites\/6\/2018\/10\/bd278785-7a8b-4536-8e65-591a9ef2264d_large.jpg","width":1200,"height":800},{"@type":"BreadcrumbList","@id":"https:\/\/www.pedagogia.it\/digituslab\/2018\/10\/15\/1948\/#breadcrumb","itemListElement":[{"@type":"ListItem","position":1,"name":"Home","item":"https:\/\/www.pedagogia.it\/digituslab\/"},{"@type":"ListItem","position":2,"name":"MIND, Parte a Cascina Triulza la Social Innovation Academy"}]},{"@type":"WebSite","@id":"https:\/\/www.pedagogia.it\/digituslab\/#website","url":"https:\/\/www.pedagogia.it\/digituslab\/","name":"Stripes Digitus Lab","description":"Centro internazionale di ricerca e innovazione sulla robotica educativa e le tecnologie digitali","publisher":{"@id":"https:\/\/www.pedagogia.it\/digituslab\/#organization"},"potentialAction":[{"@type":"SearchAction","target":{"@type":"EntryPoint","urlTemplate":"https:\/\/www.pedagogia.it\/digituslab\/?s={search_term_string}"},"query-input":{"@type":"PropertyValueSpecification","valueRequired":true,"valueName":"search_term_string"}}],"inLanguage":"it-IT"},{"@type":"Organization","@id":"https:\/\/www.pedagogia.it\/digituslab\/#organization","name":"Stripe Digitus Lab","url":"https:\/\/www.pedagogia.it\/digituslab\/","logo":{"@type":"ImageObject","inLanguage":"it-IT","@id":"https:\/\/www.pedagogia.it\/digituslab\/#\/schema\/logo\/image\/","url":"https:\/\/www.pedagogia.it\/digituslab\/wp-content\/uploads\/sites\/6\/2018\/03\/digituslab.png","contentUrl":"https:\/\/www.pedagogia.it\/digituslab\/wp-content\/uploads\/sites\/6\/2018\/03\/digituslab.png","width":280,"height":80,"caption":"Stripe Digitus Lab"},"image":{"@id":"https:\/\/www.pedagogia.it\/digituslab\/#\/schema\/logo\/image\/"}},{"@type":"Person","@id":"https:\/\/www.pedagogia.it\/digituslab\/#\/schema\/person\/c1c971cdf1363de0d968fa5baccb4356","name":"giuseppe.calabrese","image":{"@type":"ImageObject","inLanguage":"it-IT","@id":"https:\/\/secure.gravatar.com\/avatar\/42d85ccfdd8b4711f988ac669c19341221c710a50e678899cac14d4178533811?s=96&d=mm&r=g","url":"https:\/\/secure.gravatar.com\/avatar\/42d85ccfdd8b4711f988ac669c19341221c710a50e678899cac14d4178533811?s=96&d=mm&r=g","contentUrl":"https:\/\/secure.gravatar.com\/avatar\/42d85ccfdd8b4711f988ac669c19341221c710a50e678899cac14d4178533811?s=96&d=mm&r=g","caption":"giuseppe.calabrese"},"url":"https:\/\/www.pedagogia.it\/digituslab\/author\/giuseppecalabrese\/"}]}},"_links":{"self":[{"href":"https:\/\/www.pedagogia.it\/digituslab\/wp-json\/wp\/v2\/posts\/1948","targetHints":{"allow":["GET"]}}],"collection":[{"href":"https:\/\/www.pedagogia.it\/digituslab\/wp-json\/wp\/v2\/posts"}],"about":[{"href":"https:\/\/www.pedagogia.it\/digituslab\/wp-json\/wp\/v2\/types\/post"}],"author":[{"embeddable":true,"href":"https:\/\/www.pedagogia.it\/digituslab\/wp-json\/wp\/v2\/users\/164"}],"replies":[{"embeddable":true,"href":"https:\/\/www.pedagogia.it\/digituslab\/wp-json\/wp\/v2\/comments?post=1948"}],"version-history":[{"count":0,"href":"https:\/\/www.pedagogia.it\/digituslab\/wp-json\/wp\/v2\/posts\/1948\/revisions"}],"wp:featuredmedia":[{"embeddable":true,"href":"https:\/\/www.pedagogia.it\/digituslab\/wp-json\/wp\/v2\/media\/1934"}],"wp:attachment":[{"href":"https:\/\/www.pedagogia.it\/digituslab\/wp-json\/wp\/v2\/media?parent=1948"}],"wp:term":[{"taxonomy":"category","embeddable":true,"href":"https:\/\/www.pedagogia.it\/digituslab\/wp-json\/wp\/v2\/categories?post=1948"},{"taxonomy":"post_tag","embeddable":true,"href":"https:\/\/www.pedagogia.it\/digituslab\/wp-json\/wp\/v2\/tags?post=1948"}],"curies":[{"name":"wp","href":"https:\/\/api.w.org\/{rel}","templated":true}]}}