{"id":2037,"date":"2018-10-25T16:55:04","date_gmt":"2018-10-25T14:55:04","guid":{"rendered":"https:\/\/www.pedagogia.it\/digituslab\/?p=2037"},"modified":"2018-10-25T16:55:04","modified_gmt":"2018-10-25T14:55:04","slug":"mind-nasce-la-social-innovation-academy","status":"publish","type":"post","link":"https:\/\/www.pedagogia.it\/digituslab\/2018\/10\/25\/mind-nasce-la-social-innovation-academy\/","title":{"rendered":"Mind, nasce la Social Innovation Academy"},"content":{"rendered":"<div class=\"wpb-content-wrapper\"><p>[vc_row][vc_column width=&#8221;1\/1&#8243;][vc_column_text]<\/p>\n<div class=\"titlelabel\">MILANO<\/div>\n<div class=\"page-header\">AffariItaliani.it Marted\u00ec, 9 ottobre 2018 &#8211; 15:55:00<\/div>\n<div><a href=\"http:\/\/www.affaritaliani.it\/milano\/mind-nasce-la-social-innovation-academy-565041.html?refresh_ce\">http:\/\/www.affaritaliani.it\/milano\/mind-nasce-la-social-innovation-academy-565041.html?refresh_ce<\/a><\/div>\n<p>[\/vc_column_text][vc_custom_heading]<\/p>\n<h1><span style=\"color: #0000ff\">Mind, nasce la Social Innovation<\/span> Academy<\/h1>\n<p>[\/vc_custom_heading][vc_column_text]<\/p>\n<h2 class=\"h3\">Nasce in Mind la Social Innovation Academy, creata da Fondazione Triulza per sviluppare formazione e progettualit\u00e0 su innovazione sociale e sviluppo sostenibile.<\/h2>\n<p>(IMPRESE-LAVORO.COM) Milano &#8211; Nasce all\u2019interno di Mind la Social Innovation Academy promossa da Fondazione Triulza per sperimentare e sviluppare nuove proposte formative e progettuali in tutti gli ambiti dell\u2019innovazione sociale e dello sviluppo sostenibile all\u2019interno nel sito e per stimolare la contaminazione tra i saperi e gli attori del territorio. La Social Innovation Academy \u00e8 di fatto uno spazio di co-progettazione e di collaborazione aperto a tutti: le organizzazioni del Terzo Settore e dell\u2019Economia Civile, gli Enti Filantropici, le Universit\u00e0 e i Centri di Ricerca, le Istituzioni Pubbliche, la Finanza e le Aziende interessate a promuovere l\u2019innovazione e l\u2019impatto sociale. Sono Partner della Social Innovation Academy: Fondazione Enaip Lombardia, UBI Banca, Stripes Cooperativa Sociale Onlus, Irecoop e Cesvip, agenzie formative di Confcooperative e Legacoop Lombardia, e Fondazione Cariplo attraverso il progetto BEEurope.[\/vc_column_text][vc_column_text]Una partnership multisettoriale in grado di concretizzare fin da subito un ricco programma d\u2019attivit\u00e0 con obiettivi e target condivisi. La Social Innovation Academy del sito Mind ospita un centro di ricerca internazionale sulla robotica educativa, un polo permanente per la divulgazione finanziaria, un centro di formazione sullo sviluppo dei talenti e un hub per l\u2019innovazione e la gestione dell\u2019impatto nell\u2019impresa sociale. La nuova struttura, ristrutturata da Arexpo SpA, nasce negli spazi dell\u2019ex stalla \/ mercato di Cascina Triulza, che oggi con la presenza di Lendlease, futuro sviluppatore dell&#8217;area, \u00e8 diventata il centro strategico e direttivo del progetto di sviluppo di Mind. \u201cCon la Social Innovation Academy inauguriamo una nuova funzione nel sito Mind con cui Fondazione Triulza e i sui partner vogliono dare un contributo concreto, in termini di sostenibilit\u00e0 e impatto sociale, alle citt\u00e0 del futuro. Abbiamo l&#8217;opportunit\u00e0 di sperimentare in quest&#8217;area proposte formative e progettuali nuove coinvolgendo una ampia variet\u00e0 di attori, rappresentanti da ambiti molto diversi, che vogliono tradurre l&#8217;innovazione sociale in progetti e azioni concrete. Obiettivo strategico condiviso da Fondazione Triulza e dai partner dell&#8217;Academy \u00e8 il coinvolgimento dei giovani e dei territori che confinano con quest&#8217;area a cui saranno rivolte alcune delle prime iniziative gi\u00e0 in programma&#8221;, sottolinea Massimo Minelli, Presidente di Fondazione Triulza.[\/vc_column_text][\/vc_column][\/vc_row][vc_row][vc_column width=&#8221;1\/1&#8243;][vc_single_image media=&#8221;2039&#8243; media_width_percent=&#8221;100&#8243;][vc_custom_heading]<span style=\"color: #333399\"><em><strong><span style=\"font-size: 18pt\">\u201cMind significa ricerca, innovazione, universit\u00e0, attenzione al territorio e all\u2019innovazione sociale.\u00a0<\/span><\/strong><\/em><\/span>[\/vc_custom_heading][vc_column_text]Un impegno che stiamo portando avanti concretamente con tutti i partner del progetto e l\u2019inaugurazione della Social Academy \u00e8 uno dei punti qualificanti di questo percorso che proseguir\u00e0 nel tempo e contribuir\u00e0 a sviluppare l&#8217;ecosistema dell\u2019Innovazione che stiamo realizzando\u201d, dichiara Giuseppe Bonomi, Amministratore Delegato Arexpo SpA. \u201cL\u2019innovazione sociale \u00e8 uno dei pilastri del progetto Mind. Come Lendlease siamo felici che all\u2019interno del progetto ci sia la volont\u00e0 di tutti i partner di collaborare insieme ai fini di ottenere vera innovazione. Questo sar\u00e0 un distretto dell\u2019innovazione: innovazione scientifica, innovazione tecnologica, innovazione del sapere, e soprattutto innovazione sociale, un vero e proprio laboratorio di idee. La tecnologia sta avendo un impatto enorme sulle nostre vite e al contempo sulle nostre citt\u00e0. MIND \u00e8 un luogo che si svilupper\u00e0 intorno ai bisogno e alle aspirazioni delle comunit\u00e0 che vi abitano e quelle che vi transitano. L\u2019importanza di avere una Social Innovation Academy in questo luogo ha un altissimo valore aggiunto e siamo orgogliosi di essere partner di Fondazione Triulza in questo progetto\u201d Nadia Boschi, Responsabile Sostenibilit\u00e0 Continental Europe, Lendlease.[\/vc_column_text][vc_column_text]Fondazione Triulza inaugura oggi questo nuova funzione nel sito Mind dopo due anni di sperimentazione e di lavoro nell\u2019area che ha ospitato Expo2015 in cui si \u00e8 focalizzata su quattro linee strategiche: la promozione della collaborazione tra il mondo della Ricerca e della Societ\u00e0 Civile attraverso il progetto Human Factory, la creazione di strumenti per l\u2019internazionalizzazione del Terzo Settore con l&#8217;insieme di iniziative BEEurope, l\u2019avvio dei primi tavoli di lavoro sull\u2019impatto sociale e ambientale del progetto di sviluppo dell\u2019area Mind e di percorsi partecipativi con gli enti locali e le scuole del territorio. Fondazione Triulza insieme ai partner dell\u2019Academy condividono il desiderio di esplorare e approfondire questi e nuovi ambiti tematici, tenendo come framework di riferimento i 17 Obiettivi di Sviluppo Sostenibile delle Nazioni Unite.[\/vc_column_text][vc_column_text]Cresce in tutti gli ambiti l\u2019interesse per l\u2019innovazione sociale. Secondo un\u2019indagine condotta dallo Osservatorio Mimesi presentata durante l\u2019inaugurazione dell\u2019Academy, tra il 2017 e il 2018 si \u00e8 verificata una crescita dell\u2019attenzione mediatica sul tema del 17,37%. Emerge che gli eventi dedicati sono sempre pi\u00f9 numerosi e contribuiscono in maniera significativa a far parlare del tema sui media (24% degli articoli). Considerando i principali argomenti correlati, i progetti di innovazione sociale che riguardano le nuove tecnologie raggiungono il 21% dell&#8217;attenzione mediatica, la formazione e la sostenibilit\u00e0 ottengono un 8% delle rilevazioni, seguite dalla componente startup con un 7%. Del mondo del lavoro, della finanza responsabile e dei progetti sociali parlano il 4% degli articoli analizzati, dell&#8217;attivit\u00e0 delle fondazioni il 3%, dei finanziamenti, di design e di smart cities il 2%. L&#8217;approccio multisettoriale all&#8217;innovazione sociale \u00e8 uno degli elementi caratterizzanti del programma d\u2019iniziative della Social Innovation Academy per coinvolgere un pubblico ampio e diversificato: dalle cooperative e imprese sociali alle startup innovative; dai nativi digitali agli aspiranti imprenditori e cooperatori; dai bambini ai ragazzi delle superiori; dai genitori agli insegnanti; dalle scuole e i professionisti ai territori.[\/vc_column_text][vc_column_text]Stripes Digitus Lab \u00e8 il nuovo Centro internazionale di ricerca sulla robotica educativa e le tecnologie digitali creato da Stripes Cooperativa Sociale Onlus con sede operativa nell\u2019Academy di Fondazione Triulza nel sito Mind. \u00c8 un luogo dove tecnologia e pedagogia entrano in connessione per dare vita a percorsi laboratoriali per bambini, scuole e famiglie e progetti di ricerca, in collaborazione con Universit\u00e0 italiane ed estere e professionisti in ambito digitale e psicopedagogico. Promuove la robotica educativa e le tecnologie digitali come strumenti di apprendimento, creativit\u00e0, collaborazione e inclusione.[\/vc_column_text][vc_column_text]Prossime iniziative: 13 ottobre, <span style=\"color: #3366ff\">Open Day Stripes Digitus Lab<\/span> per bambini (8-14 anni), famiglie e insegnanti. 20 ottobre, laboratori in occasione della Europe Code Week. 1 novembre, Worldwide R2T2 2018 \u2013 Missione spaziale con Thymio tra 16 team di ragazzi di tutto il mondo. Ottobre \u2013novembre, ricerca nelle scuole milanesi sviluppata da ISTC-CNR. Tutto l\u2019anno, corsi settimanali di coding e robotica educativa.[\/vc_column_text][vc_column_text]UBI Banca, attraverso l\u2019Area UBI Comunit\u00e0 espressamente dedicata al rafforzamento del legame con il territorio e con tutti i soggetti che ne compongono l\u2019ecosistema socio-economico, interagisce con le Istituzioni al fine di promuovere partnership tra soggetti pubblici, soggetti del profit e del no-profit, per generare valore e sviluppo economico condiviso e sostenibile. L\u2019adesione alla social Innovation Academy si inserisce in tale percorso, con particolare attenzione allo sviluppo di iniziative nell\u2019ambito dell\u2019economia sociale e dell\u2019educazione finanziaria. Prossime iniziative: 29 novembre, avvio della progettualit\u00e0 di UBI Banca nell\u2019Academy con la conferenza spettacolo &#8220;Fate il Nostro Gioco&#8221;, per promuovere tra gli studenti delle scuole secondarie milanesi la cultura finanziaria, il valore del risparmio e gli elementi di cittadinanza economica.[\/vc_column_text][vc_column_text]Fondazione Enaip Lombardia avvia lo sviluppo nell\u2019Academy di un Centro permanente di sensibilizzazione, di formazione e di supporto per lo sviluppo del talento, delle emozioni e del potenziale dei bambini e ragazzi plusdotati in collaborazione con Fondazione Eris, Step-net Onlus (associazione nazionale di riferimento per la plusdotazione) e CTS Gifted aps. Oltre alle attivit\u00e0 specifiche rivolte agli studenti ad alto potenziale cognitivo (conosciuti anche come \u201dgifted and talented\u201d) il centro, in un\u2019ottica di alleanza scuola-famiglia, proporr\u00e0 gi\u00e0 dal 2019 un ricco programma di iniziative per genitori, insegnanti, operatori e esperti della salute tra cui un convegno divulgativo sulla tematica della plusdotazione, un evento formativo per insegnati e dirigenti scolastici, un workshop Peer to Peer per genitori e una Summer School per studenti gifted.[\/vc_column_text][vc_column_text]Cesvip e Irecoop, gli enti di formazione di Legacoop Lombardia e Confcooperative Lombardia, le due principali associazioni di rappresentanza del movimento cooperativo lombardo, aderiscono alla Social Innovation Academy per la promozione dell&#8217;innovazione, della competitivit\u00e0 e dell&#8217;impatto sociale tra le cooperative e le imprese sociali e le nuove generazioni. Dal 2019 avvieranno percorsi di educazione cooperativa rivolti alle scuole e studenti, laboratori creativi sull&#8217;impresa sociale, percorsi formativi su innovazione rivolti ai profili manageriali. Fondazione Triulza in partnership con Fondazione Cariplo, nell\u2019ambito del progetto BEEurope, promuove l&#8217;internazionalizzazione delle realt\u00e0 del Terzo Settore e dell&#8217;Economia Civile attraverso la partecipazione a reti e progetti europei e l&#8217;acceso a finanziamenti internazionali.[\/vc_column_text][vc_column_text]<em>La Social Innovation Academy ospita il Master BEEurope che forma specialisti in europrogettazione e ricerca di finanziamenti per il Terzo Settore. Previsti altri momenti formativi e divulgativi dedicati alla costruzione di reti e progetti europei e alle opportunit\u00e0 di finanziamento internazionali. Nell\u2019ambito del progetto \u00e8 stato gi\u00e0 attivato un servizio di accompagnamento per le organizzazioni che non hanno all&#8217;interno competenze in materia e la piattaforma GEOfundos Italia che segnala le opportunit\u00e0 di finanziamenti internazionali per il sociale.<\/em>[\/vc_column_text][\/vc_column][\/vc_row][vc_row][vc_column width=&#8221;1\/1&#8243;][\/vc_column][\/vc_row]<\/p>\n<\/div>","protected":false},"excerpt":{"rendered":"<p>[vc_row][vc_column width=&#8221;1\/1&#8243;][vc_column_text] MILANO AffariItaliani.it Marted\u00ec, 9 ottobre 2018 &#8211; 15:55:00 http:\/\/www.affaritaliani.it\/milano\/mind-nasce-la-social-innovation-academy-565041.html?refresh_ce [\/vc_column_text][vc_custom_heading] Mind, nasce la Social Innovation Academy [\/vc_custom_heading][vc_column_text] Nasce [&hellip;]<\/p>\n","protected":false},"author":164,"featured_media":2039,"comment_status":"open","ping_status":"open","sticky":false,"template":"","format":"standard","meta":{"footnotes":""},"categories":[1,18],"tags":[],"class_list":["post-2037","post","type-post","status-publish","format-standard","has-post-thumbnail","hentry","category-stripesdigituslab","category-rassegna-stampa"],"yoast_head":"<!-- This site is optimized with the Yoast SEO plugin v27.2 - https:\/\/yoast.com\/product\/yoast-seo-wordpress\/ -->\n<title>Mind, nasce la Social Innovation Academy - Stripes Digitus Lab<\/title>\n<meta name=\"robots\" content=\"index, follow, max-snippet:-1, max-image-preview:large, max-video-preview:-1\" \/>\n<link rel=\"canonical\" href=\"https:\/\/www.pedagogia.it\/digituslab\/2018\/10\/25\/mind-nasce-la-social-innovation-academy\/\" \/>\n<meta property=\"og:locale\" content=\"it_IT\" \/>\n<meta property=\"og:type\" content=\"article\" \/>\n<meta property=\"og:title\" content=\"Mind, nasce la Social Innovation Academy - Stripes Digitus Lab\" \/>\n<meta property=\"og:description\" content=\"[vc_row][vc_column width=&#8221;1\/1&#8243;][vc_column_text] MILANO AffariItaliani.it Marted\u00ec, 9 ottobre 2018 &#8211; 15:55:00 http:\/\/www.affaritaliani.it\/milano\/mind-nasce-la-social-innovation-academy-565041.html?refresh_ce [\/vc_column_text][vc_custom_heading] Mind, nasce la Social Innovation Academy [\/vc_custom_heading][vc_column_text] Nasce [&hellip;]\" \/>\n<meta property=\"og:url\" content=\"https:\/\/www.pedagogia.it\/digituslab\/2018\/10\/25\/mind-nasce-la-social-innovation-academy\/\" \/>\n<meta property=\"og:site_name\" content=\"Stripes Digitus Lab\" \/>\n<meta property=\"article:published_time\" content=\"2018-10-25T14:55:04+00:00\" \/>\n<meta property=\"og:image\" content=\"https:\/\/www.pedagogia.it\/digituslab\/wp-content\/uploads\/sites\/6\/2018\/10\/img_435510.jpg\" \/>\n\t<meta property=\"og:image:width\" content=\"428\" \/>\n\t<meta property=\"og:image:height\" content=\"308\" \/>\n\t<meta property=\"og:image:type\" content=\"image\/jpeg\" \/>\n<meta name=\"author\" content=\"giuseppe.calabrese\" \/>\n<meta name=\"twitter:card\" content=\"summary_large_image\" \/>\n<meta name=\"twitter:label1\" content=\"Scritto da\" \/>\n\t<meta name=\"twitter:data1\" content=\"giuseppe.calabrese\" \/>\n\t<meta name=\"twitter:label2\" content=\"Tempo di lettura stimato\" \/>\n\t<meta name=\"twitter:data2\" content=\"8 minuti\" \/>\n<script type=\"application\/ld+json\" class=\"yoast-schema-graph\">{\"@context\":\"https:\/\/schema.org\",\"@graph\":[{\"@type\":\"Article\",\"@id\":\"https:\/\/www.pedagogia.it\/digituslab\/2018\/10\/25\/mind-nasce-la-social-innovation-academy\/#article\",\"isPartOf\":{\"@id\":\"https:\/\/www.pedagogia.it\/digituslab\/2018\/10\/25\/mind-nasce-la-social-innovation-academy\/\"},\"author\":{\"name\":\"giuseppe.calabrese\",\"@id\":\"https:\/\/www.pedagogia.it\/digituslab\/#\/schema\/person\/c1c971cdf1363de0d968fa5baccb4356\"},\"headline\":\"Mind, nasce la Social Innovation Academy\",\"datePublished\":\"2018-10-25T14:55:04+00:00\",\"mainEntityOfPage\":{\"@id\":\"https:\/\/www.pedagogia.it\/digituslab\/2018\/10\/25\/mind-nasce-la-social-innovation-academy\/\"},\"wordCount\":1609,\"commentCount\":0,\"publisher\":{\"@id\":\"https:\/\/www.pedagogia.it\/digituslab\/#organization\"},\"image\":{\"@id\":\"https:\/\/www.pedagogia.it\/digituslab\/2018\/10\/25\/mind-nasce-la-social-innovation-academy\/#primaryimage\"},\"thumbnailUrl\":\"https:\/\/www.pedagogia.it\/digituslab\/wp-content\/uploads\/sites\/6\/2018\/10\/img_435510.jpg\",\"articleSection\":[\"StripesDigitusLab\",\"Rassegna Stampa\"],\"inLanguage\":\"it-IT\",\"potentialAction\":[{\"@type\":\"CommentAction\",\"name\":\"Comment\",\"target\":[\"https:\/\/www.pedagogia.it\/digituslab\/2018\/10\/25\/mind-nasce-la-social-innovation-academy\/#respond\"]}]},{\"@type\":\"WebPage\",\"@id\":\"https:\/\/www.pedagogia.it\/digituslab\/2018\/10\/25\/mind-nasce-la-social-innovation-academy\/\",\"url\":\"https:\/\/www.pedagogia.it\/digituslab\/2018\/10\/25\/mind-nasce-la-social-innovation-academy\/\",\"name\":\"Mind, nasce la Social Innovation Academy - Stripes Digitus Lab\",\"isPartOf\":{\"@id\":\"https:\/\/www.pedagogia.it\/digituslab\/#website\"},\"primaryImageOfPage\":{\"@id\":\"https:\/\/www.pedagogia.it\/digituslab\/2018\/10\/25\/mind-nasce-la-social-innovation-academy\/#primaryimage\"},\"image\":{\"@id\":\"https:\/\/www.pedagogia.it\/digituslab\/2018\/10\/25\/mind-nasce-la-social-innovation-academy\/#primaryimage\"},\"thumbnailUrl\":\"https:\/\/www.pedagogia.it\/digituslab\/wp-content\/uploads\/sites\/6\/2018\/10\/img_435510.jpg\",\"datePublished\":\"2018-10-25T14:55:04+00:00\",\"breadcrumb\":{\"@id\":\"https:\/\/www.pedagogia.it\/digituslab\/2018\/10\/25\/mind-nasce-la-social-innovation-academy\/#breadcrumb\"},\"inLanguage\":\"it-IT\",\"potentialAction\":[{\"@type\":\"ReadAction\",\"target\":[\"https:\/\/www.pedagogia.it\/digituslab\/2018\/10\/25\/mind-nasce-la-social-innovation-academy\/\"]}]},{\"@type\":\"ImageObject\",\"inLanguage\":\"it-IT\",\"@id\":\"https:\/\/www.pedagogia.it\/digituslab\/2018\/10\/25\/mind-nasce-la-social-innovation-academy\/#primaryimage\",\"url\":\"https:\/\/www.pedagogia.it\/digituslab\/wp-content\/uploads\/sites\/6\/2018\/10\/img_435510.jpg\",\"contentUrl\":\"https:\/\/www.pedagogia.it\/digituslab\/wp-content\/uploads\/sites\/6\/2018\/10\/img_435510.jpg\",\"width\":428,\"height\":308},{\"@type\":\"BreadcrumbList\",\"@id\":\"https:\/\/www.pedagogia.it\/digituslab\/2018\/10\/25\/mind-nasce-la-social-innovation-academy\/#breadcrumb\",\"itemListElement\":[{\"@type\":\"ListItem\",\"position\":1,\"name\":\"Home\",\"item\":\"https:\/\/www.pedagogia.it\/digituslab\/\"},{\"@type\":\"ListItem\",\"position\":2,\"name\":\"Mind, nasce la Social Innovation Academy\"}]},{\"@type\":\"WebSite\",\"@id\":\"https:\/\/www.pedagogia.it\/digituslab\/#website\",\"url\":\"https:\/\/www.pedagogia.it\/digituslab\/\",\"name\":\"Stripes Digitus Lab\",\"description\":\"Centro internazionale di ricerca e innovazione sulla robotica educativa e le tecnologie digitali\",\"publisher\":{\"@id\":\"https:\/\/www.pedagogia.it\/digituslab\/#organization\"},\"potentialAction\":[{\"@type\":\"SearchAction\",\"target\":{\"@type\":\"EntryPoint\",\"urlTemplate\":\"https:\/\/www.pedagogia.it\/digituslab\/?s={search_term_string}\"},\"query-input\":{\"@type\":\"PropertyValueSpecification\",\"valueRequired\":true,\"valueName\":\"search_term_string\"}}],\"inLanguage\":\"it-IT\"},{\"@type\":\"Organization\",\"@id\":\"https:\/\/www.pedagogia.it\/digituslab\/#organization\",\"name\":\"Stripe Digitus Lab\",\"url\":\"https:\/\/www.pedagogia.it\/digituslab\/\",\"logo\":{\"@type\":\"ImageObject\",\"inLanguage\":\"it-IT\",\"@id\":\"https:\/\/www.pedagogia.it\/digituslab\/#\/schema\/logo\/image\/\",\"url\":\"https:\/\/www.pedagogia.it\/digituslab\/wp-content\/uploads\/sites\/6\/2018\/03\/digituslab.png\",\"contentUrl\":\"https:\/\/www.pedagogia.it\/digituslab\/wp-content\/uploads\/sites\/6\/2018\/03\/digituslab.png\",\"width\":280,\"height\":80,\"caption\":\"Stripe Digitus Lab\"},\"image\":{\"@id\":\"https:\/\/www.pedagogia.it\/digituslab\/#\/schema\/logo\/image\/\"}},{\"@type\":\"Person\",\"@id\":\"https:\/\/www.pedagogia.it\/digituslab\/#\/schema\/person\/c1c971cdf1363de0d968fa5baccb4356\",\"name\":\"giuseppe.calabrese\",\"image\":{\"@type\":\"ImageObject\",\"inLanguage\":\"it-IT\",\"@id\":\"https:\/\/secure.gravatar.com\/avatar\/42d85ccfdd8b4711f988ac669c19341221c710a50e678899cac14d4178533811?s=96&d=mm&r=g\",\"url\":\"https:\/\/secure.gravatar.com\/avatar\/42d85ccfdd8b4711f988ac669c19341221c710a50e678899cac14d4178533811?s=96&d=mm&r=g\",\"contentUrl\":\"https:\/\/secure.gravatar.com\/avatar\/42d85ccfdd8b4711f988ac669c19341221c710a50e678899cac14d4178533811?s=96&d=mm&r=g\",\"caption\":\"giuseppe.calabrese\"},\"url\":\"https:\/\/www.pedagogia.it\/digituslab\/author\/giuseppecalabrese\/\"}]}<\/script>\n<!-- \/ Yoast SEO plugin. -->","yoast_head_json":{"title":"Mind, nasce la Social Innovation Academy - Stripes Digitus Lab","robots":{"index":"index","follow":"follow","max-snippet":"max-snippet:-1","max-image-preview":"max-image-preview:large","max-video-preview":"max-video-preview:-1"},"canonical":"https:\/\/www.pedagogia.it\/digituslab\/2018\/10\/25\/mind-nasce-la-social-innovation-academy\/","og_locale":"it_IT","og_type":"article","og_title":"Mind, nasce la Social Innovation Academy - Stripes Digitus Lab","og_description":"[vc_row][vc_column width=&#8221;1\/1&#8243;][vc_column_text] MILANO AffariItaliani.it Marted\u00ec, 9 ottobre 2018 &#8211; 15:55:00 http:\/\/www.affaritaliani.it\/milano\/mind-nasce-la-social-innovation-academy-565041.html?refresh_ce [\/vc_column_text][vc_custom_heading] Mind, nasce la Social Innovation Academy [\/vc_custom_heading][vc_column_text] Nasce [&hellip;]","og_url":"https:\/\/www.pedagogia.it\/digituslab\/2018\/10\/25\/mind-nasce-la-social-innovation-academy\/","og_site_name":"Stripes Digitus Lab","article_published_time":"2018-10-25T14:55:04+00:00","og_image":[{"width":428,"height":308,"url":"https:\/\/www.pedagogia.it\/digituslab\/wp-content\/uploads\/sites\/6\/2018\/10\/img_435510.jpg","type":"image\/jpeg"}],"author":"giuseppe.calabrese","twitter_card":"summary_large_image","twitter_misc":{"Scritto da":"giuseppe.calabrese","Tempo di lettura stimato":"8 minuti"},"schema":{"@context":"https:\/\/schema.org","@graph":[{"@type":"Article","@id":"https:\/\/www.pedagogia.it\/digituslab\/2018\/10\/25\/mind-nasce-la-social-innovation-academy\/#article","isPartOf":{"@id":"https:\/\/www.pedagogia.it\/digituslab\/2018\/10\/25\/mind-nasce-la-social-innovation-academy\/"},"author":{"name":"giuseppe.calabrese","@id":"https:\/\/www.pedagogia.it\/digituslab\/#\/schema\/person\/c1c971cdf1363de0d968fa5baccb4356"},"headline":"Mind, nasce la Social Innovation Academy","datePublished":"2018-10-25T14:55:04+00:00","mainEntityOfPage":{"@id":"https:\/\/www.pedagogia.it\/digituslab\/2018\/10\/25\/mind-nasce-la-social-innovation-academy\/"},"wordCount":1609,"commentCount":0,"publisher":{"@id":"https:\/\/www.pedagogia.it\/digituslab\/#organization"},"image":{"@id":"https:\/\/www.pedagogia.it\/digituslab\/2018\/10\/25\/mind-nasce-la-social-innovation-academy\/#primaryimage"},"thumbnailUrl":"https:\/\/www.pedagogia.it\/digituslab\/wp-content\/uploads\/sites\/6\/2018\/10\/img_435510.jpg","articleSection":["StripesDigitusLab","Rassegna Stampa"],"inLanguage":"it-IT","potentialAction":[{"@type":"CommentAction","name":"Comment","target":["https:\/\/www.pedagogia.it\/digituslab\/2018\/10\/25\/mind-nasce-la-social-innovation-academy\/#respond"]}]},{"@type":"WebPage","@id":"https:\/\/www.pedagogia.it\/digituslab\/2018\/10\/25\/mind-nasce-la-social-innovation-academy\/","url":"https:\/\/www.pedagogia.it\/digituslab\/2018\/10\/25\/mind-nasce-la-social-innovation-academy\/","name":"Mind, nasce la Social Innovation Academy - Stripes Digitus Lab","isPartOf":{"@id":"https:\/\/www.pedagogia.it\/digituslab\/#website"},"primaryImageOfPage":{"@id":"https:\/\/www.pedagogia.it\/digituslab\/2018\/10\/25\/mind-nasce-la-social-innovation-academy\/#primaryimage"},"image":{"@id":"https:\/\/www.pedagogia.it\/digituslab\/2018\/10\/25\/mind-nasce-la-social-innovation-academy\/#primaryimage"},"thumbnailUrl":"https:\/\/www.pedagogia.it\/digituslab\/wp-content\/uploads\/sites\/6\/2018\/10\/img_435510.jpg","datePublished":"2018-10-25T14:55:04+00:00","breadcrumb":{"@id":"https:\/\/www.pedagogia.it\/digituslab\/2018\/10\/25\/mind-nasce-la-social-innovation-academy\/#breadcrumb"},"inLanguage":"it-IT","potentialAction":[{"@type":"ReadAction","target":["https:\/\/www.pedagogia.it\/digituslab\/2018\/10\/25\/mind-nasce-la-social-innovation-academy\/"]}]},{"@type":"ImageObject","inLanguage":"it-IT","@id":"https:\/\/www.pedagogia.it\/digituslab\/2018\/10\/25\/mind-nasce-la-social-innovation-academy\/#primaryimage","url":"https:\/\/www.pedagogia.it\/digituslab\/wp-content\/uploads\/sites\/6\/2018\/10\/img_435510.jpg","contentUrl":"https:\/\/www.pedagogia.it\/digituslab\/wp-content\/uploads\/sites\/6\/2018\/10\/img_435510.jpg","width":428,"height":308},{"@type":"BreadcrumbList","@id":"https:\/\/www.pedagogia.it\/digituslab\/2018\/10\/25\/mind-nasce-la-social-innovation-academy\/#breadcrumb","itemListElement":[{"@type":"ListItem","position":1,"name":"Home","item":"https:\/\/www.pedagogia.it\/digituslab\/"},{"@type":"ListItem","position":2,"name":"Mind, nasce la Social Innovation Academy"}]},{"@type":"WebSite","@id":"https:\/\/www.pedagogia.it\/digituslab\/#website","url":"https:\/\/www.pedagogia.it\/digituslab\/","name":"Stripes Digitus Lab","description":"Centro internazionale di ricerca e innovazione sulla robotica educativa e le tecnologie digitali","publisher":{"@id":"https:\/\/www.pedagogia.it\/digituslab\/#organization"},"potentialAction":[{"@type":"SearchAction","target":{"@type":"EntryPoint","urlTemplate":"https:\/\/www.pedagogia.it\/digituslab\/?s={search_term_string}"},"query-input":{"@type":"PropertyValueSpecification","valueRequired":true,"valueName":"search_term_string"}}],"inLanguage":"it-IT"},{"@type":"Organization","@id":"https:\/\/www.pedagogia.it\/digituslab\/#organization","name":"Stripe Digitus Lab","url":"https:\/\/www.pedagogia.it\/digituslab\/","logo":{"@type":"ImageObject","inLanguage":"it-IT","@id":"https:\/\/www.pedagogia.it\/digituslab\/#\/schema\/logo\/image\/","url":"https:\/\/www.pedagogia.it\/digituslab\/wp-content\/uploads\/sites\/6\/2018\/03\/digituslab.png","contentUrl":"https:\/\/www.pedagogia.it\/digituslab\/wp-content\/uploads\/sites\/6\/2018\/03\/digituslab.png","width":280,"height":80,"caption":"Stripe Digitus Lab"},"image":{"@id":"https:\/\/www.pedagogia.it\/digituslab\/#\/schema\/logo\/image\/"}},{"@type":"Person","@id":"https:\/\/www.pedagogia.it\/digituslab\/#\/schema\/person\/c1c971cdf1363de0d968fa5baccb4356","name":"giuseppe.calabrese","image":{"@type":"ImageObject","inLanguage":"it-IT","@id":"https:\/\/secure.gravatar.com\/avatar\/42d85ccfdd8b4711f988ac669c19341221c710a50e678899cac14d4178533811?s=96&d=mm&r=g","url":"https:\/\/secure.gravatar.com\/avatar\/42d85ccfdd8b4711f988ac669c19341221c710a50e678899cac14d4178533811?s=96&d=mm&r=g","contentUrl":"https:\/\/secure.gravatar.com\/avatar\/42d85ccfdd8b4711f988ac669c19341221c710a50e678899cac14d4178533811?s=96&d=mm&r=g","caption":"giuseppe.calabrese"},"url":"https:\/\/www.pedagogia.it\/digituslab\/author\/giuseppecalabrese\/"}]}},"_links":{"self":[{"href":"https:\/\/www.pedagogia.it\/digituslab\/wp-json\/wp\/v2\/posts\/2037","targetHints":{"allow":["GET"]}}],"collection":[{"href":"https:\/\/www.pedagogia.it\/digituslab\/wp-json\/wp\/v2\/posts"}],"about":[{"href":"https:\/\/www.pedagogia.it\/digituslab\/wp-json\/wp\/v2\/types\/post"}],"author":[{"embeddable":true,"href":"https:\/\/www.pedagogia.it\/digituslab\/wp-json\/wp\/v2\/users\/164"}],"replies":[{"embeddable":true,"href":"https:\/\/www.pedagogia.it\/digituslab\/wp-json\/wp\/v2\/comments?post=2037"}],"version-history":[{"count":0,"href":"https:\/\/www.pedagogia.it\/digituslab\/wp-json\/wp\/v2\/posts\/2037\/revisions"}],"wp:featuredmedia":[{"embeddable":true,"href":"https:\/\/www.pedagogia.it\/digituslab\/wp-json\/wp\/v2\/media\/2039"}],"wp:attachment":[{"href":"https:\/\/www.pedagogia.it\/digituslab\/wp-json\/wp\/v2\/media?parent=2037"}],"wp:term":[{"taxonomy":"category","embeddable":true,"href":"https:\/\/www.pedagogia.it\/digituslab\/wp-json\/wp\/v2\/categories?post=2037"},{"taxonomy":"post_tag","embeddable":true,"href":"https:\/\/www.pedagogia.it\/digituslab\/wp-json\/wp\/v2\/tags?post=2037"}],"curies":[{"name":"wp","href":"https:\/\/api.w.org\/{rel}","templated":true}]}}