{"id":479,"date":"2018-04-18T09:35:03","date_gmt":"2018-04-18T07:35:03","guid":{"rendered":"http:\/\/www.pedagogia.it\/digituslab\/?p=479"},"modified":"2018-06-12T13:59:16","modified_gmt":"2018-06-12T11:59:16","slug":"universita-degli-studi-milano-bicocca","status":"publish","type":"post","link":"https:\/\/www.pedagogia.it\/digituslab\/2018\/04\/18\/universita-degli-studi-milano-bicocca\/","title":{"rendered":"Universit\u00e0 degli Studi di Milano Bicocca"},"content":{"rendered":"<p>La partnership con Universit\u00e0 degli studi di Milano Bicocca prevede,\u00a0nell\u2019ambito di un accordo quadro quinquennale, un progetto di ricerca per i prossimi tre anni che si basa sull\u2019assunzione secondo cui la struttura delle attivit\u00e0 di robotica educativa che insegnanti ed educatori propongono agli studenti, nonch\u00e9 le modalit\u00e0 di conduzione che essi adottano durante i laboratori stessi, dipendono in modo sostanziale dal significato che insegnanti ed educatori danno a certi concetti chiave della programmazione robotica, inclusi quelli di \u201crobot\u201d e \u201cprogramma\u201d. L\u2019analisi di tali significati pu\u00f2 dunque contribuire alla comprensione delle strategie che, consapevolmente o inconsapevolmente, insegnanti ed educatori seguono nel loro lavoro di progettazione e conduzione. L\u2019analisi di queste strategie \u00e8 naturalmente essenziale per interrogarsi a proposito della loro giustificazione, ovvero per chiedersi quanto esse siano effettivamente funzionali rispetto agli obiettivi didattici preposti. Comprendere le assunzioni e le teorie implicite di sfondo a proposito di alcuni concetti chiave della robotica, tra cui quelli di \u201crobot\u201d e \u201cprogramma\u201d che guidano insegnanti ed educatrici\/educatori nella progettazione, conduzione e valutazione di laboratori di robotica educativa. Comprendere la relazione tra tali assunzioni e teorie implicite di sfondo e le scelte di progettazione e conduzione delle\/degli insegnanti ed educatori\/educatrici coinvolte\/i.<\/p>\n","protected":false},"excerpt":{"rendered":"<p>La partnership con Universit\u00e0 degli studi di Milano Bicocca prevede,\u00a0nell\u2019ambito di un accordo quadro quinquennale, un progetto di ricerca per [&hellip;]<\/p>\n","protected":false},"author":70,"featured_media":484,"comment_status":"open","ping_status":"open","sticky":false,"template":"","format":"standard","meta":{"footnotes":""},"categories":[15],"tags":[],"class_list":["post-479","post","type-post","status-publish","format-standard","has-post-thumbnail","hentry","category-partner"],"yoast_head":"<!-- This site is optimized with the Yoast SEO plugin v27.2 - https:\/\/yoast.com\/product\/yoast-seo-wordpress\/ -->\n<title>Universit\u00e0 degli Studi di Milano Bicocca - Stripes Digitus Lab<\/title>\n<meta name=\"robots\" content=\"index, follow, max-snippet:-1, max-image-preview:large, max-video-preview:-1\" \/>\n<link rel=\"canonical\" href=\"https:\/\/www.pedagogia.it\/digituslab\/2018\/04\/18\/universita-degli-studi-milano-bicocca\/\" \/>\n<meta property=\"og:locale\" content=\"it_IT\" \/>\n<meta property=\"og:type\" content=\"article\" \/>\n<meta property=\"og:title\" content=\"Universit\u00e0 degli Studi di Milano Bicocca - Stripes Digitus Lab\" \/>\n<meta property=\"og:description\" content=\"La partnership con Universit\u00e0 degli studi di Milano Bicocca prevede,\u00a0nell\u2019ambito di un accordo quadro quinquennale, un progetto di ricerca per [&hellip;]\" \/>\n<meta property=\"og:url\" content=\"https:\/\/www.pedagogia.it\/digituslab\/2018\/04\/18\/universita-degli-studi-milano-bicocca\/\" \/>\n<meta property=\"og:site_name\" content=\"Stripes Digitus Lab\" \/>\n<meta property=\"article:published_time\" content=\"2018-04-18T07:35:03+00:00\" \/>\n<meta property=\"article:modified_time\" content=\"2018-06-12T11:59:16+00:00\" \/>\n<meta property=\"og:image\" content=\"https:\/\/www.pedagogia.it\/digituslab\/wp-content\/uploads\/sites\/6\/2018\/04\/bicocca_partner.jpg\" \/>\n\t<meta property=\"og:image:width\" content=\"1054\" \/>\n\t<meta property=\"og:image:height\" content=\"1022\" \/>\n\t<meta property=\"og:image:type\" content=\"image\/jpeg\" \/>\n<meta name=\"author\" content=\"Serena Bignamini\" \/>\n<meta name=\"twitter:card\" content=\"summary_large_image\" \/>\n<meta name=\"twitter:label1\" content=\"Scritto da\" \/>\n\t<meta name=\"twitter:data1\" content=\"Serena Bignamini\" \/>\n\t<meta name=\"twitter:label2\" content=\"Tempo di lettura stimato\" \/>\n\t<meta name=\"twitter:data2\" content=\"1 minuto\" \/>\n<script type=\"application\/ld+json\" class=\"yoast-schema-graph\">{\"@context\":\"https:\/\/schema.org\",\"@graph\":[{\"@type\":\"Article\",\"@id\":\"https:\/\/www.pedagogia.it\/digituslab\/2018\/04\/18\/universita-degli-studi-milano-bicocca\/#article\",\"isPartOf\":{\"@id\":\"https:\/\/www.pedagogia.it\/digituslab\/2018\/04\/18\/universita-degli-studi-milano-bicocca\/\"},\"author\":{\"name\":\"Serena Bignamini\",\"@id\":\"https:\/\/www.pedagogia.it\/digituslab\/#\/schema\/person\/51c058b31069bb3645fe8a4438015fd0\"},\"headline\":\"Universit\u00e0 degli Studi di Milano Bicocca\",\"datePublished\":\"2018-04-18T07:35:03+00:00\",\"dateModified\":\"2018-06-12T11:59:16+00:00\",\"mainEntityOfPage\":{\"@id\":\"https:\/\/www.pedagogia.it\/digituslab\/2018\/04\/18\/universita-degli-studi-milano-bicocca\/\"},\"wordCount\":209,\"commentCount\":0,\"publisher\":{\"@id\":\"https:\/\/www.pedagogia.it\/digituslab\/#organization\"},\"image\":{\"@id\":\"https:\/\/www.pedagogia.it\/digituslab\/2018\/04\/18\/universita-degli-studi-milano-bicocca\/#primaryimage\"},\"thumbnailUrl\":\"https:\/\/www.pedagogia.it\/digituslab\/wp-content\/uploads\/sites\/6\/2018\/04\/bicocca_partner.jpg\",\"articleSection\":[\"partner\"],\"inLanguage\":\"it-IT\",\"potentialAction\":[{\"@type\":\"CommentAction\",\"name\":\"Comment\",\"target\":[\"https:\/\/www.pedagogia.it\/digituslab\/2018\/04\/18\/universita-degli-studi-milano-bicocca\/#respond\"]}]},{\"@type\":\"WebPage\",\"@id\":\"https:\/\/www.pedagogia.it\/digituslab\/2018\/04\/18\/universita-degli-studi-milano-bicocca\/\",\"url\":\"https:\/\/www.pedagogia.it\/digituslab\/2018\/04\/18\/universita-degli-studi-milano-bicocca\/\",\"name\":\"Universit\u00e0 degli Studi di Milano Bicocca - Stripes Digitus Lab\",\"isPartOf\":{\"@id\":\"https:\/\/www.pedagogia.it\/digituslab\/#website\"},\"primaryImageOfPage\":{\"@id\":\"https:\/\/www.pedagogia.it\/digituslab\/2018\/04\/18\/universita-degli-studi-milano-bicocca\/#primaryimage\"},\"image\":{\"@id\":\"https:\/\/www.pedagogia.it\/digituslab\/2018\/04\/18\/universita-degli-studi-milano-bicocca\/#primaryimage\"},\"thumbnailUrl\":\"https:\/\/www.pedagogia.it\/digituslab\/wp-content\/uploads\/sites\/6\/2018\/04\/bicocca_partner.jpg\",\"datePublished\":\"2018-04-18T07:35:03+00:00\",\"dateModified\":\"2018-06-12T11:59:16+00:00\",\"breadcrumb\":{\"@id\":\"https:\/\/www.pedagogia.it\/digituslab\/2018\/04\/18\/universita-degli-studi-milano-bicocca\/#breadcrumb\"},\"inLanguage\":\"it-IT\",\"potentialAction\":[{\"@type\":\"ReadAction\",\"target\":[\"https:\/\/www.pedagogia.it\/digituslab\/2018\/04\/18\/universita-degli-studi-milano-bicocca\/\"]}]},{\"@type\":\"ImageObject\",\"inLanguage\":\"it-IT\",\"@id\":\"https:\/\/www.pedagogia.it\/digituslab\/2018\/04\/18\/universita-degli-studi-milano-bicocca\/#primaryimage\",\"url\":\"https:\/\/www.pedagogia.it\/digituslab\/wp-content\/uploads\/sites\/6\/2018\/04\/bicocca_partner.jpg\",\"contentUrl\":\"https:\/\/www.pedagogia.it\/digituslab\/wp-content\/uploads\/sites\/6\/2018\/04\/bicocca_partner.jpg\",\"width\":1054,\"height\":1022},{\"@type\":\"BreadcrumbList\",\"@id\":\"https:\/\/www.pedagogia.it\/digituslab\/2018\/04\/18\/universita-degli-studi-milano-bicocca\/#breadcrumb\",\"itemListElement\":[{\"@type\":\"ListItem\",\"position\":1,\"name\":\"Home\",\"item\":\"https:\/\/www.pedagogia.it\/digituslab\/\"},{\"@type\":\"ListItem\",\"position\":2,\"name\":\"Universit\u00e0 degli Studi di Milano Bicocca\"}]},{\"@type\":\"WebSite\",\"@id\":\"https:\/\/www.pedagogia.it\/digituslab\/#website\",\"url\":\"https:\/\/www.pedagogia.it\/digituslab\/\",\"name\":\"Stripes Digitus Lab\",\"description\":\"Centro internazionale di ricerca e innovazione sulla robotica educativa e le tecnologie digitali\",\"publisher\":{\"@id\":\"https:\/\/www.pedagogia.it\/digituslab\/#organization\"},\"potentialAction\":[{\"@type\":\"SearchAction\",\"target\":{\"@type\":\"EntryPoint\",\"urlTemplate\":\"https:\/\/www.pedagogia.it\/digituslab\/?s={search_term_string}\"},\"query-input\":{\"@type\":\"PropertyValueSpecification\",\"valueRequired\":true,\"valueName\":\"search_term_string\"}}],\"inLanguage\":\"it-IT\"},{\"@type\":\"Organization\",\"@id\":\"https:\/\/www.pedagogia.it\/digituslab\/#organization\",\"name\":\"Stripe Digitus Lab\",\"url\":\"https:\/\/www.pedagogia.it\/digituslab\/\",\"logo\":{\"@type\":\"ImageObject\",\"inLanguage\":\"it-IT\",\"@id\":\"https:\/\/www.pedagogia.it\/digituslab\/#\/schema\/logo\/image\/\",\"url\":\"https:\/\/www.pedagogia.it\/digituslab\/wp-content\/uploads\/sites\/6\/2018\/03\/digituslab.png\",\"contentUrl\":\"https:\/\/www.pedagogia.it\/digituslab\/wp-content\/uploads\/sites\/6\/2018\/03\/digituslab.png\",\"width\":280,\"height\":80,\"caption\":\"Stripe Digitus Lab\"},\"image\":{\"@id\":\"https:\/\/www.pedagogia.it\/digituslab\/#\/schema\/logo\/image\/\"}},{\"@type\":\"Person\",\"@id\":\"https:\/\/www.pedagogia.it\/digituslab\/#\/schema\/person\/51c058b31069bb3645fe8a4438015fd0\",\"name\":\"Serena Bignamini\",\"image\":{\"@type\":\"ImageObject\",\"inLanguage\":\"it-IT\",\"@id\":\"https:\/\/secure.gravatar.com\/avatar\/43e0ed00b46e4b7c9b8dc3e23b070acf5d66863597578070b938f0b8ded60dd6?s=96&d=mm&r=g\",\"url\":\"https:\/\/secure.gravatar.com\/avatar\/43e0ed00b46e4b7c9b8dc3e23b070acf5d66863597578070b938f0b8ded60dd6?s=96&d=mm&r=g\",\"contentUrl\":\"https:\/\/secure.gravatar.com\/avatar\/43e0ed00b46e4b7c9b8dc3e23b070acf5d66863597578070b938f0b8ded60dd6?s=96&d=mm&r=g\",\"caption\":\"Serena Bignamini\"},\"url\":\"https:\/\/www.pedagogia.it\/digituslab\/author\/serena-bignamini\/\"}]}<\/script>\n<!-- \/ Yoast SEO plugin. -->","yoast_head_json":{"title":"Universit\u00e0 degli Studi di Milano Bicocca - Stripes Digitus Lab","robots":{"index":"index","follow":"follow","max-snippet":"max-snippet:-1","max-image-preview":"max-image-preview:large","max-video-preview":"max-video-preview:-1"},"canonical":"https:\/\/www.pedagogia.it\/digituslab\/2018\/04\/18\/universita-degli-studi-milano-bicocca\/","og_locale":"it_IT","og_type":"article","og_title":"Universit\u00e0 degli Studi di Milano Bicocca - Stripes Digitus Lab","og_description":"La partnership con Universit\u00e0 degli studi di Milano Bicocca prevede,\u00a0nell\u2019ambito di un accordo quadro quinquennale, un progetto di ricerca per [&hellip;]","og_url":"https:\/\/www.pedagogia.it\/digituslab\/2018\/04\/18\/universita-degli-studi-milano-bicocca\/","og_site_name":"Stripes Digitus Lab","article_published_time":"2018-04-18T07:35:03+00:00","article_modified_time":"2018-06-12T11:59:16+00:00","og_image":[{"width":1054,"height":1022,"url":"https:\/\/www.pedagogia.it\/digituslab\/wp-content\/uploads\/sites\/6\/2018\/04\/bicocca_partner.jpg","type":"image\/jpeg"}],"author":"Serena Bignamini","twitter_card":"summary_large_image","twitter_misc":{"Scritto da":"Serena Bignamini","Tempo di lettura stimato":"1 minuto"},"schema":{"@context":"https:\/\/schema.org","@graph":[{"@type":"Article","@id":"https:\/\/www.pedagogia.it\/digituslab\/2018\/04\/18\/universita-degli-studi-milano-bicocca\/#article","isPartOf":{"@id":"https:\/\/www.pedagogia.it\/digituslab\/2018\/04\/18\/universita-degli-studi-milano-bicocca\/"},"author":{"name":"Serena Bignamini","@id":"https:\/\/www.pedagogia.it\/digituslab\/#\/schema\/person\/51c058b31069bb3645fe8a4438015fd0"},"headline":"Universit\u00e0 degli Studi di Milano Bicocca","datePublished":"2018-04-18T07:35:03+00:00","dateModified":"2018-06-12T11:59:16+00:00","mainEntityOfPage":{"@id":"https:\/\/www.pedagogia.it\/digituslab\/2018\/04\/18\/universita-degli-studi-milano-bicocca\/"},"wordCount":209,"commentCount":0,"publisher":{"@id":"https:\/\/www.pedagogia.it\/digituslab\/#organization"},"image":{"@id":"https:\/\/www.pedagogia.it\/digituslab\/2018\/04\/18\/universita-degli-studi-milano-bicocca\/#primaryimage"},"thumbnailUrl":"https:\/\/www.pedagogia.it\/digituslab\/wp-content\/uploads\/sites\/6\/2018\/04\/bicocca_partner.jpg","articleSection":["partner"],"inLanguage":"it-IT","potentialAction":[{"@type":"CommentAction","name":"Comment","target":["https:\/\/www.pedagogia.it\/digituslab\/2018\/04\/18\/universita-degli-studi-milano-bicocca\/#respond"]}]},{"@type":"WebPage","@id":"https:\/\/www.pedagogia.it\/digituslab\/2018\/04\/18\/universita-degli-studi-milano-bicocca\/","url":"https:\/\/www.pedagogia.it\/digituslab\/2018\/04\/18\/universita-degli-studi-milano-bicocca\/","name":"Universit\u00e0 degli Studi di Milano Bicocca - Stripes Digitus Lab","isPartOf":{"@id":"https:\/\/www.pedagogia.it\/digituslab\/#website"},"primaryImageOfPage":{"@id":"https:\/\/www.pedagogia.it\/digituslab\/2018\/04\/18\/universita-degli-studi-milano-bicocca\/#primaryimage"},"image":{"@id":"https:\/\/www.pedagogia.it\/digituslab\/2018\/04\/18\/universita-degli-studi-milano-bicocca\/#primaryimage"},"thumbnailUrl":"https:\/\/www.pedagogia.it\/digituslab\/wp-content\/uploads\/sites\/6\/2018\/04\/bicocca_partner.jpg","datePublished":"2018-04-18T07:35:03+00:00","dateModified":"2018-06-12T11:59:16+00:00","breadcrumb":{"@id":"https:\/\/www.pedagogia.it\/digituslab\/2018\/04\/18\/universita-degli-studi-milano-bicocca\/#breadcrumb"},"inLanguage":"it-IT","potentialAction":[{"@type":"ReadAction","target":["https:\/\/www.pedagogia.it\/digituslab\/2018\/04\/18\/universita-degli-studi-milano-bicocca\/"]}]},{"@type":"ImageObject","inLanguage":"it-IT","@id":"https:\/\/www.pedagogia.it\/digituslab\/2018\/04\/18\/universita-degli-studi-milano-bicocca\/#primaryimage","url":"https:\/\/www.pedagogia.it\/digituslab\/wp-content\/uploads\/sites\/6\/2018\/04\/bicocca_partner.jpg","contentUrl":"https:\/\/www.pedagogia.it\/digituslab\/wp-content\/uploads\/sites\/6\/2018\/04\/bicocca_partner.jpg","width":1054,"height":1022},{"@type":"BreadcrumbList","@id":"https:\/\/www.pedagogia.it\/digituslab\/2018\/04\/18\/universita-degli-studi-milano-bicocca\/#breadcrumb","itemListElement":[{"@type":"ListItem","position":1,"name":"Home","item":"https:\/\/www.pedagogia.it\/digituslab\/"},{"@type":"ListItem","position":2,"name":"Universit\u00e0 degli Studi di Milano Bicocca"}]},{"@type":"WebSite","@id":"https:\/\/www.pedagogia.it\/digituslab\/#website","url":"https:\/\/www.pedagogia.it\/digituslab\/","name":"Stripes Digitus Lab","description":"Centro internazionale di ricerca e innovazione sulla robotica educativa e le tecnologie digitali","publisher":{"@id":"https:\/\/www.pedagogia.it\/digituslab\/#organization"},"potentialAction":[{"@type":"SearchAction","target":{"@type":"EntryPoint","urlTemplate":"https:\/\/www.pedagogia.it\/digituslab\/?s={search_term_string}"},"query-input":{"@type":"PropertyValueSpecification","valueRequired":true,"valueName":"search_term_string"}}],"inLanguage":"it-IT"},{"@type":"Organization","@id":"https:\/\/www.pedagogia.it\/digituslab\/#organization","name":"Stripe Digitus Lab","url":"https:\/\/www.pedagogia.it\/digituslab\/","logo":{"@type":"ImageObject","inLanguage":"it-IT","@id":"https:\/\/www.pedagogia.it\/digituslab\/#\/schema\/logo\/image\/","url":"https:\/\/www.pedagogia.it\/digituslab\/wp-content\/uploads\/sites\/6\/2018\/03\/digituslab.png","contentUrl":"https:\/\/www.pedagogia.it\/digituslab\/wp-content\/uploads\/sites\/6\/2018\/03\/digituslab.png","width":280,"height":80,"caption":"Stripe Digitus Lab"},"image":{"@id":"https:\/\/www.pedagogia.it\/digituslab\/#\/schema\/logo\/image\/"}},{"@type":"Person","@id":"https:\/\/www.pedagogia.it\/digituslab\/#\/schema\/person\/51c058b31069bb3645fe8a4438015fd0","name":"Serena Bignamini","image":{"@type":"ImageObject","inLanguage":"it-IT","@id":"https:\/\/secure.gravatar.com\/avatar\/43e0ed00b46e4b7c9b8dc3e23b070acf5d66863597578070b938f0b8ded60dd6?s=96&d=mm&r=g","url":"https:\/\/secure.gravatar.com\/avatar\/43e0ed00b46e4b7c9b8dc3e23b070acf5d66863597578070b938f0b8ded60dd6?s=96&d=mm&r=g","contentUrl":"https:\/\/secure.gravatar.com\/avatar\/43e0ed00b46e4b7c9b8dc3e23b070acf5d66863597578070b938f0b8ded60dd6?s=96&d=mm&r=g","caption":"Serena Bignamini"},"url":"https:\/\/www.pedagogia.it\/digituslab\/author\/serena-bignamini\/"}]}},"_links":{"self":[{"href":"https:\/\/www.pedagogia.it\/digituslab\/wp-json\/wp\/v2\/posts\/479","targetHints":{"allow":["GET"]}}],"collection":[{"href":"https:\/\/www.pedagogia.it\/digituslab\/wp-json\/wp\/v2\/posts"}],"about":[{"href":"https:\/\/www.pedagogia.it\/digituslab\/wp-json\/wp\/v2\/types\/post"}],"author":[{"embeddable":true,"href":"https:\/\/www.pedagogia.it\/digituslab\/wp-json\/wp\/v2\/users\/70"}],"replies":[{"embeddable":true,"href":"https:\/\/www.pedagogia.it\/digituslab\/wp-json\/wp\/v2\/comments?post=479"}],"version-history":[{"count":0,"href":"https:\/\/www.pedagogia.it\/digituslab\/wp-json\/wp\/v2\/posts\/479\/revisions"}],"wp:featuredmedia":[{"embeddable":true,"href":"https:\/\/www.pedagogia.it\/digituslab\/wp-json\/wp\/v2\/media\/484"}],"wp:attachment":[{"href":"https:\/\/www.pedagogia.it\/digituslab\/wp-json\/wp\/v2\/media?parent=479"}],"wp:term":[{"taxonomy":"category","embeddable":true,"href":"https:\/\/www.pedagogia.it\/digituslab\/wp-json\/wp\/v2\/categories?post=479"},{"taxonomy":"post_tag","embeddable":true,"href":"https:\/\/www.pedagogia.it\/digituslab\/wp-json\/wp\/v2\/tags?post=479"}],"curies":[{"name":"wp","href":"https:\/\/api.w.org\/{rel}","templated":true}]}}