{"id":73012,"date":"2020-02-14T10:43:59","date_gmt":"2020-02-14T09:43:59","guid":{"rendered":"https:\/\/www.pedagogia.it\/digituslab\/?p=73012"},"modified":"2020-02-14T10:43:59","modified_gmt":"2020-02-14T09:43:59","slug":"hackathon-laboratori-interattivi-e-percorsi-dedicati-agli-studenti","status":"publish","type":"post","link":"https:\/\/www.pedagogia.it\/digituslab\/2020\/02\/14\/hackathon-laboratori-interattivi-e-percorsi-dedicati-agli-studenti\/","title":{"rendered":"&#8220;HACKATHON&#8221; Laboratori interattivi e percorsi dedicati agli studenti"},"content":{"rendered":"<p><img decoding=\"async\" class=\"\" src=\"https:\/\/www.sempionenews.it\/wp-content\/uploads\/2016\/02\/sempione-news-logo.png\" width=\"225\" height=\"40\" \/><\/p>\n<p><img decoding=\"async\" src=\"https:\/\/www.sempionenews.it\/wp-content\/uploads\/2020\/02\/mind-social-innovation-campus.png\" \/><\/p>\n<p>Leggi l&#8217;articolo: <a href=\"https:\/\/www.sempionenews.it\/event\/mind-al-via-il-primo-social-innovation-campus\/\">https:\/\/www.sempionenews.it\/event\/mind-al-via-il-primo-social-innovation-campus\/<\/a><\/p>\n<h1>Social Innovation Campus<\/h1>\n<p><strong>27 le classi<\/strong>\u00a0(500 studenti) delle scuole superiori di secondo grado e IFTS che hanno partecipato alla Call: 10 di loro parteciperanno ad un\u00a0<strong>hackathon<\/strong>\u00a0di 32 ore e il resto seguiranno viste personalizzati partecipando alle iniziative in programma ma anche a\u00a0<strong>laboratori dedicati\u00a0<\/strong>su guida autonoma e celle solari (JRC di Ispra), educazione fisica e deep learning (IRCCS Isituto Ortopedico Galeazzi), robotica (Stripes), arte (Fondazione Enaip Lombardia), masterplan MIND (Lendlease), competenze trasversali (Umana).<u>\u00a0<\/u><\/p>\n<p><em>Il primo Social Innovation Campus \u00e8 promosso \u2013\u00a0 in\u00a0<\/em>partnership con Arexpo, Lendlease e Istituto Ortopedico Galeazzi \u2013\u00a0\u00a0<em>dalla Social Innovation Academy di Fondazione Triulza,\u00a0<\/em>il cui comitato scientifico \u00e8 costituito da ricercatori di innovazione sociale di diverse Universit\u00e0 italiane, realt\u00e0 della Societ\u00e0 Civile, Istituzioni Pubbliche, Imprese e tutti i protagonisti di MIND. Condividono i valori e gli obiettivi del Campus e lo sostengono in qualit\u00e0 di main sponsor Coopfond, Fondo Sviluppo, UBI Banca ed Epson. Al programma culturale hanno collaborato numerose realt\u00e0 profit, non profit e istituzionali.<\/p>\n<p>&nbsp;<\/p>\n<h2><span style=\"color: #3366ff\">Tutto pronto per il primo Social Innovation Campus, promosso da Social Innovation Academy di Fondazione Triulza ed ospitato a MIND<\/span><\/h2>\n<p>Rho \u2013 Promosso dalla\u00a0<strong>Social Innovation Academy di Fondazione Triulza<\/strong>, il primo\u00a0<strong>Social Innovation Campus<\/strong>si svolger\u00e0\u00a0<strong>il 5 e il 6 febbraio in MIND \u2013 Milano Innovation Distric<\/strong>, l\u2019area dove sta nascendo un ecosistema di eccellenze in ambito scientifico, tecnologico e digitale e un nuovo modello di citt\u00e0 del futuro. Dedicato nella sua prima edizione al tema \u201c<strong>Shared City: dal gioco alla realt\u00e0<\/strong>\u201c, coinvolger\u00e0 in momenti di confronto, di formazione e anche di gioco le\u00a0<strong>giovani generazioni, realt\u00e0 del terzo settore e della filantropia, cooperative e imprese profit, universit\u00e0 e centri di ricerca, mondo della finanza, istituzioni<\/strong>. Una due giorni di lavoro e di contaminazione tra generazioni e mondi diversi per ragionare sull\u2019impatto sociale e ambientale dell\u2019innovazione e delle tecnologie.<\/p>\n<p>Il Social Innovation Campus prender\u00e0 il via alle ore 10.00 di mercoled\u00ec 5 febbraio,<strong>\u00a0<\/strong>con l\u2019introduzione del professore ordinario presso la School of Management del Politecnico di Milano\u00a0<strong>Mario Calderini<\/strong>, presidente del Comitato Scientifico del Campus e della Social Innovation Academy in\u00a0<strong>MIND<\/strong>. Parteciperanno all\u2019evento di apertura\u00a0<strong>Giovanni Fosti<\/strong>, Presidente di Fondazione Cariplo;\u00a0<strong>Maurizio Gardini<\/strong>, Presidente di Confcooperative e di Fondo Sviluppo;\u00a0<strong>Mauro Lusetti<\/strong>, Presidente di Legacoop e di Coopfond,\u00a0<strong>Letizia Moratti<\/strong>, Presidente di UBI Banca e\u00a0<strong>Pierluigi Stefanini<\/strong>, Presidente di Unipol Gruppo e di ASviS, che dialogheranno con giovani universitari e cooperatori sui temi che le nuove generazioni pongono per un futuro sostenibile.<\/p>\n<p>Nella sessione di apertura dieci classi delle scuole secondarie di II grado conosceranno le sfide che dovranno risolvere nelle 32 ore non stop dell\u2019hackathon del Social Innovation Campus grazie agli interventi di \u00a0<strong>Giovanni Azzone<\/strong>, Presidente di Arexpo,\u00a0\u00a0<strong>Elena Bottinelli,<\/strong>\u00a0AD dell\u2019Istituto Ortopedico Galeazzi, Gruppo San Donato,\u00a0<strong>Massimo Minelli,<\/strong>\u00a0Presidente di Fondazione Triulza,\u00a0<strong>Massimo Pizzocri,<\/strong>\u00a0AD di Epson Italia &amp; VP Epson Europe, e\u00a0<strong>Andrea Ruckstuhl<\/strong>, Head of Italy and Continental Europe di Lendlease.<\/p>\n<p>&nbsp;<\/p>\n<h3><span style=\"color: #3366ff\">Testimonianze internazionali e presentazioni di opportunit\u00e0<\/span><\/h3>\n<p>Arriva da Londra\u00a0<strong>Indy Johar<\/strong>, architetto di Dark Matter Laboratories che parler\u00e0 della grande transizione che dovremo affrontare nei prossimi anni, tra le economie dell\u2019automazione, della decarbonizzazione e del benessere. Giancarlo Caratti, Head of Intellectual Property and Technology Transfer Unit, European Commission \u2013 Joint Research Centre Brussels, anticiper\u00e0 al Campus le\u00a0<strong>nuove politiche, strategie e programmi UE per il trasferimento tecnologico e l\u2019innovazione sociale<\/strong>.<\/p>\n<p>Sempre il 5 febbraio sar\u00e0 presentato in anteprima \u201cRoad to 2022:<strong>\u00a0i nuovi percorsi di valore di Get it!\u201d il programma di Fondazione Social Venture Giordano Dell\u2019Amore che coniuga innovazione sociale, open innovation e impact investing<\/strong>. Bosch e Wind 3, in collaborazione con Fondazione Triulza, lanceranno \u201cHack&amp;Go! 5G \u2013 IoT \u2013 Smart Mobility\u201d,\u00a0<strong>l\u2019Hackathon per giovani talenti universitari alla ricerca di soluzioni innovative<\/strong>\u00a0per la citt\u00e0 del futuro sostenibile. Genera SpA illustrer\u00e0 il 6 febbraio i\u00a0<strong>nuovi programmi per supportare lo sviluppo di progetti e imprese cooperative innovative.<\/strong><\/p>\n<h3><span style=\"font-size: 12pt;color: #3366ff\">Workshop formativi e lectio magistralis<\/span><\/h3>\n<p>Numerose le attivit\u00e0 formative sui temi dell\u2019innovazione, delle tecnologie e dell\u2019impatto sociale nel profit e non profit. Il 6 febbraio UBI Banca organizza il workshop \u201cUn passo oltre:\u00a0<strong>l\u2019impatto sociale come misura del cambiamento<\/strong>\u201c, rivolto alle cooperative e imprese profit. Fondazione Cariplo si focalizzer\u00e0 su \u201cInnovazione per lo Sviluppo:\u00a0<strong>open innovation, tecnologie, capacity building per il terzo settore orientato al cambiamento organizzativo<\/strong>\u201d. Assimoco affronter\u00e0 invece il tema delle\u00a0<strong>Societ\u00e0 Benefit e il modello BCorp<\/strong>, partendo dall\u2019imperativo della sostenibilit\u00e0 e del futuro del business.<\/p>\n<p>La Federazione Lombarda BCC approfondir\u00e0 il rapporto tra\u00a0<strong>cooperazione \u00e8 innovazione<\/strong>. Una due giorni di approfondimenti anche sulla logica economico-aziendale dell\u2019impatto sociale, sul rapporto tra relazioni sociale e piattaforme tecnologiche e tra le politiche per l\u2019innovazione e le politiche per il sociale grazie alle\u00a0<strong>lectio magistrali\u00a0<\/strong>di G. Fiorentini, Universit\u00e0 Bocconi di Milano, I. Pais, Universit\u00e0 Cattolica di Milano, e M. Sobrero, Universit\u00e0 di Bologna. I giovani potranno inoltre partecipare a simulazioni di colloqui individuali, curate dagli operatori di Umana.<\/p>\n<h3><span style=\"color: #3366ff\">Progetti di sostenibilit\u00e0 e innovazione<\/span><\/h3>\n<p>Cooperative, imprese sociali innovative e start up, attraverso le loro testimonianze e il racconto dei proprio progetti, faranno vedere come le innovazioni e tecnologie si possono concretizzare in ricadute sociali e ambientali. Tutto questo accadr\u00e0 nelle due giornate nel\u00a0<strong>Caff\u00e8 Cooperativo<\/strong>, promosso da Coopfond \u2013 Legacoop e Fondo Sviluppo \u2013 Confcooperative, e nello\u00a0<strong>Cariplo Space<\/strong>, con progetti sostenuti da Fondazione Cariplo, Fondazione Social Venture GDA e Cariplo Factory, e durante la mattinata di gioved\u00ec nell\u2019ambito della tappa in MIND del Salone CRS e dell\u2019Innovazione Sociale.<\/p>\n<p>A partire dal racconto di esperienze concrete nel\u00a0<strong>workshop\u00a0<\/strong>di Epson si approfondir\u00e0 il rapporto tra tecnologie e sostenibilit\u00e0; nell\u2019incontro di Fondazione Centro Conservazione e Restauro La Venaria Reale e Fondazione Enaip Lombardia Scuola di Restauro di Botticino si parler\u00e0 delle tecnologie e delle indagini scientifiche al servizio dell\u2019arte; mentre dall\u2019esperienza di Citt\u00e0 Metropolitana di Milano, ATO, Gruppo CAP e si parler\u00e0 di economia circolare nel servizio idrico integrato.<\/p>\n<h3><span style=\"color: #3366ff\">Area esperienziale, istinti e pregiudizi<\/span><\/h3>\n<p>Un elemento caratterizzanti del Campus sar\u00e0 la possibilit\u00e0 di sperimentazione emozioni: un\u2019<strong>area esperienziale dedicata ospiter\u00e0 i racconti immersivi e i visori di realt\u00e0 virtuale<\/strong>\u00a0di Joint Research Centre \u2013 Commissione Europea di Ispra, di Gruppo Cap e MM, della Federazione Trentina della Cooperazione.\u00a0 Il talk \u201cIstinto e Sviluppo Sostenibile\u201d di TAXI1729, promosso da UBI Banca e FDduF ci porter\u00e0 alla scoperta dei nostri pi\u00f9 antichi automatismi di giudizio e di decisioni.<\/p>\n","protected":false},"excerpt":{"rendered":"<p>Leggi l&#8217;articolo: https:\/\/www.sempionenews.it\/event\/mind-al-via-il-primo-social-innovation-campus\/ Social Innovation Campus 27 le classi\u00a0(500 studenti) delle scuole superiori di secondo grado e IFTS che hanno [&hellip;]<\/p>\n","protected":false},"author":164,"featured_media":73013,"comment_status":"open","ping_status":"open","sticky":false,"template":"","format":"standard","meta":{"footnotes":""},"categories":[18],"tags":[],"class_list":["post-73012","post","type-post","status-publish","format-standard","has-post-thumbnail","hentry","category-rassegna-stampa"],"yoast_head":"<!-- This site is optimized with the Yoast SEO plugin v27.2 - https:\/\/yoast.com\/product\/yoast-seo-wordpress\/ -->\n<title>&quot;HACKATHON&quot; Laboratori interattivi e percorsi dedicati agli studenti - Stripes Digitus Lab<\/title>\n<meta name=\"robots\" content=\"index, follow, max-snippet:-1, max-image-preview:large, max-video-preview:-1\" \/>\n<link rel=\"canonical\" href=\"https:\/\/www.pedagogia.it\/digituslab\/2020\/02\/14\/hackathon-laboratori-interattivi-e-percorsi-dedicati-agli-studenti\/\" \/>\n<meta property=\"og:locale\" content=\"it_IT\" \/>\n<meta property=\"og:type\" content=\"article\" \/>\n<meta property=\"og:title\" content=\"&quot;HACKATHON&quot; Laboratori interattivi e percorsi dedicati agli studenti - Stripes Digitus Lab\" \/>\n<meta property=\"og:description\" content=\"Leggi l&#8217;articolo: https:\/\/www.sempionenews.it\/event\/mind-al-via-il-primo-social-innovation-campus\/ Social Innovation Campus 27 le classi\u00a0(500 studenti) delle scuole superiori di secondo grado e IFTS che hanno [&hellip;]\" \/>\n<meta property=\"og:url\" content=\"https:\/\/www.pedagogia.it\/digituslab\/2020\/02\/14\/hackathon-laboratori-interattivi-e-percorsi-dedicati-agli-studenti\/\" \/>\n<meta property=\"og:site_name\" content=\"Stripes Digitus Lab\" \/>\n<meta property=\"article:published_time\" content=\"2020-02-14T09:43:59+00:00\" \/>\n<meta property=\"og:image\" content=\"https:\/\/www.pedagogia.it\/digituslab\/wp-content\/uploads\/sites\/6\/2020\/02\/mind-social-innovation-campus.png\" \/>\n\t<meta property=\"og:image:width\" content=\"1010\" \/>\n\t<meta property=\"og:image:height\" content=\"1414\" \/>\n\t<meta property=\"og:image:type\" content=\"image\/png\" \/>\n<meta name=\"author\" content=\"giuseppe.calabrese\" \/>\n<meta name=\"twitter:card\" content=\"summary_large_image\" \/>\n<meta name=\"twitter:label1\" content=\"Scritto da\" \/>\n\t<meta name=\"twitter:data1\" content=\"giuseppe.calabrese\" \/>\n\t<meta name=\"twitter:label2\" content=\"Tempo di lettura stimato\" \/>\n\t<meta name=\"twitter:data2\" content=\"5 minuti\" \/>\n<script type=\"application\/ld+json\" class=\"yoast-schema-graph\">{\"@context\":\"https:\/\/schema.org\",\"@graph\":[{\"@type\":\"Article\",\"@id\":\"https:\/\/www.pedagogia.it\/digituslab\/2020\/02\/14\/hackathon-laboratori-interattivi-e-percorsi-dedicati-agli-studenti\/#article\",\"isPartOf\":{\"@id\":\"https:\/\/www.pedagogia.it\/digituslab\/2020\/02\/14\/hackathon-laboratori-interattivi-e-percorsi-dedicati-agli-studenti\/\"},\"author\":{\"name\":\"giuseppe.calabrese\",\"@id\":\"https:\/\/www.pedagogia.it\/digituslab\/#\/schema\/person\/c1c971cdf1363de0d968fa5baccb4356\"},\"headline\":\"&#8220;HACKATHON&#8221; Laboratori interattivi e percorsi dedicati agli studenti\",\"datePublished\":\"2020-02-14T09:43:59+00:00\",\"mainEntityOfPage\":{\"@id\":\"https:\/\/www.pedagogia.it\/digituslab\/2020\/02\/14\/hackathon-laboratori-interattivi-e-percorsi-dedicati-agli-studenti\/\"},\"wordCount\":1060,\"commentCount\":0,\"publisher\":{\"@id\":\"https:\/\/www.pedagogia.it\/digituslab\/#organization\"},\"image\":{\"@id\":\"https:\/\/www.pedagogia.it\/digituslab\/2020\/02\/14\/hackathon-laboratori-interattivi-e-percorsi-dedicati-agli-studenti\/#primaryimage\"},\"thumbnailUrl\":\"https:\/\/www.pedagogia.it\/digituslab\/wp-content\/uploads\/sites\/6\/2020\/02\/mind-social-innovation-campus.png\",\"articleSection\":[\"Rassegna Stampa\"],\"inLanguage\":\"it-IT\",\"potentialAction\":[{\"@type\":\"CommentAction\",\"name\":\"Comment\",\"target\":[\"https:\/\/www.pedagogia.it\/digituslab\/2020\/02\/14\/hackathon-laboratori-interattivi-e-percorsi-dedicati-agli-studenti\/#respond\"]}]},{\"@type\":\"WebPage\",\"@id\":\"https:\/\/www.pedagogia.it\/digituslab\/2020\/02\/14\/hackathon-laboratori-interattivi-e-percorsi-dedicati-agli-studenti\/\",\"url\":\"https:\/\/www.pedagogia.it\/digituslab\/2020\/02\/14\/hackathon-laboratori-interattivi-e-percorsi-dedicati-agli-studenti\/\",\"name\":\"\\\"HACKATHON\\\" Laboratori interattivi e percorsi dedicati agli studenti - Stripes Digitus Lab\",\"isPartOf\":{\"@id\":\"https:\/\/www.pedagogia.it\/digituslab\/#website\"},\"primaryImageOfPage\":{\"@id\":\"https:\/\/www.pedagogia.it\/digituslab\/2020\/02\/14\/hackathon-laboratori-interattivi-e-percorsi-dedicati-agli-studenti\/#primaryimage\"},\"image\":{\"@id\":\"https:\/\/www.pedagogia.it\/digituslab\/2020\/02\/14\/hackathon-laboratori-interattivi-e-percorsi-dedicati-agli-studenti\/#primaryimage\"},\"thumbnailUrl\":\"https:\/\/www.pedagogia.it\/digituslab\/wp-content\/uploads\/sites\/6\/2020\/02\/mind-social-innovation-campus.png\",\"datePublished\":\"2020-02-14T09:43:59+00:00\",\"breadcrumb\":{\"@id\":\"https:\/\/www.pedagogia.it\/digituslab\/2020\/02\/14\/hackathon-laboratori-interattivi-e-percorsi-dedicati-agli-studenti\/#breadcrumb\"},\"inLanguage\":\"it-IT\",\"potentialAction\":[{\"@type\":\"ReadAction\",\"target\":[\"https:\/\/www.pedagogia.it\/digituslab\/2020\/02\/14\/hackathon-laboratori-interattivi-e-percorsi-dedicati-agli-studenti\/\"]}]},{\"@type\":\"ImageObject\",\"inLanguage\":\"it-IT\",\"@id\":\"https:\/\/www.pedagogia.it\/digituslab\/2020\/02\/14\/hackathon-laboratori-interattivi-e-percorsi-dedicati-agli-studenti\/#primaryimage\",\"url\":\"https:\/\/www.pedagogia.it\/digituslab\/wp-content\/uploads\/sites\/6\/2020\/02\/mind-social-innovation-campus.png\",\"contentUrl\":\"https:\/\/www.pedagogia.it\/digituslab\/wp-content\/uploads\/sites\/6\/2020\/02\/mind-social-innovation-campus.png\",\"width\":1010,\"height\":1414},{\"@type\":\"BreadcrumbList\",\"@id\":\"https:\/\/www.pedagogia.it\/digituslab\/2020\/02\/14\/hackathon-laboratori-interattivi-e-percorsi-dedicati-agli-studenti\/#breadcrumb\",\"itemListElement\":[{\"@type\":\"ListItem\",\"position\":1,\"name\":\"Home\",\"item\":\"https:\/\/www.pedagogia.it\/digituslab\/\"},{\"@type\":\"ListItem\",\"position\":2,\"name\":\"&#8220;HACKATHON&#8221; Laboratori interattivi e percorsi dedicati agli studenti\"}]},{\"@type\":\"WebSite\",\"@id\":\"https:\/\/www.pedagogia.it\/digituslab\/#website\",\"url\":\"https:\/\/www.pedagogia.it\/digituslab\/\",\"name\":\"Stripes Digitus Lab\",\"description\":\"Centro internazionale di ricerca e innovazione sulla robotica educativa e le tecnologie digitali\",\"publisher\":{\"@id\":\"https:\/\/www.pedagogia.it\/digituslab\/#organization\"},\"potentialAction\":[{\"@type\":\"SearchAction\",\"target\":{\"@type\":\"EntryPoint\",\"urlTemplate\":\"https:\/\/www.pedagogia.it\/digituslab\/?s={search_term_string}\"},\"query-input\":{\"@type\":\"PropertyValueSpecification\",\"valueRequired\":true,\"valueName\":\"search_term_string\"}}],\"inLanguage\":\"it-IT\"},{\"@type\":\"Organization\",\"@id\":\"https:\/\/www.pedagogia.it\/digituslab\/#organization\",\"name\":\"Stripe Digitus Lab\",\"url\":\"https:\/\/www.pedagogia.it\/digituslab\/\",\"logo\":{\"@type\":\"ImageObject\",\"inLanguage\":\"it-IT\",\"@id\":\"https:\/\/www.pedagogia.it\/digituslab\/#\/schema\/logo\/image\/\",\"url\":\"https:\/\/www.pedagogia.it\/digituslab\/wp-content\/uploads\/sites\/6\/2018\/03\/digituslab.png\",\"contentUrl\":\"https:\/\/www.pedagogia.it\/digituslab\/wp-content\/uploads\/sites\/6\/2018\/03\/digituslab.png\",\"width\":280,\"height\":80,\"caption\":\"Stripe Digitus Lab\"},\"image\":{\"@id\":\"https:\/\/www.pedagogia.it\/digituslab\/#\/schema\/logo\/image\/\"}},{\"@type\":\"Person\",\"@id\":\"https:\/\/www.pedagogia.it\/digituslab\/#\/schema\/person\/c1c971cdf1363de0d968fa5baccb4356\",\"name\":\"giuseppe.calabrese\",\"image\":{\"@type\":\"ImageObject\",\"inLanguage\":\"it-IT\",\"@id\":\"https:\/\/secure.gravatar.com\/avatar\/42d85ccfdd8b4711f988ac669c19341221c710a50e678899cac14d4178533811?s=96&d=mm&r=g\",\"url\":\"https:\/\/secure.gravatar.com\/avatar\/42d85ccfdd8b4711f988ac669c19341221c710a50e678899cac14d4178533811?s=96&d=mm&r=g\",\"contentUrl\":\"https:\/\/secure.gravatar.com\/avatar\/42d85ccfdd8b4711f988ac669c19341221c710a50e678899cac14d4178533811?s=96&d=mm&r=g\",\"caption\":\"giuseppe.calabrese\"},\"url\":\"https:\/\/www.pedagogia.it\/digituslab\/author\/giuseppecalabrese\/\"}]}<\/script>\n<!-- \/ Yoast SEO plugin. -->","yoast_head_json":{"title":"\"HACKATHON\" Laboratori interattivi e percorsi dedicati agli studenti - Stripes Digitus Lab","robots":{"index":"index","follow":"follow","max-snippet":"max-snippet:-1","max-image-preview":"max-image-preview:large","max-video-preview":"max-video-preview:-1"},"canonical":"https:\/\/www.pedagogia.it\/digituslab\/2020\/02\/14\/hackathon-laboratori-interattivi-e-percorsi-dedicati-agli-studenti\/","og_locale":"it_IT","og_type":"article","og_title":"\"HACKATHON\" Laboratori interattivi e percorsi dedicati agli studenti - Stripes Digitus Lab","og_description":"Leggi l&#8217;articolo: https:\/\/www.sempionenews.it\/event\/mind-al-via-il-primo-social-innovation-campus\/ Social Innovation Campus 27 le classi\u00a0(500 studenti) delle scuole superiori di secondo grado e IFTS che hanno [&hellip;]","og_url":"https:\/\/www.pedagogia.it\/digituslab\/2020\/02\/14\/hackathon-laboratori-interattivi-e-percorsi-dedicati-agli-studenti\/","og_site_name":"Stripes Digitus Lab","article_published_time":"2020-02-14T09:43:59+00:00","og_image":[{"width":1010,"height":1414,"url":"https:\/\/www.pedagogia.it\/digituslab\/wp-content\/uploads\/sites\/6\/2020\/02\/mind-social-innovation-campus.png","type":"image\/png"}],"author":"giuseppe.calabrese","twitter_card":"summary_large_image","twitter_misc":{"Scritto da":"giuseppe.calabrese","Tempo di lettura stimato":"5 minuti"},"schema":{"@context":"https:\/\/schema.org","@graph":[{"@type":"Article","@id":"https:\/\/www.pedagogia.it\/digituslab\/2020\/02\/14\/hackathon-laboratori-interattivi-e-percorsi-dedicati-agli-studenti\/#article","isPartOf":{"@id":"https:\/\/www.pedagogia.it\/digituslab\/2020\/02\/14\/hackathon-laboratori-interattivi-e-percorsi-dedicati-agli-studenti\/"},"author":{"name":"giuseppe.calabrese","@id":"https:\/\/www.pedagogia.it\/digituslab\/#\/schema\/person\/c1c971cdf1363de0d968fa5baccb4356"},"headline":"&#8220;HACKATHON&#8221; Laboratori interattivi e percorsi dedicati agli studenti","datePublished":"2020-02-14T09:43:59+00:00","mainEntityOfPage":{"@id":"https:\/\/www.pedagogia.it\/digituslab\/2020\/02\/14\/hackathon-laboratori-interattivi-e-percorsi-dedicati-agli-studenti\/"},"wordCount":1060,"commentCount":0,"publisher":{"@id":"https:\/\/www.pedagogia.it\/digituslab\/#organization"},"image":{"@id":"https:\/\/www.pedagogia.it\/digituslab\/2020\/02\/14\/hackathon-laboratori-interattivi-e-percorsi-dedicati-agli-studenti\/#primaryimage"},"thumbnailUrl":"https:\/\/www.pedagogia.it\/digituslab\/wp-content\/uploads\/sites\/6\/2020\/02\/mind-social-innovation-campus.png","articleSection":["Rassegna Stampa"],"inLanguage":"it-IT","potentialAction":[{"@type":"CommentAction","name":"Comment","target":["https:\/\/www.pedagogia.it\/digituslab\/2020\/02\/14\/hackathon-laboratori-interattivi-e-percorsi-dedicati-agli-studenti\/#respond"]}]},{"@type":"WebPage","@id":"https:\/\/www.pedagogia.it\/digituslab\/2020\/02\/14\/hackathon-laboratori-interattivi-e-percorsi-dedicati-agli-studenti\/","url":"https:\/\/www.pedagogia.it\/digituslab\/2020\/02\/14\/hackathon-laboratori-interattivi-e-percorsi-dedicati-agli-studenti\/","name":"\"HACKATHON\" Laboratori interattivi e percorsi dedicati agli studenti - Stripes Digitus Lab","isPartOf":{"@id":"https:\/\/www.pedagogia.it\/digituslab\/#website"},"primaryImageOfPage":{"@id":"https:\/\/www.pedagogia.it\/digituslab\/2020\/02\/14\/hackathon-laboratori-interattivi-e-percorsi-dedicati-agli-studenti\/#primaryimage"},"image":{"@id":"https:\/\/www.pedagogia.it\/digituslab\/2020\/02\/14\/hackathon-laboratori-interattivi-e-percorsi-dedicati-agli-studenti\/#primaryimage"},"thumbnailUrl":"https:\/\/www.pedagogia.it\/digituslab\/wp-content\/uploads\/sites\/6\/2020\/02\/mind-social-innovation-campus.png","datePublished":"2020-02-14T09:43:59+00:00","breadcrumb":{"@id":"https:\/\/www.pedagogia.it\/digituslab\/2020\/02\/14\/hackathon-laboratori-interattivi-e-percorsi-dedicati-agli-studenti\/#breadcrumb"},"inLanguage":"it-IT","potentialAction":[{"@type":"ReadAction","target":["https:\/\/www.pedagogia.it\/digituslab\/2020\/02\/14\/hackathon-laboratori-interattivi-e-percorsi-dedicati-agli-studenti\/"]}]},{"@type":"ImageObject","inLanguage":"it-IT","@id":"https:\/\/www.pedagogia.it\/digituslab\/2020\/02\/14\/hackathon-laboratori-interattivi-e-percorsi-dedicati-agli-studenti\/#primaryimage","url":"https:\/\/www.pedagogia.it\/digituslab\/wp-content\/uploads\/sites\/6\/2020\/02\/mind-social-innovation-campus.png","contentUrl":"https:\/\/www.pedagogia.it\/digituslab\/wp-content\/uploads\/sites\/6\/2020\/02\/mind-social-innovation-campus.png","width":1010,"height":1414},{"@type":"BreadcrumbList","@id":"https:\/\/www.pedagogia.it\/digituslab\/2020\/02\/14\/hackathon-laboratori-interattivi-e-percorsi-dedicati-agli-studenti\/#breadcrumb","itemListElement":[{"@type":"ListItem","position":1,"name":"Home","item":"https:\/\/www.pedagogia.it\/digituslab\/"},{"@type":"ListItem","position":2,"name":"&#8220;HACKATHON&#8221; Laboratori interattivi e percorsi dedicati agli studenti"}]},{"@type":"WebSite","@id":"https:\/\/www.pedagogia.it\/digituslab\/#website","url":"https:\/\/www.pedagogia.it\/digituslab\/","name":"Stripes Digitus Lab","description":"Centro internazionale di ricerca e innovazione sulla robotica educativa e le tecnologie digitali","publisher":{"@id":"https:\/\/www.pedagogia.it\/digituslab\/#organization"},"potentialAction":[{"@type":"SearchAction","target":{"@type":"EntryPoint","urlTemplate":"https:\/\/www.pedagogia.it\/digituslab\/?s={search_term_string}"},"query-input":{"@type":"PropertyValueSpecification","valueRequired":true,"valueName":"search_term_string"}}],"inLanguage":"it-IT"},{"@type":"Organization","@id":"https:\/\/www.pedagogia.it\/digituslab\/#organization","name":"Stripe Digitus Lab","url":"https:\/\/www.pedagogia.it\/digituslab\/","logo":{"@type":"ImageObject","inLanguage":"it-IT","@id":"https:\/\/www.pedagogia.it\/digituslab\/#\/schema\/logo\/image\/","url":"https:\/\/www.pedagogia.it\/digituslab\/wp-content\/uploads\/sites\/6\/2018\/03\/digituslab.png","contentUrl":"https:\/\/www.pedagogia.it\/digituslab\/wp-content\/uploads\/sites\/6\/2018\/03\/digituslab.png","width":280,"height":80,"caption":"Stripe Digitus Lab"},"image":{"@id":"https:\/\/www.pedagogia.it\/digituslab\/#\/schema\/logo\/image\/"}},{"@type":"Person","@id":"https:\/\/www.pedagogia.it\/digituslab\/#\/schema\/person\/c1c971cdf1363de0d968fa5baccb4356","name":"giuseppe.calabrese","image":{"@type":"ImageObject","inLanguage":"it-IT","@id":"https:\/\/secure.gravatar.com\/avatar\/42d85ccfdd8b4711f988ac669c19341221c710a50e678899cac14d4178533811?s=96&d=mm&r=g","url":"https:\/\/secure.gravatar.com\/avatar\/42d85ccfdd8b4711f988ac669c19341221c710a50e678899cac14d4178533811?s=96&d=mm&r=g","contentUrl":"https:\/\/secure.gravatar.com\/avatar\/42d85ccfdd8b4711f988ac669c19341221c710a50e678899cac14d4178533811?s=96&d=mm&r=g","caption":"giuseppe.calabrese"},"url":"https:\/\/www.pedagogia.it\/digituslab\/author\/giuseppecalabrese\/"}]}},"_links":{"self":[{"href":"https:\/\/www.pedagogia.it\/digituslab\/wp-json\/wp\/v2\/posts\/73012","targetHints":{"allow":["GET"]}}],"collection":[{"href":"https:\/\/www.pedagogia.it\/digituslab\/wp-json\/wp\/v2\/posts"}],"about":[{"href":"https:\/\/www.pedagogia.it\/digituslab\/wp-json\/wp\/v2\/types\/post"}],"author":[{"embeddable":true,"href":"https:\/\/www.pedagogia.it\/digituslab\/wp-json\/wp\/v2\/users\/164"}],"replies":[{"embeddable":true,"href":"https:\/\/www.pedagogia.it\/digituslab\/wp-json\/wp\/v2\/comments?post=73012"}],"version-history":[{"count":0,"href":"https:\/\/www.pedagogia.it\/digituslab\/wp-json\/wp\/v2\/posts\/73012\/revisions"}],"wp:featuredmedia":[{"embeddable":true,"href":"https:\/\/www.pedagogia.it\/digituslab\/wp-json\/wp\/v2\/media\/73013"}],"wp:attachment":[{"href":"https:\/\/www.pedagogia.it\/digituslab\/wp-json\/wp\/v2\/media?parent=73012"}],"wp:term":[{"taxonomy":"category","embeddable":true,"href":"https:\/\/www.pedagogia.it\/digituslab\/wp-json\/wp\/v2\/categories?post=73012"},{"taxonomy":"post_tag","embeddable":true,"href":"https:\/\/www.pedagogia.it\/digituslab\/wp-json\/wp\/v2\/tags?post=73012"}],"curies":[{"name":"wp","href":"https:\/\/api.w.org\/{rel}","templated":true}]}}