{"id":73019,"date":"2020-02-14T11:20:23","date_gmt":"2020-02-14T10:20:23","guid":{"rendered":"https:\/\/www.pedagogia.it\/digituslab\/?p=73019"},"modified":"2020-02-14T11:20:23","modified_gmt":"2020-02-14T10:20:23","slug":"la-sfida-social-tech-di-mind","status":"publish","type":"post","link":"https:\/\/www.pedagogia.it\/digituslab\/2020\/02\/14\/la-sfida-social-tech-di-mind\/","title":{"rendered":"La sfida social-tech di MIND"},"content":{"rendered":"<p><img decoding=\"async\" class=\"\" src=\"https:\/\/encrypted-tbn0.gstatic.com\/images?q=tbn%3AANd9GcQY140ZWupNJgxAk-K9Ccdh0B_sticIjjjoub0AmIQEV00xQ4Em\" alt=\"Risultato immagini per Vita logo\" width=\"83\" height=\"83\" \/><\/p>\n<p>Leggi L&#8217;articolo &#8211; &#8220;<span style=\"font-size: 10pt\">Di Lorenzo Maria Alvaro<\/span>&#8221; : <a href=\"http:\/\/www.vita.it\/it\/article\/2020\/02\/06\/la-sfida-social-tech-di-mind\/153985\/\">http:\/\/www.vita.it\/it\/article\/2020\/02\/06\/la-sfida-social-tech-di-mind\/153985<\/a><a href=\"http:\/\/www.vita.it\/it\/article\/2020\/02\/06\/la-sfida-social-tech-di-mind\/153985\/\">\/<\/a><\/p>\n<hr \/>\n<h2 class=\"subtitle\"><span style=\"color: #ff0000\">Convergenza e contaminazione tra profit e non profit, trasferimento tecnologico e scienza, investimenti per l\u2019impatto sociale e ambientale, le proposte dei protagonisti del primo Social Innovation Campus:<\/span><\/h2>\n<p><em>Il primo Social Innovation Campus \u00e8 promosso &#8211; in partnership con Arexpo, Lendlease e Istituto Ortopedico Galeazzi &#8211; dalla Social Innovation Academy di Fondazione Triulza, il cui comitato scientifico \u00e8 costituito da ricercatori di innovazione sociale di diverse Universit\u00e0 italiane, realt\u00e0 della Societ\u00e0 Civile, Istituzioni Pubbliche, Imprese e tutti i protagonisti di MIND. Condividono i valori e gli obiettivi del Campus e lo sostengono in qualit\u00e0 di main sponsor Coopfond, Fondo Sviluppo, UBI Banca ed Epson. Con il contributo di Regione Lombardia. Al programma culturale hanno collaborato numerose realt\u00e0 profit, non profit e istituzionali.<\/em><\/p>\n<p><img decoding=\"async\" src=\"http:\/\/i.cdn-vita.it\/blobs\/variants\/e\/1\/d\/7\/e1d73b04-cd3e-4d4d-bf68-6ea5e93c48eb_large.jpg?_637165893738167768\" alt=\"Social Innovation Campus 4\" \/><strong>La giornata di debutto del primo\u00a0<a href=\"https:\/\/www.fondazionetriulza.org\/it\/news\/2019\/09\/19\/il-primo-social-innovation-campus-in-mind\/3788\/\" target=\"_blank\" rel=\"noopener noreferrer\">Social Innovation Campus in MIND<\/a>\u00a0ha visto una grande partecipazione di pubblico: 1500 le adesioni alle due giornante, di cui circa 600 studenti delle scuole superiori di secondo grado, leFP e IFTS.<\/strong><\/p>\n<p><strong>Ci si \u00e8 confrontati su progetti, applicazioni tecnologiche, proposte culturali e politiche economiche capaci di ridistribuire valore pi\u00f9 equamente al territorio e alla societ\u00e0.<\/strong><\/p>\n<hr \/>\n<p>L\u2019iniziativa, promossa dalla\u00a0<a href=\"https:\/\/www.fondazionetriulza.org\/it\/page\/social-innovation-academy\/1184\/\" target=\"_blank\" rel=\"noopener noreferrer\">Social Innovation Academy di Fondazione Triulza<\/a>, si accredita come un grande evento formativo e di contaminazione tra mondi e generazioni diverse, interessate all\u2019impatto sociale e ambientale dell\u2019innovazione e delle tecnologie.<\/p>\n<p><img decoding=\"async\" src=\"http:\/\/i.cdn-vita.it\/blobs\/variants\/a\/8\/e\/3\/a8e3c905-52c9-4efb-8840-0eb5db9ecd55_large.jpg?_637165893538324448\" alt=\"Social Innovation Campus 2\" \/><\/p>\n<p>\u00abCi sono due elementi che abbiamo fortemente voluto in questa prima edizione del Social Innovation Campus\u00bb, spiega\u00a0<strong>Mario Calderini, presidente Comitato Scientifico Social Innovation Academy e Campus<\/strong>, \u00abLa prima \u00e8 la centralit\u00e0 dei giovanissimi nel duplice ruolo di portatori di interessi sul futuro e di interlocutori capaci di offrire nuove soluzioni ai problemi sociali, attraverso la loro prospettiva fresca e innovatrice sui bisogni della societ\u00e0. Il secondo elemento \u00e8 offrire al terzo settore imprenditoriale l\u2019opportunit\u00e0 di dimostrare che pu\u00f2 ingaggiarsi in progetti ad alto valore aggiunto anche attraverso la contaminazione con la tecnologia e con la scienza. In cambio il Terzo Settore imprenditoriale offre a MIND la propria capacit\u00e0 di trasformare le opportunit\u00e0 tecnologiche in modelli di innovazione inclusiva\u00bb<\/p>\n<p><strong>Dal Social Innovation Campus arrivano idee e stimoli che possono essere utili per inaugurare una nuova stagione industriale in Italia<\/strong>\u00a0basata su un rinnovato protagonismo delle cooperative e delle imprese sociali e sulla sperimentazione di nuovi modelli di trasferimento tecnologico verso il Terzo Settore proprio in MIND, l\u2019area milanese dove sta nascendo un ecosistema di eccellenze in ambito scientifico, tecnologico e digitale e un nuovo modello di citt\u00e0.<\/p>\n<p><strong>Massimo Minelli, presidente Fondazione Triulza<\/strong>, spiega infatti come \u00abla nostra Fondazione ha scelto di investire sin da subito in MIND per sviluppare un nuovo approccio culturale e operativo d\u2019innovazione sociale, creando contesti di contaminazione e di confronto, tra le realt\u00e0 del terzo settore e dell\u2019economia civile e gli stakeholder presenti nell\u2019area, cos\u00ec che si possa favorire la nascita di nuovi modelli di economia sociale. Crediamo che questo processo non possa fare a meno di una forte connessione con le comunit\u00e0 locali e, in particolare, con le nuove generazioni se vogliamo che innovazioni tecnologiche e scientifiche diventino patrimonio di tutti\u00bb.<\/p>\n<hr \/>\n<p><img decoding=\"async\" src=\"http:\/\/i.cdn-vita.it\/blobs\/variants\/2\/6\/9\/c\/269ccf4a-c82b-499e-8fb0-1f0f5f72a746_large.jpg?_637165893837903665\" alt=\"Social Innovation Campus 5\" \/><\/p>\n<p>I protagonisti della giornata, rappresentanti del mondo accademico e della ricerca, del terzo settore e dell\u2019economia civile, della filantropia, dell\u2019avvocacy per la sostenibilit\u00e0, della finanza, della tecnologia e gli stakeholder del progetto MIND Milano Innovation District, insieme a giovani studenti universitari e cooperatori, hanno lanciato le prime proposte concrete:\u00a0<strong>creare partenariati tra profit e non profit per promuovere la convergenza tra opportunit\u00e0 tecnologiche e imprenditorialit\u00e0 sociale, sviluppare insieme nuovi strumenti finanziari<\/strong>\u00a0in grado di misurare l\u2019impatto e di destinare investimenti alle imprese che realmente creano valore sociale, avvicinare la scienza e la tecnologia ai cittadini per creare comunit\u00e0 anzich\u00e9 lacerazioni sociali, far leva nella crescente sensibilit\u00e0 verso gli aspetti sociali e ambientali dei giovani che con la loro immaginazione e le loro scelte formative, di consumo e di allocazione del risparmio, possono influenzare i modelli di business tradizionali.<\/p>\n<p>\u00abSiamo chiamati a fronteggiare problemi che non possono avere risposte facili: di fronte alle difficolt\u00e0 dell\u2019accesso alla casa, dell\u2019accesso al lavoro da parte dei pi\u00f9 giovani o alle conseguenze legate all\u2019invecchiamento delle popolazione, non si tratta solo di attrarre risorse ma di trovare nuove soluzioni\u00bb, \u00e8 invece l\u2019intervento di\u00a0<strong>Giovanni Fosti, presidente di Fondazione Cariplo<\/strong>, \u00abOccorre stimolare processi di innovazione sociale che mettano insieme conoscenze e strumenti diversi per trovare soluzioni nuove e pi\u00f9 efficaci per rispondere ai bisogni, non solo dando risorse ma anche creando nuove risorse. Fondazione Cariplo \u00e8 da sempre interessata a promuovere iniziative che permettano di costruire alleanze e soluzioni innovative e di generare valore per le nostre comunit\u00e0, specialmente per le componenti pi\u00f9 fragili\u00bb.<\/p>\n<p>I partecipanti al Social Innovation Campus hanno potuto approfondire dalla prima giornata queste tematiche nell\u2019evento d\u2019apertura e nell\u2019ambito dei numerosi workshop formativi, presentazioni, lectio magistralis e laboratori interattivi ed esperienziali\u00a0<a href=\"https:\/\/sicampus.org\/\" target=\"_blank\" rel=\"noopener noreferrer\">che continueranno anche il 6 febbraio<\/a>.\u00a0<strong>Importante \u00e8 stato il coinvolgimento di giovani universitari, cooperatori e di 27 classi di studenti delle scuole superiori di secondo grado e IFTS<\/strong>: 10 di loro stanno partecipando ad un hackathon di 32 ore non stop per progettare in MIND una citt\u00e0 inclusiva, accogliente ed efficiente per tutti che saranno presentate e premiate gioved\u00ec.<\/p>\n<p>Sono intervenuti nella sessione di apertura: il professore ordinario presso la School of Management del Politecnico di Milano\u00a0<strong>Mario Calderini<\/strong>, presidente del Comitato Scientifico del Campus e della Social Innovation Academy in MIND;\u00a0<strong>Giovanni Fosti<\/strong>, Presidente di Fondazione Cariplo;\u00a0<strong>Mauro Lusetti<\/strong>, Presidente di Legacoop e di Coopfond;\u00a0<strong>Marco Menni<\/strong>, vicepresidente vicario Confcooperative;\u00a0<strong>Pierluigi Stefanini<\/strong>, Presidente di Unipol Gruppo e di ASviS;\u00a0<strong>Riccardo Tramezzani<\/strong>, Responsabile UBI Comunit\u00e0 di UBI Banca, che hanno dialogato con\u00a0<strong>G. Sardana<\/strong>, giovane cooperatore partecipanti a The Economy of Francesco, e cinque studenti dell\u2019Alta Scuola Politecnica:\u00a0<strong>P. Barbato<\/strong>, team Wiseair,\u00a0<strong>F. Pino<\/strong>\u00a0e\u00a0<strong>B. Beltrami<\/strong>, team Zegodi,\u00a0<strong>F. Buccino<\/strong>\u00a0e\u00a0<strong>C. Di Vece<\/strong>, team Theralight.\u00a0<strong>Giovanni Azzone<\/strong>, Presidente di Arexpo,\u00a0<strong>Elena Bottinelli<\/strong>, AD dell\u2019Istituto Ortopedico Galeazzi &#8211; Gruppo San Donato,\u00a0<strong>Massimo Minelli<\/strong>, Presidente di Fondazione Triulza,\u00a0<strong>Massimo Pizzocri<\/strong>, AD di Epson Italia &amp; VP Epson Europe e\u00a0<strong>Andrea Ruckstuhl<\/strong>, Head of Italy and Continental Europe di Lendlease, hanno lanciato obiettivi del progetto e dell\u2019hackathon.<\/p>\n<p>&nbsp;<\/p>\n","protected":false},"excerpt":{"rendered":"<p>Leggi L&#8217;articolo &#8211; &#8220;Di Lorenzo Maria Alvaro&#8221; : http:\/\/www.vita.it\/it\/article\/2020\/02\/06\/la-sfida-social-tech-di-mind\/153985\/ Convergenza e contaminazione tra profit e non profit, trasferimento tecnologico e [&hellip;]<\/p>\n","protected":false},"author":164,"featured_media":73021,"comment_status":"open","ping_status":"open","sticky":false,"template":"","format":"standard","meta":{"footnotes":""},"categories":[18],"tags":[],"class_list":["post-73019","post","type-post","status-publish","format-standard","has-post-thumbnail","hentry","category-rassegna-stampa"],"yoast_head":"<!-- This site is optimized with the Yoast SEO plugin v27.2 - https:\/\/yoast.com\/product\/yoast-seo-wordpress\/ -->\n<title>La sfida social-tech di MIND - Stripes Digitus Lab<\/title>\n<meta name=\"robots\" content=\"index, follow, max-snippet:-1, max-image-preview:large, max-video-preview:-1\" \/>\n<link rel=\"canonical\" href=\"https:\/\/www.pedagogia.it\/digituslab\/2020\/02\/14\/la-sfida-social-tech-di-mind\/\" \/>\n<meta property=\"og:locale\" content=\"it_IT\" \/>\n<meta property=\"og:type\" content=\"article\" \/>\n<meta property=\"og:title\" content=\"La sfida social-tech di MIND - Stripes Digitus Lab\" \/>\n<meta property=\"og:description\" content=\"Leggi L&#8217;articolo &#8211; &#8220;Di Lorenzo Maria Alvaro&#8221; : http:\/\/www.vita.it\/it\/article\/2020\/02\/06\/la-sfida-social-tech-di-mind\/153985\/ Convergenza e contaminazione tra profit e non profit, trasferimento tecnologico e [&hellip;]\" \/>\n<meta property=\"og:url\" content=\"https:\/\/www.pedagogia.it\/digituslab\/2020\/02\/14\/la-sfida-social-tech-di-mind\/\" \/>\n<meta property=\"og:site_name\" content=\"Stripes Digitus Lab\" \/>\n<meta property=\"article:published_time\" content=\"2020-02-14T10:20:23+00:00\" \/>\n<meta property=\"og:image\" content=\"https:\/\/www.pedagogia.it\/digituslab\/wp-content\/uploads\/sites\/6\/2020\/02\/download-e1581675431785.jpeg\" \/>\n\t<meta property=\"og:image:width\" content=\"383\" \/>\n\t<meta property=\"og:image:height\" content=\"131\" \/>\n\t<meta property=\"og:image:type\" content=\"image\/jpeg\" \/>\n<meta name=\"author\" content=\"giuseppe.calabrese\" \/>\n<meta name=\"twitter:card\" content=\"summary_large_image\" \/>\n<meta name=\"twitter:label1\" content=\"Scritto da\" \/>\n\t<meta name=\"twitter:data1\" content=\"giuseppe.calabrese\" \/>\n\t<meta name=\"twitter:label2\" content=\"Tempo di lettura stimato\" \/>\n\t<meta name=\"twitter:data2\" content=\"5 minuti\" \/>\n<script type=\"application\/ld+json\" class=\"yoast-schema-graph\">{\"@context\":\"https:\/\/schema.org\",\"@graph\":[{\"@type\":\"Article\",\"@id\":\"https:\/\/www.pedagogia.it\/digituslab\/2020\/02\/14\/la-sfida-social-tech-di-mind\/#article\",\"isPartOf\":{\"@id\":\"https:\/\/www.pedagogia.it\/digituslab\/2020\/02\/14\/la-sfida-social-tech-di-mind\/\"},\"author\":{\"name\":\"giuseppe.calabrese\",\"@id\":\"https:\/\/www.pedagogia.it\/digituslab\/#\/schema\/person\/c1c971cdf1363de0d968fa5baccb4356\"},\"headline\":\"La sfida social-tech di MIND\",\"datePublished\":\"2020-02-14T10:20:23+00:00\",\"mainEntityOfPage\":{\"@id\":\"https:\/\/www.pedagogia.it\/digituslab\/2020\/02\/14\/la-sfida-social-tech-di-mind\/\"},\"wordCount\":1035,\"commentCount\":0,\"publisher\":{\"@id\":\"https:\/\/www.pedagogia.it\/digituslab\/#organization\"},\"image\":{\"@id\":\"https:\/\/www.pedagogia.it\/digituslab\/2020\/02\/14\/la-sfida-social-tech-di-mind\/#primaryimage\"},\"thumbnailUrl\":\"https:\/\/www.pedagogia.it\/digituslab\/wp-content\/uploads\/sites\/6\/2020\/02\/download-e1581675431785.jpeg\",\"articleSection\":[\"Rassegna Stampa\"],\"inLanguage\":\"it-IT\",\"potentialAction\":[{\"@type\":\"CommentAction\",\"name\":\"Comment\",\"target\":[\"https:\/\/www.pedagogia.it\/digituslab\/2020\/02\/14\/la-sfida-social-tech-di-mind\/#respond\"]}]},{\"@type\":\"WebPage\",\"@id\":\"https:\/\/www.pedagogia.it\/digituslab\/2020\/02\/14\/la-sfida-social-tech-di-mind\/\",\"url\":\"https:\/\/www.pedagogia.it\/digituslab\/2020\/02\/14\/la-sfida-social-tech-di-mind\/\",\"name\":\"La sfida social-tech di MIND - Stripes Digitus Lab\",\"isPartOf\":{\"@id\":\"https:\/\/www.pedagogia.it\/digituslab\/#website\"},\"primaryImageOfPage\":{\"@id\":\"https:\/\/www.pedagogia.it\/digituslab\/2020\/02\/14\/la-sfida-social-tech-di-mind\/#primaryimage\"},\"image\":{\"@id\":\"https:\/\/www.pedagogia.it\/digituslab\/2020\/02\/14\/la-sfida-social-tech-di-mind\/#primaryimage\"},\"thumbnailUrl\":\"https:\/\/www.pedagogia.it\/digituslab\/wp-content\/uploads\/sites\/6\/2020\/02\/download-e1581675431785.jpeg\",\"datePublished\":\"2020-02-14T10:20:23+00:00\",\"breadcrumb\":{\"@id\":\"https:\/\/www.pedagogia.it\/digituslab\/2020\/02\/14\/la-sfida-social-tech-di-mind\/#breadcrumb\"},\"inLanguage\":\"it-IT\",\"potentialAction\":[{\"@type\":\"ReadAction\",\"target\":[\"https:\/\/www.pedagogia.it\/digituslab\/2020\/02\/14\/la-sfida-social-tech-di-mind\/\"]}]},{\"@type\":\"ImageObject\",\"inLanguage\":\"it-IT\",\"@id\":\"https:\/\/www.pedagogia.it\/digituslab\/2020\/02\/14\/la-sfida-social-tech-di-mind\/#primaryimage\",\"url\":\"https:\/\/www.pedagogia.it\/digituslab\/wp-content\/uploads\/sites\/6\/2020\/02\/download-e1581675431785.jpeg\",\"contentUrl\":\"https:\/\/www.pedagogia.it\/digituslab\/wp-content\/uploads\/sites\/6\/2020\/02\/download-e1581675431785.jpeg\",\"width\":383,\"height\":131},{\"@type\":\"BreadcrumbList\",\"@id\":\"https:\/\/www.pedagogia.it\/digituslab\/2020\/02\/14\/la-sfida-social-tech-di-mind\/#breadcrumb\",\"itemListElement\":[{\"@type\":\"ListItem\",\"position\":1,\"name\":\"Home\",\"item\":\"https:\/\/www.pedagogia.it\/digituslab\/\"},{\"@type\":\"ListItem\",\"position\":2,\"name\":\"La sfida social-tech di MIND\"}]},{\"@type\":\"WebSite\",\"@id\":\"https:\/\/www.pedagogia.it\/digituslab\/#website\",\"url\":\"https:\/\/www.pedagogia.it\/digituslab\/\",\"name\":\"Stripes Digitus Lab\",\"description\":\"Centro internazionale di ricerca e innovazione sulla robotica educativa e le tecnologie digitali\",\"publisher\":{\"@id\":\"https:\/\/www.pedagogia.it\/digituslab\/#organization\"},\"potentialAction\":[{\"@type\":\"SearchAction\",\"target\":{\"@type\":\"EntryPoint\",\"urlTemplate\":\"https:\/\/www.pedagogia.it\/digituslab\/?s={search_term_string}\"},\"query-input\":{\"@type\":\"PropertyValueSpecification\",\"valueRequired\":true,\"valueName\":\"search_term_string\"}}],\"inLanguage\":\"it-IT\"},{\"@type\":\"Organization\",\"@id\":\"https:\/\/www.pedagogia.it\/digituslab\/#organization\",\"name\":\"Stripe Digitus Lab\",\"url\":\"https:\/\/www.pedagogia.it\/digituslab\/\",\"logo\":{\"@type\":\"ImageObject\",\"inLanguage\":\"it-IT\",\"@id\":\"https:\/\/www.pedagogia.it\/digituslab\/#\/schema\/logo\/image\/\",\"url\":\"https:\/\/www.pedagogia.it\/digituslab\/wp-content\/uploads\/sites\/6\/2018\/03\/digituslab.png\",\"contentUrl\":\"https:\/\/www.pedagogia.it\/digituslab\/wp-content\/uploads\/sites\/6\/2018\/03\/digituslab.png\",\"width\":280,\"height\":80,\"caption\":\"Stripe Digitus Lab\"},\"image\":{\"@id\":\"https:\/\/www.pedagogia.it\/digituslab\/#\/schema\/logo\/image\/\"}},{\"@type\":\"Person\",\"@id\":\"https:\/\/www.pedagogia.it\/digituslab\/#\/schema\/person\/c1c971cdf1363de0d968fa5baccb4356\",\"name\":\"giuseppe.calabrese\",\"image\":{\"@type\":\"ImageObject\",\"inLanguage\":\"it-IT\",\"@id\":\"https:\/\/secure.gravatar.com\/avatar\/42d85ccfdd8b4711f988ac669c19341221c710a50e678899cac14d4178533811?s=96&d=mm&r=g\",\"url\":\"https:\/\/secure.gravatar.com\/avatar\/42d85ccfdd8b4711f988ac669c19341221c710a50e678899cac14d4178533811?s=96&d=mm&r=g\",\"contentUrl\":\"https:\/\/secure.gravatar.com\/avatar\/42d85ccfdd8b4711f988ac669c19341221c710a50e678899cac14d4178533811?s=96&d=mm&r=g\",\"caption\":\"giuseppe.calabrese\"},\"url\":\"https:\/\/www.pedagogia.it\/digituslab\/author\/giuseppecalabrese\/\"}]}<\/script>\n<!-- \/ Yoast SEO plugin. -->","yoast_head_json":{"title":"La sfida social-tech di MIND - Stripes Digitus Lab","robots":{"index":"index","follow":"follow","max-snippet":"max-snippet:-1","max-image-preview":"max-image-preview:large","max-video-preview":"max-video-preview:-1"},"canonical":"https:\/\/www.pedagogia.it\/digituslab\/2020\/02\/14\/la-sfida-social-tech-di-mind\/","og_locale":"it_IT","og_type":"article","og_title":"La sfida social-tech di MIND - Stripes Digitus Lab","og_description":"Leggi L&#8217;articolo &#8211; &#8220;Di Lorenzo Maria Alvaro&#8221; : http:\/\/www.vita.it\/it\/article\/2020\/02\/06\/la-sfida-social-tech-di-mind\/153985\/ Convergenza e contaminazione tra profit e non profit, trasferimento tecnologico e [&hellip;]","og_url":"https:\/\/www.pedagogia.it\/digituslab\/2020\/02\/14\/la-sfida-social-tech-di-mind\/","og_site_name":"Stripes Digitus Lab","article_published_time":"2020-02-14T10:20:23+00:00","og_image":[{"width":383,"height":131,"url":"https:\/\/www.pedagogia.it\/digituslab\/wp-content\/uploads\/sites\/6\/2020\/02\/download-e1581675431785.jpeg","type":"image\/jpeg"}],"author":"giuseppe.calabrese","twitter_card":"summary_large_image","twitter_misc":{"Scritto da":"giuseppe.calabrese","Tempo di lettura stimato":"5 minuti"},"schema":{"@context":"https:\/\/schema.org","@graph":[{"@type":"Article","@id":"https:\/\/www.pedagogia.it\/digituslab\/2020\/02\/14\/la-sfida-social-tech-di-mind\/#article","isPartOf":{"@id":"https:\/\/www.pedagogia.it\/digituslab\/2020\/02\/14\/la-sfida-social-tech-di-mind\/"},"author":{"name":"giuseppe.calabrese","@id":"https:\/\/www.pedagogia.it\/digituslab\/#\/schema\/person\/c1c971cdf1363de0d968fa5baccb4356"},"headline":"La sfida social-tech di MIND","datePublished":"2020-02-14T10:20:23+00:00","mainEntityOfPage":{"@id":"https:\/\/www.pedagogia.it\/digituslab\/2020\/02\/14\/la-sfida-social-tech-di-mind\/"},"wordCount":1035,"commentCount":0,"publisher":{"@id":"https:\/\/www.pedagogia.it\/digituslab\/#organization"},"image":{"@id":"https:\/\/www.pedagogia.it\/digituslab\/2020\/02\/14\/la-sfida-social-tech-di-mind\/#primaryimage"},"thumbnailUrl":"https:\/\/www.pedagogia.it\/digituslab\/wp-content\/uploads\/sites\/6\/2020\/02\/download-e1581675431785.jpeg","articleSection":["Rassegna Stampa"],"inLanguage":"it-IT","potentialAction":[{"@type":"CommentAction","name":"Comment","target":["https:\/\/www.pedagogia.it\/digituslab\/2020\/02\/14\/la-sfida-social-tech-di-mind\/#respond"]}]},{"@type":"WebPage","@id":"https:\/\/www.pedagogia.it\/digituslab\/2020\/02\/14\/la-sfida-social-tech-di-mind\/","url":"https:\/\/www.pedagogia.it\/digituslab\/2020\/02\/14\/la-sfida-social-tech-di-mind\/","name":"La sfida social-tech di MIND - Stripes Digitus Lab","isPartOf":{"@id":"https:\/\/www.pedagogia.it\/digituslab\/#website"},"primaryImageOfPage":{"@id":"https:\/\/www.pedagogia.it\/digituslab\/2020\/02\/14\/la-sfida-social-tech-di-mind\/#primaryimage"},"image":{"@id":"https:\/\/www.pedagogia.it\/digituslab\/2020\/02\/14\/la-sfida-social-tech-di-mind\/#primaryimage"},"thumbnailUrl":"https:\/\/www.pedagogia.it\/digituslab\/wp-content\/uploads\/sites\/6\/2020\/02\/download-e1581675431785.jpeg","datePublished":"2020-02-14T10:20:23+00:00","breadcrumb":{"@id":"https:\/\/www.pedagogia.it\/digituslab\/2020\/02\/14\/la-sfida-social-tech-di-mind\/#breadcrumb"},"inLanguage":"it-IT","potentialAction":[{"@type":"ReadAction","target":["https:\/\/www.pedagogia.it\/digituslab\/2020\/02\/14\/la-sfida-social-tech-di-mind\/"]}]},{"@type":"ImageObject","inLanguage":"it-IT","@id":"https:\/\/www.pedagogia.it\/digituslab\/2020\/02\/14\/la-sfida-social-tech-di-mind\/#primaryimage","url":"https:\/\/www.pedagogia.it\/digituslab\/wp-content\/uploads\/sites\/6\/2020\/02\/download-e1581675431785.jpeg","contentUrl":"https:\/\/www.pedagogia.it\/digituslab\/wp-content\/uploads\/sites\/6\/2020\/02\/download-e1581675431785.jpeg","width":383,"height":131},{"@type":"BreadcrumbList","@id":"https:\/\/www.pedagogia.it\/digituslab\/2020\/02\/14\/la-sfida-social-tech-di-mind\/#breadcrumb","itemListElement":[{"@type":"ListItem","position":1,"name":"Home","item":"https:\/\/www.pedagogia.it\/digituslab\/"},{"@type":"ListItem","position":2,"name":"La sfida social-tech di MIND"}]},{"@type":"WebSite","@id":"https:\/\/www.pedagogia.it\/digituslab\/#website","url":"https:\/\/www.pedagogia.it\/digituslab\/","name":"Stripes Digitus Lab","description":"Centro internazionale di ricerca e innovazione sulla robotica educativa e le tecnologie digitali","publisher":{"@id":"https:\/\/www.pedagogia.it\/digituslab\/#organization"},"potentialAction":[{"@type":"SearchAction","target":{"@type":"EntryPoint","urlTemplate":"https:\/\/www.pedagogia.it\/digituslab\/?s={search_term_string}"},"query-input":{"@type":"PropertyValueSpecification","valueRequired":true,"valueName":"search_term_string"}}],"inLanguage":"it-IT"},{"@type":"Organization","@id":"https:\/\/www.pedagogia.it\/digituslab\/#organization","name":"Stripe Digitus Lab","url":"https:\/\/www.pedagogia.it\/digituslab\/","logo":{"@type":"ImageObject","inLanguage":"it-IT","@id":"https:\/\/www.pedagogia.it\/digituslab\/#\/schema\/logo\/image\/","url":"https:\/\/www.pedagogia.it\/digituslab\/wp-content\/uploads\/sites\/6\/2018\/03\/digituslab.png","contentUrl":"https:\/\/www.pedagogia.it\/digituslab\/wp-content\/uploads\/sites\/6\/2018\/03\/digituslab.png","width":280,"height":80,"caption":"Stripe Digitus Lab"},"image":{"@id":"https:\/\/www.pedagogia.it\/digituslab\/#\/schema\/logo\/image\/"}},{"@type":"Person","@id":"https:\/\/www.pedagogia.it\/digituslab\/#\/schema\/person\/c1c971cdf1363de0d968fa5baccb4356","name":"giuseppe.calabrese","image":{"@type":"ImageObject","inLanguage":"it-IT","@id":"https:\/\/secure.gravatar.com\/avatar\/42d85ccfdd8b4711f988ac669c19341221c710a50e678899cac14d4178533811?s=96&d=mm&r=g","url":"https:\/\/secure.gravatar.com\/avatar\/42d85ccfdd8b4711f988ac669c19341221c710a50e678899cac14d4178533811?s=96&d=mm&r=g","contentUrl":"https:\/\/secure.gravatar.com\/avatar\/42d85ccfdd8b4711f988ac669c19341221c710a50e678899cac14d4178533811?s=96&d=mm&r=g","caption":"giuseppe.calabrese"},"url":"https:\/\/www.pedagogia.it\/digituslab\/author\/giuseppecalabrese\/"}]}},"_links":{"self":[{"href":"https:\/\/www.pedagogia.it\/digituslab\/wp-json\/wp\/v2\/posts\/73019","targetHints":{"allow":["GET"]}}],"collection":[{"href":"https:\/\/www.pedagogia.it\/digituslab\/wp-json\/wp\/v2\/posts"}],"about":[{"href":"https:\/\/www.pedagogia.it\/digituslab\/wp-json\/wp\/v2\/types\/post"}],"author":[{"embeddable":true,"href":"https:\/\/www.pedagogia.it\/digituslab\/wp-json\/wp\/v2\/users\/164"}],"replies":[{"embeddable":true,"href":"https:\/\/www.pedagogia.it\/digituslab\/wp-json\/wp\/v2\/comments?post=73019"}],"version-history":[{"count":0,"href":"https:\/\/www.pedagogia.it\/digituslab\/wp-json\/wp\/v2\/posts\/73019\/revisions"}],"wp:featuredmedia":[{"embeddable":true,"href":"https:\/\/www.pedagogia.it\/digituslab\/wp-json\/wp\/v2\/media\/73021"}],"wp:attachment":[{"href":"https:\/\/www.pedagogia.it\/digituslab\/wp-json\/wp\/v2\/media?parent=73019"}],"wp:term":[{"taxonomy":"category","embeddable":true,"href":"https:\/\/www.pedagogia.it\/digituslab\/wp-json\/wp\/v2\/categories?post=73019"},{"taxonomy":"post_tag","embeddable":true,"href":"https:\/\/www.pedagogia.it\/digituslab\/wp-json\/wp\/v2\/tags?post=73019"}],"curies":[{"name":"wp","href":"https:\/\/api.w.org\/{rel}","templated":true}]}}