{"id":15206,"date":"2022-03-16T10:57:22","date_gmt":"2022-03-16T09:57:22","guid":{"rendered":"https:\/\/www.pedagogia.it\/stripes\/?p=15206"},"modified":"2022-12-27T10:08:53","modified_gmt":"2022-12-27T09:08:53","slug":"progetto-rami-rigenerare-lambiente-in-modo-inclusivo","status":"publish","type":"post","link":"https:\/\/www.pedagogia.it\/stripes\/progetto-rami-rigenerare-lambiente-in-modo-inclusivo\/","title":{"rendered":"Progetto Rami, Rigenerare l\u2019Ambiente in Modo Inclusivo"},"content":{"rendered":"<div class=\"wpb-content-wrapper\"><div data-parent=\"true\" class=\"vc_row row-container boomapps_vcrow\" id=\"row-unique-0\"><div class=\"row limit-width row-parent\"><div class=\"wpb_row row-inner\"><div class=\"wpb_column pos-top pos-center align_left column_parent col-lg-8 boomapps_vccolumn single-internal-gutter\"><div class=\"uncol style-light\"  ><div class=\"uncoltable\"><div class=\"uncell  boomapps_vccolumn no-block-padding\" ><div class=\"uncont\" ><div class=\"vc_custom_heading_wrap \"><div class=\"heading-text el-text\" ><\/p>\n<h2><strong>Progetto Rami &#8211; Rigenerare l\u2019Ambiente in Modo Inclusivo<\/strong><\/h2>\n<p>\n<\/div><div class=\"clear\"><\/div><\/div><div class=\"uncode_text_column\" ><p>Il Progetto Rami \u00e8 un progetto promosso da <strong>STRIPES<\/strong>, la <strong>Cooperativa La Giostra<\/strong> e dal <strong>Comune di Vanzago <\/strong>con il contributo di <strong>Fondazione Comunitaria Nord Milano<\/strong>. \u00c8 attivo da dicembre 2021 a luglio 2022 ed ha l\u2019obbiettivo di promuovere spazi di socialit\u00e0 rivolti alla comunit\u00e0 locale attraverso la promozione di attivit\u00e0 innovative, spazi ed esperienze a tema green.<\/p>\n<p>In particolare il progetto prevede la <strong>realizzazione di un frutteto sociale<\/strong> \u201c<strong>Piccoli Frutti<\/strong>\u201d nello spazio verde del<br \/>\n<span style=\"text-decoration: underline\"><a href=\"https:\/\/www.pedagogia.it\/stripes\/lo-scrigno-vanzago\/\">Polo per l\u2019infanzia e la Famiglia \u201cLo Scrigno\u201d<\/a><\/span>.<br \/>\nLa finalit\u00e0 principale sar\u00e0 quella di creare spazi di condivisione e socialit\u00e0 tra i cittadini promuovendo in ambito locale il perseguimento degli <strong>Obiettivi di Sviluppo Sostenibile dell\u2019Agenda 2030<\/strong> con particolare attenzione all\u2019educazione di qualit\u00e0, al consumo e alla produzione responsabili, alla creazione di comunit\u00e0 sostenibili.<br \/>\nIl progetto Rami oltre alla realizzazione e la cura del frutteto sociale, si realizzer\u00e0 attraverso laboratori di outdoor education, eventi aperti alla cittadinanza, incontri a tema con esperti del settore, per sensibilizzare alla salvaguardia, gestione e pianificazione dell\u2019ambiente.<\/p>\n<\/div><div class=\"divider-wrapper \"  >\n    <hr class=\"unseparator border-color-iopl-color separator-no-padding\"  \/>\n<\/div>\n<div class=\"uncode_text_column\" ><\/p>\n<h3 style=\"text-align: left\"><span style=\"font-size: 14pt\"><strong><span style=\"text-decoration: underline\">Per info e iscrizioni:<\/span><\/strong><\/span><\/h3>\n<p style=\"text-align: left\"><strong><span style=\"font-size: 12pt\">Antonia Palumbo, <\/span><\/strong><span style=\"font-size: 12pt\">referente del Progetto RAMI<\/span><strong><span style=\"font-size: 12pt\"><br \/>\nTelefono: <\/span><\/strong><span style=\"font-size: 12pt\">344 2924334<\/span><strong><span style=\"font-size: 12pt\"><br \/>\nE-mail: <\/span><\/strong><span style=\"font-size: 12pt\">antonia.palumbo@pedagogia.it<\/span><\/p>\n<p><span style=\"font-size: 12pt\">Ricordiamo inoltre che sar\u00e0 possibile conoscere le prossime iniziative e partecipare attivamente alla messa a dimora e cura del frutteto seguendo la pagina Facebook:\u00a0<span style=\"text-decoration: underline\"><a href=\"https:\/\/www.facebook.com\/loscrignodivanzago\/\"><strong>Polo infanzia 0-6 \u201clo Scrigno\u201d<\/strong><\/a><\/span><\/span><\/p>\n<\/div><div class=\"divider-wrapper \"  >\n    <hr class=\"unseparator border-color-iopl-color separator-no-padding\"  \/>\n<\/div>\n<div class=\"vc_custom_heading_wrap \"><div class=\"heading-text el-text\" ><h2 class=\"h2\" ><span><span style=\"font-size: 18pt\"><strong><span style=\"color: #339966\">Scopri tutte le attivit\u00e0 del progetto Rami<\/span><\/strong><\/span><\/span><\/h2><\/div><div class=\"clear\"><\/div><\/div><div class=\"un-media-gallery owl-carousel-wrapper\">\n\t\t\n\t\n\t<div class=\"owl-carousel-container owl-carousel-loading single-gutter\" >\n\t\t\t\t\t\t\t\t\t<div id=\"gallery-182676\" class=\"owl-carousel owl-element owl-height-equal\" data-navmobile=\"false\" data-navspeed=\"400\" data-autoplay=\"true\" data-timeout=\"3000\" data-stagepadding=\"0\" data-lg=\"3\" data-md=\"3\" data-sm=\"1\">\n<div class=\"tmb tmb-carousel tmb-iso-h4 tmb-light tmb-overlay-text-anim tmb-overlay-anim tmb-overlay-middle tmb-overlay-text-left tmb-image-anim tmb-bordered tmb-id-15632  tmb-media-first tmb-media-last tmb-content-overlay tmb-no-bg tmb-lightbox\" ><div class=\"t-inside no-anim\" ><div class=\"t-entry-visual\"><div class=\"t-entry-visual-tc\"><div class=\"t-entry-visual-cont\"><div class=\"dummy\" style=\"padding-top: 141.4%;\"><\/div><a href=\"https:\/\/www.pedagogia.it\/stripes\/wp-content\/uploads\/sites\/7\/2022\/03\/RAMI_promo_volontari_A4.jpg\"  class=\"pushed\" data-active=\"1\" data-lbox=\"ilightbox_gallery-182676\" data-options=\"width:1240,height:1753,thumbnail: 'https:\/\/www.pedagogia.it\/stripes\/wp-content\/uploads\/sites\/7\/2022\/03\/RAMI_promo_volontari_A4-212x300.jpg'\" data-lb-index=\"0\"><div class=\"t-entry-visual-overlay\"><div class=\"t-entry-visual-overlay-in style-dark-bg\" style=\"opacity: 0.5;\"><\/div><\/div><img decoding=\"async\" class=\"wp-image-15632\" src=\"https:\/\/www.pedagogia.it\/stripes\/wp-content\/uploads\/sites\/7\/2022\/03\/RAMI_promo_volontari_A4.jpg\" width=\"1240\" height=\"1753\" alt=\"\" srcset=\"https:\/\/www.pedagogia.it\/stripes\/wp-content\/uploads\/sites\/7\/2022\/03\/RAMI_promo_volontari_A4.jpg 1240w, https:\/\/www.pedagogia.it\/stripes\/wp-content\/uploads\/sites\/7\/2022\/03\/RAMI_promo_volontari_A4-212x300.jpg 212w, https:\/\/www.pedagogia.it\/stripes\/wp-content\/uploads\/sites\/7\/2022\/03\/RAMI_promo_volontari_A4-724x1024.jpg 724w, https:\/\/www.pedagogia.it\/stripes\/wp-content\/uploads\/sites\/7\/2022\/03\/RAMI_promo_volontari_A4-768x1086.jpg 768w, https:\/\/www.pedagogia.it\/stripes\/wp-content\/uploads\/sites\/7\/2022\/03\/RAMI_promo_volontari_A4-1087x1536.jpg 1087w, https:\/\/www.pedagogia.it\/stripes\/wp-content\/uploads\/sites\/7\/2022\/03\/RAMI_promo_volontari_A4-600x848.jpg 600w\" sizes=\"(max-width: 1240px) 100vw, 1240px\" \/><\/a><\/div>\n\t\t\t\t\t<\/div>\n\t\t\t\t<\/div><\/div><\/div><div class=\"tmb tmb-carousel tmb-iso-h4 tmb-light tmb-overlay-text-anim tmb-overlay-anim tmb-overlay-middle tmb-overlay-text-left tmb-image-anim tmb-bordered tmb-id-15231  tmb-media-first tmb-media-last tmb-content-overlay tmb-no-bg tmb-lightbox\" ><div class=\"t-inside no-anim\" ><div class=\"t-entry-visual\"><div class=\"t-entry-visual-tc\"><div class=\"t-entry-visual-cont\"><div class=\"dummy\" style=\"padding-top: 141.5%;\"><\/div><a href=\"https:\/\/www.pedagogia.it\/stripes\/wp-content\/uploads\/sites\/7\/2022\/03\/RAMI_inaugurazione_A4_hr-1.jpg\"  class=\"pushed\" data-active=\"1\" data-lbox=\"ilightbox_gallery-182676\" data-options=\"width:1240,height:1754,thumbnail: 'https:\/\/www.pedagogia.it\/stripes\/wp-content\/uploads\/sites\/7\/2022\/03\/RAMI_inaugurazione_A4_hr-1-212x300.jpg'\" data-lb-index=\"1\"><div class=\"t-entry-visual-overlay\"><div class=\"t-entry-visual-overlay-in style-dark-bg\" style=\"opacity: 0.5;\"><\/div><\/div><img decoding=\"async\" class=\"wp-image-15231\" src=\"https:\/\/www.pedagogia.it\/stripes\/wp-content\/uploads\/sites\/7\/2022\/03\/RAMI_inaugurazione_A4_hr-1.jpg\" width=\"1240\" height=\"1754\" alt=\"\" srcset=\"https:\/\/www.pedagogia.it\/stripes\/wp-content\/uploads\/sites\/7\/2022\/03\/RAMI_inaugurazione_A4_hr-1.jpg 1240w, https:\/\/www.pedagogia.it\/stripes\/wp-content\/uploads\/sites\/7\/2022\/03\/RAMI_inaugurazione_A4_hr-1-212x300.jpg 212w, https:\/\/www.pedagogia.it\/stripes\/wp-content\/uploads\/sites\/7\/2022\/03\/RAMI_inaugurazione_A4_hr-1-724x1024.jpg 724w, https:\/\/www.pedagogia.it\/stripes\/wp-content\/uploads\/sites\/7\/2022\/03\/RAMI_inaugurazione_A4_hr-1-768x1086.jpg 768w, https:\/\/www.pedagogia.it\/stripes\/wp-content\/uploads\/sites\/7\/2022\/03\/RAMI_inaugurazione_A4_hr-1-1086x1536.jpg 1086w, https:\/\/www.pedagogia.it\/stripes\/wp-content\/uploads\/sites\/7\/2022\/03\/RAMI_inaugurazione_A4_hr-1-600x849.jpg 600w\" sizes=\"(max-width: 1240px) 100vw, 1240px\" \/><\/a><\/div>\n\t\t\t\t\t<\/div>\n\t\t\t\t<\/div><\/div><\/div><div class=\"tmb tmb-carousel tmb-iso-h4 tmb-light tmb-overlay-text-anim tmb-overlay-anim tmb-overlay-middle tmb-overlay-text-left tmb-image-anim tmb-bordered tmb-id-15232  tmb-media-first tmb-media-last tmb-content-overlay tmb-no-bg tmb-lightbox\" ><div class=\"t-inside no-anim\" ><div class=\"t-entry-visual\"><div class=\"t-entry-visual-tc\"><div class=\"t-entry-visual-cont\"><div class=\"dummy\" style=\"padding-top: 141.5%;\"><\/div><a href=\"https:\/\/www.pedagogia.it\/stripes\/wp-content\/uploads\/sites\/7\/2022\/03\/RAMI_19_marzo.jpg\"  class=\"pushed\" data-active=\"1\" data-lbox=\"ilightbox_gallery-182676\" data-options=\"width:1240,height:1754,thumbnail: 'https:\/\/www.pedagogia.it\/stripes\/wp-content\/uploads\/sites\/7\/2022\/03\/RAMI_19_marzo-212x300.jpg'\" data-lb-index=\"2\"><div class=\"t-entry-visual-overlay\"><div class=\"t-entry-visual-overlay-in style-dark-bg\" style=\"opacity: 0.5;\"><\/div><\/div><img decoding=\"async\" class=\"wp-image-15232\" src=\"https:\/\/www.pedagogia.it\/stripes\/wp-content\/uploads\/sites\/7\/2022\/03\/RAMI_19_marzo.jpg\" width=\"1240\" height=\"1754\" alt=\"\" srcset=\"https:\/\/www.pedagogia.it\/stripes\/wp-content\/uploads\/sites\/7\/2022\/03\/RAMI_19_marzo.jpg 1240w, https:\/\/www.pedagogia.it\/stripes\/wp-content\/uploads\/sites\/7\/2022\/03\/RAMI_19_marzo-212x300.jpg 212w, https:\/\/www.pedagogia.it\/stripes\/wp-content\/uploads\/sites\/7\/2022\/03\/RAMI_19_marzo-724x1024.jpg 724w, https:\/\/www.pedagogia.it\/stripes\/wp-content\/uploads\/sites\/7\/2022\/03\/RAMI_19_marzo-768x1086.jpg 768w, https:\/\/www.pedagogia.it\/stripes\/wp-content\/uploads\/sites\/7\/2022\/03\/RAMI_19_marzo-1086x1536.jpg 1086w, https:\/\/www.pedagogia.it\/stripes\/wp-content\/uploads\/sites\/7\/2022\/03\/RAMI_19_marzo-600x849.jpg 600w\" sizes=\"(max-width: 1240px) 100vw, 1240px\" \/><\/a><\/div>\n\t\t\t\t\t<\/div>\n\t\t\t\t<\/div><\/div><\/div>\t\t\t<\/div>\n\t\t\t\t\t<\/div>\n\n\t\n\t\n\t\n<\/div>\n\n<\/div><\/div><\/div><\/div><\/div><div class=\"wpb_column pos-top pos-center align_center column_parent col-lg-4 boomapps_vccolumn single-internal-gutter\"><div class=\"uncol style-light\"  ><div class=\"uncoltable\"><div class=\"uncell  vc_custom_1627293172194 boomapps_vccolumn single-block-padding style-color-gyho-bg has-bg\" style=\"padding-top: 5px ;padding-right: 5px ;padding-bottom: 5px ;padding-left: 5px ;\" ><div class=\"uncont\" ><div class=\"empty-space empty-single\" ><span class=\"empty-space-inner\"><\/span><\/div>\n<div class=\"uncode-single-media  text-center\"><div class=\"single-wrapper\" style=\"max-width: 85%;\"><div class=\"uncode-single-media-wrapper single-advanced\"><div class=\"tmb tmb-light tmb-overlay-text-anim tmb-overlay-anim tmb-overlay-text-left tmb-image-anim  tmb-media-first tmb-media-last tmb-content-overlay tmb-no-bg\" ><div class=\"t-inside\" ><div class=\"t-entry-visual\"><div class=\"t-entry-visual-tc\"><div class=\"t-entry-visual-cont\"><div class=\"dummy\" style=\"padding-top: 100%;\"><\/div><a  class=\"inactive-link pushed\"><div class=\"t-entry-visual-overlay\"><div class=\"t-entry-visual-overlay-in style-dark-bg\" style=\"opacity: 0.5;\"><\/div><\/div><img decoding=\"async\" class=\"wp-image-15255\" src=\"https:\/\/www.pedagogia.it\/stripes\/wp-content\/uploads\/sites\/7\/2022\/03\/Progetto-senza-titolo-1.png\" width=\"1080\" height=\"1080\" alt=\"\" srcset=\"https:\/\/www.pedagogia.it\/stripes\/wp-content\/uploads\/sites\/7\/2022\/03\/Progetto-senza-titolo-1.png 1080w, https:\/\/www.pedagogia.it\/stripes\/wp-content\/uploads\/sites\/7\/2022\/03\/Progetto-senza-titolo-1-300x300.png 300w, https:\/\/www.pedagogia.it\/stripes\/wp-content\/uploads\/sites\/7\/2022\/03\/Progetto-senza-titolo-1-1024x1024.png 1024w, https:\/\/www.pedagogia.it\/stripes\/wp-content\/uploads\/sites\/7\/2022\/03\/Progetto-senza-titolo-1-150x150.png 150w, https:\/\/www.pedagogia.it\/stripes\/wp-content\/uploads\/sites\/7\/2022\/03\/Progetto-senza-titolo-1-768x768.png 768w, https:\/\/www.pedagogia.it\/stripes\/wp-content\/uploads\/sites\/7\/2022\/03\/Progetto-senza-titolo-1-600x600.png 600w, https:\/\/www.pedagogia.it\/stripes\/wp-content\/uploads\/sites\/7\/2022\/03\/Progetto-senza-titolo-1-100x100.png 100w\" sizes=\"(max-width: 1080px) 100vw, 1080px\" \/><\/a><\/div>\n\t\t\t\t\t<\/div>\n\t\t\t\t<\/div><\/div><\/div><\/div><\/div><\/div><span class=\"btn-container\" ><a role=\"button\"  href=\"https:\/\/www.pedagogia.it\/stripes\/progetto-ramirigenerare-lambiente-in-modo-inclusivo-il-frutteto-sociale-piccoli-frutti\/\" class=\"custom-link btn border-width-0 btn-color-401380 btn-round btn-icon-left\">Leggi il comunicato stampa<\/a><\/span><div class=\"empty-space empty-single\" ><span class=\"empty-space-inner\"><\/span><\/div>\n<div class=\"vc_custom_heading_wrap \"><div class=\"heading-text el-text\" ><\/p>\n<h2><em>Newsletter<\/em><\/h2>\n<p>\n<\/div><div class=\"clear\"><\/div><\/div><div class=\"empty-space empty-single\" ><span class=\"empty-space-inner\"><\/span><\/div>\n\n<div class=\"wpcf7 no-js\" id=\"wpcf7-f4424-o1\" lang=\"it-IT\" dir=\"ltr\" data-wpcf7-id=\"4424\">\n<div class=\"screen-reader-response\"><p role=\"status\" aria-live=\"polite\" aria-atomic=\"true\"><\/p> <ul><\/ul><\/div>\n<form action=\"\/stripes\/wp-json\/wp\/v2\/posts\/15206#wpcf7-f4424-o1\" method=\"post\" class=\"wpcf7-form init\" aria-label=\"Modulo di contatto\" novalidate=\"novalidate\" data-status=\"init\">\n<fieldset class=\"hidden-fields-container\"><input type=\"hidden\" name=\"_wpcf7\" value=\"4424\" \/><input type=\"hidden\" name=\"_wpcf7_version\" value=\"6.1.5\" \/><input type=\"hidden\" name=\"_wpcf7_locale\" value=\"it_IT\" \/><input type=\"hidden\" name=\"_wpcf7_unit_tag\" value=\"wpcf7-f4424-o1\" \/><input type=\"hidden\" name=\"_wpcf7_container_post\" value=\"0\" \/><input type=\"hidden\" name=\"_wpcf7_posted_data_hash\" value=\"\" \/><input type=\"hidden\" name=\"_wpcf7_recaptcha_response\" value=\"\" \/>\n<\/fieldset>\n<div id=\u201dtwo-column\u201d>\n\t<div id=\u201dleft\u201d>\n\t\t<p>First Name<br \/>\n<span class=\"wpcf7-form-control-wrap\" data-name=\"first-name\"><input size=\"40\" maxlength=\"400\" class=\"wpcf7-form-control wpcf7-text wpcf7-validates-as-required\" aria-required=\"true\" aria-invalid=\"false\" value=\"\" type=\"text\" name=\"first-name\" \/><\/span>\n\t\t<\/p>\n\t\t<p>Email<br \/>\n<span class=\"wpcf7-form-control-wrap\" data-name=\"your-email\"><input size=\"40\" maxlength=\"400\" class=\"wpcf7-form-control wpcf7-email wpcf7-validates-as-required wpcf7-text wpcf7-validates-as-email\" aria-required=\"true\" aria-invalid=\"false\" value=\"\" type=\"email\" name=\"your-email\" \/><\/span>\n\t\t<\/p>\n\t<\/div>\n\t<div id=\u201dright\u201d>\n\t\t<p>Last Name<br \/>\n<span class=\"wpcf7-form-control-wrap\" data-name=\"last-name\"><input size=\"40\" maxlength=\"400\" class=\"wpcf7-form-control wpcf7-text wpcf7-validates-as-required\" aria-required=\"true\" aria-invalid=\"false\" value=\"\" type=\"text\" name=\"last-name\" \/><\/span>\n\t\t<\/p>\n\t\t<p>Dichiaro di aver letto l'informativa della <a href=\"https:\/\/www.pedagogia.it\/stripes\/privacy-policy\/\">privacy<\/a> e di acconsentire al trattamento dei dati personali (richiesto)<br \/>\n<span class=\"wpcf7-form-control-wrap\" data-name=\"privacy\"><span class=\"wpcf7-form-control wpcf7-acceptance\"><span class=\"wpcf7-list-item\"><input type=\"checkbox\" name=\"privacy\" value=\"1\" aria-invalid=\"false\" \/><\/span><\/span><\/span>\n\t\t<\/p>\n\t<\/div>\n<\/div><div class=\"wpcf7-response-output\" aria-hidden=\"true\"><\/div>\n<\/form>\n<\/div>\n<\/div><\/div><\/div><\/div><\/div><script id=\"script-row-unique-0\" data-row=\"script-row-unique-0\" type=\"text\/javascript\" class=\"vc_controls\">UNCODE.initRow(document.getElementById(\"row-unique-0\"));<\/script><\/div><\/div><\/div><div data-parent=\"true\" class=\"vc_row row-container boomapps_vcrow\" id=\"row-unique-1\"><div class=\"row limit-width row-parent\"><div class=\"wpb_row row-inner\"><div class=\"wpb_column pos-top pos-center align_left column_parent col-lg-12 boomapps_vccolumn single-internal-gutter\"><div class=\"uncol style-light\"  ><div class=\"uncoltable\"><div class=\"uncell  boomapps_vccolumn no-block-padding\" ><div class=\"uncont\" ><div class=\"divider-wrapper \"  >\n    <hr class=\"unseparator border-color-iopl-color separator-no-padding\"  \/>\n<\/div>\n<div class=\"vc_custom_heading_wrap \"><div class=\"heading-text el-text\" ><h2 class=\"h2\" ><span><span style=\"font-size: 18pt\"><strong><span style=\"color: #339966\">Diventa volontario del frutteto sociale &#8220;Piccoli frutti&#8221;!<\/span><\/strong><\/span><\/span><\/h2><\/div><div class=\"clear\"><\/div><\/div><\/div><\/div><\/div><\/div><\/div><script id=\"script-row-unique-1\" data-row=\"script-row-unique-1\" type=\"text\/javascript\" class=\"vc_controls\">UNCODE.initRow(document.getElementById(\"row-unique-1\"));<\/script><\/div><\/div><\/div><div data-parent=\"true\" class=\"vc_row row-container boomapps_vcrow\" id=\"row-unique-2\"><div class=\"row limit-width row-parent\"><div class=\"wpb_row row-inner\"><div class=\"wpb_column pos-top pos-center align_left column_parent col-lg-6 boomapps_vccolumn single-internal-gutter\"><div class=\"uncol style-light\"  ><div class=\"uncoltable\"><div class=\"uncell  boomapps_vccolumn no-block-padding\" ><div class=\"uncont\" ><div class=\"uncode-single-media  text-left\"><div class=\"single-wrapper\" style=\"max-width: 100%;\"><div class=\"tmb tmb-light  tmb-media-first tmb-media-last tmb-content-overlay tmb-no-bg\"><div class=\"t-inside\"><div class=\"t-entry-visual\"><div class=\"t-entry-visual-tc\"><div class=\"uncode-single-media-wrapper\"><img decoding=\"async\" class=\"wp-image-16270\" src=\"https:\/\/www.pedagogia.it\/stripes\/wp-content\/uploads\/sites\/7\/2022\/03\/RAMI_volontario_cartolina_HR2-1.jpg\" width=\"874\" height=\"620\" alt=\"\" srcset=\"https:\/\/www.pedagogia.it\/stripes\/wp-content\/uploads\/sites\/7\/2022\/03\/RAMI_volontario_cartolina_HR2-1.jpg 874w, https:\/\/www.pedagogia.it\/stripes\/wp-content\/uploads\/sites\/7\/2022\/03\/RAMI_volontario_cartolina_HR2-1-300x213.jpg 300w, https:\/\/www.pedagogia.it\/stripes\/wp-content\/uploads\/sites\/7\/2022\/03\/RAMI_volontario_cartolina_HR2-1-768x545.jpg 768w, https:\/\/www.pedagogia.it\/stripes\/wp-content\/uploads\/sites\/7\/2022\/03\/RAMI_volontario_cartolina_HR2-1-600x426.jpg 600w\" sizes=\"(max-width: 874px) 100vw, 874px\" \/><\/div>\n\t\t\t\t\t<\/div>\n\t\t\t\t<\/div><\/div><\/div><\/div><\/div><\/div><\/div><\/div><\/div><\/div><div class=\"wpb_column pos-top pos-center align_left column_parent col-lg-6 boomapps_vccolumn single-internal-gutter\"><div class=\"uncol style-light\"  ><div class=\"uncoltable\"><div class=\"uncell  boomapps_vccolumn no-block-padding\" ><div class=\"uncont\" ><div class=\"uncode-single-media  text-left\"><div class=\"single-wrapper\" style=\"max-width: 100%;\"><div class=\"tmb tmb-light  tmb-media-first tmb-media-last tmb-content-overlay tmb-no-bg\"><div class=\"t-inside\"><div class=\"t-entry-visual\"><div class=\"t-entry-visual-tc\"><div class=\"uncode-single-media-wrapper\"><img decoding=\"async\" class=\"wp-image-16271\" src=\"https:\/\/www.pedagogia.it\/stripes\/wp-content\/uploads\/sites\/7\/2022\/03\/RAMI_volontario_cartolina_HR2-2.jpg\" width=\"874\" height=\"620\" alt=\"\" srcset=\"https:\/\/www.pedagogia.it\/stripes\/wp-content\/uploads\/sites\/7\/2022\/03\/RAMI_volontario_cartolina_HR2-2.jpg 874w, https:\/\/www.pedagogia.it\/stripes\/wp-content\/uploads\/sites\/7\/2022\/03\/RAMI_volontario_cartolina_HR2-2-300x213.jpg 300w, https:\/\/www.pedagogia.it\/stripes\/wp-content\/uploads\/sites\/7\/2022\/03\/RAMI_volontario_cartolina_HR2-2-768x545.jpg 768w, https:\/\/www.pedagogia.it\/stripes\/wp-content\/uploads\/sites\/7\/2022\/03\/RAMI_volontario_cartolina_HR2-2-600x426.jpg 600w\" sizes=\"(max-width: 874px) 100vw, 874px\" \/><\/div>\n\t\t\t\t\t<\/div>\n\t\t\t\t<\/div><\/div><\/div><\/div><\/div><\/div><\/div><\/div><\/div><\/div><script id=\"script-row-unique-2\" data-row=\"script-row-unique-2\" type=\"text\/javascript\" class=\"vc_controls\">UNCODE.initRow(document.getElementById(\"row-unique-2\"));<\/script><\/div><\/div><\/div><div data-parent=\"true\" class=\"vc_row row-container boomapps_vcrow\" id=\"row-unique-3\"><div class=\"row limit-width row-parent\"><div class=\"wpb_row row-inner\"><div class=\"wpb_column pos-top pos-center align_left column_parent col-lg-12 boomapps_vccolumn single-internal-gutter\"><div class=\"uncol style-light\"  ><div class=\"uncoltable\"><div class=\"uncell  boomapps_vccolumn no-block-padding\" ><div class=\"uncont\" ><div class=\"divider-wrapper \"  >\n    <hr class=\"unseparator border-color-iopl-color separator-no-padding\"  \/>\n<\/div>\n<div class=\"vc_custom_heading_wrap \"><div class=\"heading-text el-text\" ><h2 class=\"h2\" ><span><span style=\"font-size: 18pt\"><strong><span style=\"color: #339966\">Il Frutteto sociale &#8220;Piccoli frutti&#8221;<\/span><\/strong><\/span><\/span><\/h2><\/div><div class=\"clear\"><\/div><\/div><div class=\"uncode_text_column\" ><p><span style=\"font-size: 12pt\">Grazie al progetto RAMI all&#8217;interno del giardino de Lo Scrigno \u00e8 nato il frutteto sociale &#8220;Piccoli Frutti&#8221;.<br \/>\n<\/span><span style=\"color: #00d900\"><em><span style=\"font-size: 12pt\"><a style=\"color: #00d900\" href=\"https:\/\/www.pedagogia.it\/stripes\/progetto-rami-rigenerare-lambiente-in-modo-inclusivo-il-frutteto-sociale-piccoli-frutti\/\">Leggi il comunicato stampa! <\/a><\/span><\/em><\/span><\/p>\n<\/div><div class=\"un-media-gallery owl-carousel-wrapper\">\n\t\t\n\t\n\t<div class=\"owl-carousel-container owl-carousel-loading single-gutter\" >\n\t\t\t\t\t\t\t\t\t<div id=\"gallery-150978\" class=\"owl-carousel owl-element owl-height-auto\" data-navmobile=\"false\" data-navspeed=\"400\" data-autoplay=\"true\" data-timeout=\"3000\" data-stagepadding=\"0\" data-lg=\"3\" data-md=\"3\" data-sm=\"1\">\n<div class=\"tmb tmb-carousel tmb-iso-h4 tmb-light tmb-overlay-text-anim tmb-overlay-anim tmb-overlay-middle tmb-overlay-text-left tmb-image-anim tmb-bordered tmb-id-15246  tmb-img-ratio tmb-media-first tmb-media-last tmb-content-overlay tmb-no-bg tmb-lightbox\" ><div class=\"t-inside no-anim\" ><div class=\"t-entry-visual\"><div class=\"t-entry-visual-tc\"><div class=\"t-entry-visual-cont\"><div class=\"dummy\" style=\"padding-top: 100%;\"><\/div><a href=\"https:\/\/www.pedagogia.it\/stripes\/wp-content\/uploads\/sites\/7\/2022\/03\/274826354_7701435233203661_3336370517113022523_n.jpg\"  class=\"pushed\" data-active=\"1\" data-lbox=\"ilightbox_gallery-150978\" data-options=\"width:1024,height:768,thumbnail: 'https:\/\/www.pedagogia.it\/stripes\/wp-content\/uploads\/sites\/7\/2022\/03\/274826354_7701435233203661_3336370517113022523_n-300x225.jpg'\" data-lb-index=\"0\"><div class=\"t-entry-visual-overlay\"><div class=\"t-entry-visual-overlay-in style-dark-bg\" style=\"opacity: 0.5;\"><\/div><\/div><img decoding=\"async\" class=\"wp-image-15246\" src=\"https:\/\/www.pedagogia.it\/stripes\/wp-content\/uploads\/sites\/7\/2022\/03\/274826354_7701435233203661_3336370517113022523_n-uai-768x768.jpg\" width=\"768\" height=\"768\" alt=\"\" \/><\/a><\/div>\n\t\t\t\t\t<\/div>\n\t\t\t\t<\/div><\/div><\/div><div class=\"tmb tmb-carousel tmb-iso-h4 tmb-light tmb-overlay-text-anim tmb-overlay-anim tmb-overlay-middle tmb-overlay-text-left tmb-image-anim tmb-bordered tmb-id-15248  tmb-img-ratio tmb-media-first tmb-media-last tmb-content-overlay tmb-no-bg tmb-lightbox\" ><div class=\"t-inside no-anim\" ><div class=\"t-entry-visual\"><div class=\"t-entry-visual-tc\"><div class=\"t-entry-visual-cont\"><div class=\"dummy\" style=\"padding-top: 100%;\"><\/div><a href=\"https:\/\/www.pedagogia.it\/stripes\/wp-content\/uploads\/sites\/7\/2022\/03\/274701108_7701435676536950_8556921113093356505_n.jpg\"  class=\"pushed\" data-active=\"1\" data-lbox=\"ilightbox_gallery-150978\" data-options=\"width:768,height:1024,thumbnail: 'https:\/\/www.pedagogia.it\/stripes\/wp-content\/uploads\/sites\/7\/2022\/03\/274701108_7701435676536950_8556921113093356505_n-225x300.jpg'\" data-lb-index=\"1\"><div class=\"t-entry-visual-overlay\"><div class=\"t-entry-visual-overlay-in style-dark-bg\" style=\"opacity: 0.5;\"><\/div><\/div><img decoding=\"async\" class=\"wp-image-15248\" src=\"https:\/\/www.pedagogia.it\/stripes\/wp-content\/uploads\/sites\/7\/2022\/03\/274701108_7701435676536950_8556921113093356505_n-uai-768x768.jpg\" width=\"768\" height=\"768\" alt=\"\" \/><\/a><\/div>\n\t\t\t\t\t<\/div>\n\t\t\t\t<\/div><\/div><\/div><div class=\"tmb tmb-carousel tmb-iso-h4 tmb-light tmb-overlay-text-anim tmb-overlay-anim tmb-overlay-middle tmb-overlay-text-left tmb-image-anim tmb-bordered tmb-id-15249  tmb-img-ratio tmb-media-first tmb-media-last tmb-content-overlay tmb-no-bg tmb-lightbox\" ><div class=\"t-inside no-anim\" ><div class=\"t-entry-visual\"><div class=\"t-entry-visual-tc\"><div class=\"t-entry-visual-cont\"><div class=\"dummy\" style=\"padding-top: 100%;\"><\/div><a href=\"https:\/\/www.pedagogia.it\/stripes\/wp-content\/uploads\/sites\/7\/2022\/03\/273143406_7557857900894729_1909274056134114915_n.jpg\"  class=\"pushed\" data-active=\"1\" data-lbox=\"ilightbox_gallery-150978\" data-options=\"width:1536,height:2048,thumbnail: 'https:\/\/www.pedagogia.it\/stripes\/wp-content\/uploads\/sites\/7\/2022\/03\/273143406_7557857900894729_1909274056134114915_n-225x300.jpg'\" data-lb-index=\"2\"><div class=\"t-entry-visual-overlay\"><div class=\"t-entry-visual-overlay-in style-dark-bg\" style=\"opacity: 0.5;\"><\/div><\/div><img decoding=\"async\" class=\"wp-image-15249\" src=\"https:\/\/www.pedagogia.it\/stripes\/wp-content\/uploads\/sites\/7\/2022\/03\/273143406_7557857900894729_1909274056134114915_n-uai-1536x1536.jpg\" width=\"1536\" height=\"1536\" alt=\"\" \/><\/a><\/div>\n\t\t\t\t\t<\/div>\n\t\t\t\t<\/div><\/div><\/div><div class=\"tmb tmb-carousel tmb-iso-h4 tmb-light tmb-overlay-text-anim tmb-overlay-anim tmb-overlay-middle tmb-overlay-text-left tmb-image-anim tmb-bordered tmb-id-15247  tmb-img-ratio tmb-media-first tmb-media-last tmb-content-overlay tmb-no-bg tmb-lightbox\" ><div class=\"t-inside no-anim\" ><div class=\"t-entry-visual\"><div class=\"t-entry-visual-tc\"><div class=\"t-entry-visual-cont\"><div class=\"dummy\" style=\"padding-top: 100%;\"><\/div><a href=\"https:\/\/www.pedagogia.it\/stripes\/wp-content\/uploads\/sites\/7\/2022\/03\/274878656_7701435929870258_1109539757730678676_n.jpg\"  class=\"pushed\" data-active=\"1\" data-lbox=\"ilightbox_gallery-150978\" data-options=\"width:1024,height:768,thumbnail: 'https:\/\/www.pedagogia.it\/stripes\/wp-content\/uploads\/sites\/7\/2022\/03\/274878656_7701435929870258_1109539757730678676_n-300x225.jpg'\" data-lb-index=\"3\"><div class=\"t-entry-visual-overlay\"><div class=\"t-entry-visual-overlay-in style-dark-bg\" style=\"opacity: 0.5;\"><\/div><\/div><img decoding=\"async\" class=\"wp-image-15247\" src=\"https:\/\/www.pedagogia.it\/stripes\/wp-content\/uploads\/sites\/7\/2022\/03\/274878656_7701435929870258_1109539757730678676_n-uai-768x768.jpg\" width=\"768\" height=\"768\" alt=\"\" \/><\/a><\/div>\n\t\t\t\t\t<\/div>\n\t\t\t\t<\/div><\/div><\/div>\t\t\t<\/div>\n\t\t\t\t\t<\/div>\n\n\t\n\t\n\t\n<\/div>\n\n<span class=\"btn-container\" ><a role=\"button\"  href=\"https:\/\/www.pedagogia.it\/stripes\/area-sviluppo-territorio\/\" class=\"custom-link btn border-width-0 btn-accent btn-round btn-shadow btn-icon-left btn-ripple-in btn-border-animated\" target=\"_blank\">SCOPRI GLI ALTRI PROGETTI DELL&#8217;AREA SVILUPPO E TERRITORIO<\/a><\/span><\/div><\/div><\/div><\/div><\/div><script id=\"script-row-unique-3\" data-row=\"script-row-unique-3\" type=\"text\/javascript\" class=\"vc_controls\">UNCODE.initRow(document.getElementById(\"row-unique-3\"));<\/script><\/div><\/div><\/div>\n<\/div>","protected":false},"excerpt":{"rendered":"Progetto Rami - Rigenerare l\u2019Ambiente in Modo Inclusivo Il Progetto Rami \u00e8 un progetto promosso da STRIPES, la Cooperativa La [...]","protected":false},"author":519,"featured_media":15229,"comment_status":"closed","ping_status":"open","sticky":false,"template":"","format":"standard","meta":{"give_campaign_id":0,"om_disable_all_campaigns":false,"_monsterinsights_skip_tracking":false,"_monsterinsights_sitenote_active":false,"_monsterinsights_sitenote_note":"","_monsterinsights_sitenote_category":0,"footnotes":""},"categories":[12,30],"tags":[380],"class_list":["post-15206","post","type-post","status-publish","format-standard","has-post-thumbnail","hentry","category-sviluppo-e-territorio","category-zerosei-progetti","tag-progetti-conclusi"],"aioseo_notices":[],"yoast_head":"<!-- This site is optimized with the Yoast SEO plugin v27.2 - https:\/\/yoast.com\/product\/yoast-seo-wordpress\/ -->\n<title>Progetto Rami, Rigenerare l\u2019Ambiente in Modo Inclusivo - Stripes Cooperativa Sociale ONLUS<\/title>\n<meta name=\"robots\" content=\"index, follow, max-snippet:-1, max-image-preview:large, max-video-preview:-1\" \/>\n<link rel=\"canonical\" href=\"https:\/\/www.pedagogia.it\/stripes\/progetto-rami-rigenerare-lambiente-in-modo-inclusivo\/\" \/>\n<meta property=\"og:locale\" content=\"it_IT\" \/>\n<meta property=\"og:type\" content=\"article\" \/>\n<meta property=\"og:title\" content=\"Progetto Rami, Rigenerare l\u2019Ambiente in Modo Inclusivo - Stripes Cooperativa Sociale ONLUS\" \/>\n<meta property=\"og:url\" content=\"https:\/\/www.pedagogia.it\/stripes\/progetto-rami-rigenerare-lambiente-in-modo-inclusivo\/\" \/>\n<meta property=\"og:site_name\" content=\"Stripes Cooperativa Sociale ONLUS\" \/>\n<meta property=\"article:published_time\" content=\"2022-03-16T09:57:22+00:00\" \/>\n<meta property=\"article:modified_time\" content=\"2022-12-27T09:08:53+00:00\" \/>\n<meta property=\"og:image\" content=\"https:\/\/www.pedagogia.it\/stripes\/wp-content\/uploads\/sites\/7\/2022\/03\/RamiLogo_def_page-0001.jpg\" \/>\n\t<meta property=\"og:image:width\" content=\"1754\" \/>\n\t<meta property=\"og:image:height\" content=\"1241\" \/>\n\t<meta property=\"og:image:type\" content=\"image\/jpeg\" \/>\n<meta name=\"author\" content=\"formazione\" \/>\n<meta name=\"twitter:card\" content=\"summary_large_image\" \/>\n<meta name=\"twitter:label1\" content=\"Scritto da\" \/>\n\t<meta name=\"twitter:data1\" content=\"formazione\" \/>\n\t<meta name=\"twitter:label2\" content=\"Tempo di lettura stimato\" \/>\n\t<meta name=\"twitter:data2\" content=\"3 minuti\" \/>\n<script type=\"application\/ld+json\" class=\"yoast-schema-graph\">{\"@context\":\"https:\/\/schema.org\",\"@graph\":[{\"@type\":\"Article\",\"@id\":\"https:\/\/www.pedagogia.it\/stripes\/progetto-rami-rigenerare-lambiente-in-modo-inclusivo\/#article\",\"isPartOf\":{\"@id\":\"https:\/\/www.pedagogia.it\/stripes\/progetto-rami-rigenerare-lambiente-in-modo-inclusivo\/\"},\"author\":{\"name\":\"formazione\",\"@id\":\"https:\/\/www.pedagogia.it\/stripes\/#\/schema\/person\/38c9b7f363c048213b06b5989bc898d4\"},\"headline\":\"Progetto Rami, Rigenerare l\u2019Ambiente in Modo Inclusivo\",\"datePublished\":\"2022-03-16T09:57:22+00:00\",\"dateModified\":\"2022-12-27T09:08:53+00:00\",\"mainEntityOfPage\":{\"@id\":\"https:\/\/www.pedagogia.it\/stripes\/progetto-rami-rigenerare-lambiente-in-modo-inclusivo\/\"},\"wordCount\":718,\"image\":{\"@id\":\"https:\/\/www.pedagogia.it\/stripes\/progetto-rami-rigenerare-lambiente-in-modo-inclusivo\/#primaryimage\"},\"thumbnailUrl\":\"https:\/\/www.pedagogia.it\/stripes\/wp-content\/uploads\/sites\/7\/2022\/03\/RamiLogo_def_page-0001.jpg\",\"keywords\":[\"progetti conclusi\"],\"articleSection\":[\"sviluppo e territorio\",\"zerosei progetti\"],\"inLanguage\":\"it-IT\"},{\"@type\":\"WebPage\",\"@id\":\"https:\/\/www.pedagogia.it\/stripes\/progetto-rami-rigenerare-lambiente-in-modo-inclusivo\/\",\"url\":\"https:\/\/www.pedagogia.it\/stripes\/progetto-rami-rigenerare-lambiente-in-modo-inclusivo\/\",\"name\":\"Progetto Rami, Rigenerare l\u2019Ambiente in Modo Inclusivo - Stripes Cooperativa Sociale ONLUS\",\"isPartOf\":{\"@id\":\"https:\/\/www.pedagogia.it\/stripes\/#website\"},\"primaryImageOfPage\":{\"@id\":\"https:\/\/www.pedagogia.it\/stripes\/progetto-rami-rigenerare-lambiente-in-modo-inclusivo\/#primaryimage\"},\"image\":{\"@id\":\"https:\/\/www.pedagogia.it\/stripes\/progetto-rami-rigenerare-lambiente-in-modo-inclusivo\/#primaryimage\"},\"thumbnailUrl\":\"https:\/\/www.pedagogia.it\/stripes\/wp-content\/uploads\/sites\/7\/2022\/03\/RamiLogo_def_page-0001.jpg\",\"datePublished\":\"2022-03-16T09:57:22+00:00\",\"dateModified\":\"2022-12-27T09:08:53+00:00\",\"author\":{\"@id\":\"https:\/\/www.pedagogia.it\/stripes\/#\/schema\/person\/38c9b7f363c048213b06b5989bc898d4\"},\"breadcrumb\":{\"@id\":\"https:\/\/www.pedagogia.it\/stripes\/progetto-rami-rigenerare-lambiente-in-modo-inclusivo\/#breadcrumb\"},\"inLanguage\":\"it-IT\",\"potentialAction\":[{\"@type\":\"ReadAction\",\"target\":[\"https:\/\/www.pedagogia.it\/stripes\/progetto-rami-rigenerare-lambiente-in-modo-inclusivo\/\"]}]},{\"@type\":\"ImageObject\",\"inLanguage\":\"it-IT\",\"@id\":\"https:\/\/www.pedagogia.it\/stripes\/progetto-rami-rigenerare-lambiente-in-modo-inclusivo\/#primaryimage\",\"url\":\"https:\/\/www.pedagogia.it\/stripes\/wp-content\/uploads\/sites\/7\/2022\/03\/RamiLogo_def_page-0001.jpg\",\"contentUrl\":\"https:\/\/www.pedagogia.it\/stripes\/wp-content\/uploads\/sites\/7\/2022\/03\/RamiLogo_def_page-0001.jpg\",\"width\":1754,\"height\":1241},{\"@type\":\"BreadcrumbList\",\"@id\":\"https:\/\/www.pedagogia.it\/stripes\/progetto-rami-rigenerare-lambiente-in-modo-inclusivo\/#breadcrumb\",\"itemListElement\":[{\"@type\":\"ListItem\",\"position\":1,\"name\":\"Home\",\"item\":\"https:\/\/www.pedagogia.it\/stripes\/\"},{\"@type\":\"ListItem\",\"position\":2,\"name\":\"Progetto Rami, Rigenerare l\u2019Ambiente in Modo Inclusivo\"}]},{\"@type\":\"WebSite\",\"@id\":\"https:\/\/www.pedagogia.it\/stripes\/#website\",\"url\":\"https:\/\/www.pedagogia.it\/stripes\/\",\"name\":\"Stripes Cooperativa Sociale ONLUS\",\"description\":\"\",\"potentialAction\":[{\"@type\":\"SearchAction\",\"target\":{\"@type\":\"EntryPoint\",\"urlTemplate\":\"https:\/\/www.pedagogia.it\/stripes\/?s={search_term_string}\"},\"query-input\":{\"@type\":\"PropertyValueSpecification\",\"valueRequired\":true,\"valueName\":\"search_term_string\"}}],\"inLanguage\":\"it-IT\"},{\"@type\":\"Person\",\"@id\":\"https:\/\/www.pedagogia.it\/stripes\/#\/schema\/person\/38c9b7f363c048213b06b5989bc898d4\",\"name\":\"formazione\",\"image\":{\"@type\":\"ImageObject\",\"inLanguage\":\"it-IT\",\"@id\":\"https:\/\/secure.gravatar.com\/avatar\/af3494cfd8c6925a780a66a1b3c27c7cfec79ececb68d16c9f57f2a060431fd2?s=96&d=mm&r=ga61b6fac70b25fda5e55b31f0029190c\",\"url\":\"https:\/\/secure.gravatar.com\/avatar\/af3494cfd8c6925a780a66a1b3c27c7cfec79ececb68d16c9f57f2a060431fd2?s=96&d=mm&r=g\",\"contentUrl\":\"https:\/\/secure.gravatar.com\/avatar\/af3494cfd8c6925a780a66a1b3c27c7cfec79ececb68d16c9f57f2a060431fd2?s=96&d=mm&r=g\",\"caption\":\"formazione\"},\"url\":\"https:\/\/www.pedagogia.it\/stripes\/author\/formazione\/\"}]}<\/script>\n<!-- \/ Yoast SEO plugin. -->","yoast_head_json":{"title":"Progetto Rami, Rigenerare l\u2019Ambiente in Modo Inclusivo - Stripes Cooperativa Sociale ONLUS","robots":{"index":"index","follow":"follow","max-snippet":"max-snippet:-1","max-image-preview":"max-image-preview:large","max-video-preview":"max-video-preview:-1"},"canonical":"https:\/\/www.pedagogia.it\/stripes\/progetto-rami-rigenerare-lambiente-in-modo-inclusivo\/","og_locale":"it_IT","og_type":"article","og_title":"Progetto Rami, Rigenerare l\u2019Ambiente in Modo Inclusivo - Stripes Cooperativa Sociale ONLUS","og_url":"https:\/\/www.pedagogia.it\/stripes\/progetto-rami-rigenerare-lambiente-in-modo-inclusivo\/","og_site_name":"Stripes Cooperativa Sociale ONLUS","article_published_time":"2022-03-16T09:57:22+00:00","article_modified_time":"2022-12-27T09:08:53+00:00","og_image":[{"width":1754,"height":1241,"url":"https:\/\/www.pedagogia.it\/stripes\/wp-content\/uploads\/sites\/7\/2022\/03\/RamiLogo_def_page-0001.jpg","type":"image\/jpeg"}],"author":"formazione","twitter_card":"summary_large_image","twitter_misc":{"Scritto da":"formazione","Tempo di lettura stimato":"3 minuti"},"schema":{"@context":"https:\/\/schema.org","@graph":[{"@type":"Article","@id":"https:\/\/www.pedagogia.it\/stripes\/progetto-rami-rigenerare-lambiente-in-modo-inclusivo\/#article","isPartOf":{"@id":"https:\/\/www.pedagogia.it\/stripes\/progetto-rami-rigenerare-lambiente-in-modo-inclusivo\/"},"author":{"name":"formazione","@id":"https:\/\/www.pedagogia.it\/stripes\/#\/schema\/person\/38c9b7f363c048213b06b5989bc898d4"},"headline":"Progetto Rami, Rigenerare l\u2019Ambiente in Modo Inclusivo","datePublished":"2022-03-16T09:57:22+00:00","dateModified":"2022-12-27T09:08:53+00:00","mainEntityOfPage":{"@id":"https:\/\/www.pedagogia.it\/stripes\/progetto-rami-rigenerare-lambiente-in-modo-inclusivo\/"},"wordCount":718,"image":{"@id":"https:\/\/www.pedagogia.it\/stripes\/progetto-rami-rigenerare-lambiente-in-modo-inclusivo\/#primaryimage"},"thumbnailUrl":"https:\/\/www.pedagogia.it\/stripes\/wp-content\/uploads\/sites\/7\/2022\/03\/RamiLogo_def_page-0001.jpg","keywords":["progetti conclusi"],"articleSection":["sviluppo e territorio","zerosei progetti"],"inLanguage":"it-IT"},{"@type":"WebPage","@id":"https:\/\/www.pedagogia.it\/stripes\/progetto-rami-rigenerare-lambiente-in-modo-inclusivo\/","url":"https:\/\/www.pedagogia.it\/stripes\/progetto-rami-rigenerare-lambiente-in-modo-inclusivo\/","name":"Progetto Rami, Rigenerare l\u2019Ambiente in Modo Inclusivo - Stripes Cooperativa Sociale ONLUS","isPartOf":{"@id":"https:\/\/www.pedagogia.it\/stripes\/#website"},"primaryImageOfPage":{"@id":"https:\/\/www.pedagogia.it\/stripes\/progetto-rami-rigenerare-lambiente-in-modo-inclusivo\/#primaryimage"},"image":{"@id":"https:\/\/www.pedagogia.it\/stripes\/progetto-rami-rigenerare-lambiente-in-modo-inclusivo\/#primaryimage"},"thumbnailUrl":"https:\/\/www.pedagogia.it\/stripes\/wp-content\/uploads\/sites\/7\/2022\/03\/RamiLogo_def_page-0001.jpg","datePublished":"2022-03-16T09:57:22+00:00","dateModified":"2022-12-27T09:08:53+00:00","author":{"@id":"https:\/\/www.pedagogia.it\/stripes\/#\/schema\/person\/38c9b7f363c048213b06b5989bc898d4"},"breadcrumb":{"@id":"https:\/\/www.pedagogia.it\/stripes\/progetto-rami-rigenerare-lambiente-in-modo-inclusivo\/#breadcrumb"},"inLanguage":"it-IT","potentialAction":[{"@type":"ReadAction","target":["https:\/\/www.pedagogia.it\/stripes\/progetto-rami-rigenerare-lambiente-in-modo-inclusivo\/"]}]},{"@type":"ImageObject","inLanguage":"it-IT","@id":"https:\/\/www.pedagogia.it\/stripes\/progetto-rami-rigenerare-lambiente-in-modo-inclusivo\/#primaryimage","url":"https:\/\/www.pedagogia.it\/stripes\/wp-content\/uploads\/sites\/7\/2022\/03\/RamiLogo_def_page-0001.jpg","contentUrl":"https:\/\/www.pedagogia.it\/stripes\/wp-content\/uploads\/sites\/7\/2022\/03\/RamiLogo_def_page-0001.jpg","width":1754,"height":1241},{"@type":"BreadcrumbList","@id":"https:\/\/www.pedagogia.it\/stripes\/progetto-rami-rigenerare-lambiente-in-modo-inclusivo\/#breadcrumb","itemListElement":[{"@type":"ListItem","position":1,"name":"Home","item":"https:\/\/www.pedagogia.it\/stripes\/"},{"@type":"ListItem","position":2,"name":"Progetto Rami, Rigenerare l\u2019Ambiente in Modo Inclusivo"}]},{"@type":"WebSite","@id":"https:\/\/www.pedagogia.it\/stripes\/#website","url":"https:\/\/www.pedagogia.it\/stripes\/","name":"Stripes Cooperativa Sociale ONLUS","description":"","potentialAction":[{"@type":"SearchAction","target":{"@type":"EntryPoint","urlTemplate":"https:\/\/www.pedagogia.it\/stripes\/?s={search_term_string}"},"query-input":{"@type":"PropertyValueSpecification","valueRequired":true,"valueName":"search_term_string"}}],"inLanguage":"it-IT"},{"@type":"Person","@id":"https:\/\/www.pedagogia.it\/stripes\/#\/schema\/person\/38c9b7f363c048213b06b5989bc898d4","name":"formazione","image":{"@type":"ImageObject","inLanguage":"it-IT","@id":"https:\/\/secure.gravatar.com\/avatar\/af3494cfd8c6925a780a66a1b3c27c7cfec79ececb68d16c9f57f2a060431fd2?s=96&d=mm&r=ga61b6fac70b25fda5e55b31f0029190c","url":"https:\/\/secure.gravatar.com\/avatar\/af3494cfd8c6925a780a66a1b3c27c7cfec79ececb68d16c9f57f2a060431fd2?s=96&d=mm&r=g","contentUrl":"https:\/\/secure.gravatar.com\/avatar\/af3494cfd8c6925a780a66a1b3c27c7cfec79ececb68d16c9f57f2a060431fd2?s=96&d=mm&r=g","caption":"formazione"},"url":"https:\/\/www.pedagogia.it\/stripes\/author\/formazione\/"}]}},"authors":[],"_links":{"self":[{"href":"https:\/\/www.pedagogia.it\/stripes\/wp-json\/wp\/v2\/posts\/15206","targetHints":{"allow":["GET"]}}],"collection":[{"href":"https:\/\/www.pedagogia.it\/stripes\/wp-json\/wp\/v2\/posts"}],"about":[{"href":"https:\/\/www.pedagogia.it\/stripes\/wp-json\/wp\/v2\/types\/post"}],"author":[{"embeddable":true,"href":"https:\/\/www.pedagogia.it\/stripes\/wp-json\/wp\/v2\/users\/519"}],"replies":[{"embeddable":true,"href":"https:\/\/www.pedagogia.it\/stripes\/wp-json\/wp\/v2\/comments?post=15206"}],"version-history":[{"count":1,"href":"https:\/\/www.pedagogia.it\/stripes\/wp-json\/wp\/v2\/posts\/15206\/revisions"}],"predecessor-version":[{"id":18386,"href":"https:\/\/www.pedagogia.it\/stripes\/wp-json\/wp\/v2\/posts\/15206\/revisions\/18386"}],"wp:featuredmedia":[{"embeddable":true,"href":"https:\/\/www.pedagogia.it\/stripes\/wp-json\/wp\/v2\/media\/15229"}],"wp:attachment":[{"href":"https:\/\/www.pedagogia.it\/stripes\/wp-json\/wp\/v2\/media?parent=15206"}],"wp:term":[{"taxonomy":"category","embeddable":true,"href":"https:\/\/www.pedagogia.it\/stripes\/wp-json\/wp\/v2\/categories?post=15206"},{"taxonomy":"post_tag","embeddable":true,"href":"https:\/\/www.pedagogia.it\/stripes\/wp-json\/wp\/v2\/tags?post=15206"}],"curies":[{"name":"wp","href":"https:\/\/api.w.org\/{rel}","templated":true}]}}