{"id":15292,"date":"2022-03-18T11:09:56","date_gmt":"2022-03-18T10:09:56","guid":{"rendered":"https:\/\/www.pedagogia.it\/stripes\/?p=15292"},"modified":"2022-04-08T10:12:46","modified_gmt":"2022-04-08T08:12:46","slug":"ll-primo-anno-di-servizio-civile-universale-in-stripes-lesperienza-di-giusy","status":"publish","type":"post","link":"https:\/\/www.pedagogia.it\/stripes\/ll-primo-anno-di-servizio-civile-universale-in-stripes-lesperienza-di-giusy\/","title":{"rendered":"ll primo anno di Servizio Civile Universale in Stripes: l\u2019esperienza di Giusy"},"content":{"rendered":"<div class=\"wpb-content-wrapper\"><div data-parent=\"true\" class=\"vc_row row-container boomapps_vcrow\" id=\"row-unique-0\"><div class=\"row quad-top-padding quad-bottom-padding single-h-padding limit-width row-parent\"><div class=\"wpb_row row-inner\"><div class=\"wpb_column pos-top pos-center align_left column_parent col-lg-12 boomapps_vccolumn single-internal-gutter\"><div class=\"uncol style-light\"  ><div class=\"uncoltable\"><div class=\"uncell  boomapps_vccolumn\" ><div class=\"uncont no-block-padding col-custom-width\" style=\" max-width:90%;\" ><div class=\"vc_custom_heading_wrap \"><div class=\"heading-text el-text\" ><\/p>\n<h3><b>Il primo anno di Servizio Civile Universale in Stripes: la storia di Giusy<\/b><\/h3>\n<p>\n<\/div><div class=\"clear\"><\/div><\/div><div class=\"vc_row row-internal row-container boomapps_vcrow\"><div class=\"row row-child\"><div class=\"wpb_row row-inner\"><div class=\"wpb_column pos-top pos-center align_left column_child col-lg-3 boomapps_vccolumn single-internal-gutter\"><div class=\"uncol style-light\" ><div class=\"uncoltable\"><div class=\"uncell  boomapps_vccolumn no-block-padding\" ><div class=\"uncont\" ><div class=\"empty-space empty-single\" ><span class=\"empty-space-inner\"><\/span><\/div>\n<div class=\"uncode-single-media  text-right\"><div class=\"single-wrapper\" style=\"max-width: 100%;\"><div class=\"tmb tmb-light  tmb-media-first tmb-media-last tmb-content-overlay tmb-no-bg\"><div class=\"t-inside\"><div class=\"t-entry-visual\"><div class=\"t-entry-visual-tc\"><div class=\"uncode-single-media-wrapper\"><img decoding=\"async\" class=\"wp-image-9165\" src=\"https:\/\/www.pedagogia.it\/stripes\/wp-content\/uploads\/sites\/7\/2020\/12\/app_1920_1280_servizio-civile-universale-e1547137053272.jpg\" width=\"1920\" height=\"1280\" alt=\"\" srcset=\"https:\/\/www.pedagogia.it\/stripes\/wp-content\/uploads\/sites\/7\/2020\/12\/app_1920_1280_servizio-civile-universale-e1547137053272.jpg 1920w, https:\/\/www.pedagogia.it\/stripes\/wp-content\/uploads\/sites\/7\/2020\/12\/app_1920_1280_servizio-civile-universale-e1547137053272-300x200.jpg 300w, https:\/\/www.pedagogia.it\/stripes\/wp-content\/uploads\/sites\/7\/2020\/12\/app_1920_1280_servizio-civile-universale-e1547137053272-768x512.jpg 768w, https:\/\/www.pedagogia.it\/stripes\/wp-content\/uploads\/sites\/7\/2020\/12\/app_1920_1280_servizio-civile-universale-e1547137053272-1024x683.jpg 1024w, https:\/\/www.pedagogia.it\/stripes\/wp-content\/uploads\/sites\/7\/2020\/12\/app_1920_1280_servizio-civile-universale-e1547137053272-600x400.jpg 600w\" sizes=\"(max-width: 1920px) 100vw, 1920px\" \/><\/div>\n\t\t\t\t\t<\/div>\n\t\t\t\t<\/div><\/div><\/div><\/div><\/div><\/div><\/div><\/div><\/div><\/div><div class=\"wpb_column pos-top pos-center align_left column_child col-lg-9 boomapps_vccolumn single-internal-gutter\"><div class=\"uncol style-light\" ><div class=\"uncoltable\"><div class=\"uncell  boomapps_vccolumn no-block-padding\" ><div class=\"uncont\" ><div class=\"uncode_text_column\" ><p><span style=\"font-weight: 400\">In vista della chiusura del primo anno di <b>Servizio Civile Universale<\/b> presso Stripes, la volontaria Nicoletta ha intervistato un\u2019altra tra le nostre volontarie. Lei \u00e8 Giusy, ha 27 anni e ha potuto lavorare in uno dei servizi dedicati alla prima infanzia pi\u00f9 belli di tutta la Cooperativa: il <span style=\"text-decoration: underline\"><a href=\"https:\/\/www.pedagogia.it\/stripes\/lo-scrigno-vanzago\/\"><b>Polo Infanzia 0-6 \u201cLo Scrigno\u201d<\/b><\/a><\/span><b> di Vanzago<\/b>.<br \/>\nLo Scrigno \u00e8 una struttura polivalente, in co-gestione con la Cooperativa Tre Effe e gli spazi del Polo ospitano servizi educativi, integrativi e sperimentali per la fascia d\u2019et\u00e0 0-6 anni diversificati e flessibili per accogliere i bisogni e le esigenze delle famiglie. All\u2019interno del Polo \u00e8 presente la <b>sezione Primavera<\/b>, cio\u00e8 un \u201cponte\u201d per le famiglie e i bambini dai 24 ai 36 mesi che propone un\u2019intensa esperienza educativa, unica nel suo genere; \u00e8 presente anche lo <b>Spazio Gioco<\/b>, un luogo con un\u2019altissima flessibilit\u00e0 di frequenza e orari, che accoglie i bambini dai sei mesi ai 3 anni proponendosi come un aiuto trasversale per le famiglie. Infine, Lo Scrigno propone anche il <b>Tempo per le famiglie<\/b>, servizio che promuove occasioni di benessere e incontro relazionale tra i bambini da 1 a 3 anni e gli adulti che li accompagnano.<\/span><\/p>\n<p><strong><em><span style=\"font-size: 12pt\">E ora facciamo un viaggio allo Scrigno con l\u2019intervista di Giusy!<\/span><\/em><\/strong><\/p>\n<\/div><\/div><\/div><\/div><\/div><\/div><\/div><\/div><\/div><div class=\"uncode_text_column\" ><p><i><span style=\"font-weight: 400\">N. \u201c<\/span><\/i><i><span style=\"font-weight: 400\">Come sei venuta a conoscenza del Servizio Civile Universale?\u201d<\/span><\/i><span style=\"font-weight: 400\"><br \/>\n<\/span><span style=\"font-weight: 400\">G. \u201cHo scoperto il Servizio Civile facendo delle ricerche su internet. Infatti, <\/span><span style=\"font-weight: 400\">avendo fatto il bando di Garanzia Giovani qualche anno fa, ho pensato che quest\u2019esperienza avrebbe potuto essere ugualmente utile e formativa, anche per la durata complessiva del progetto.\u201d\u00a0<\/span><\/p>\n<p><i><span style=\"font-weight: 400\">N. \u201c<\/span><\/i><i><span style=\"font-weight: 400\">Perch\u00e9 hai scelto Stripes e il suo progetto?\u201d<\/span><\/i> <span style=\"font-weight: 400\"><br \/>\n<\/span><span style=\"font-weight: 400\">G. \u201cOltre al mio interesse personale nei confronti dei servizi dedicati alla prima infanzia, ho scelto Stripes perch\u00e8 \u00e8 una cooperativa molto competente in questo ambito e perch\u00e9 la vicinanza de Lo Scrigno avvantaggiava i miei spostamenti giornalieri.\u201d <\/span><span style=\"font-weight: 400\"><br \/>\n<\/span><span style=\"font-weight: 400\"><br \/>\n<\/span><i><span style=\"font-weight: 400\">N. \u201cQuali sono i pro della tua esperienza? E i contro?\u201d<\/span><\/i><i><span style=\"font-weight: 400\"><br \/>\n<\/span><\/i><span style=\"font-weight: 400\">G. \u201cLa mia esperienza \u00e8 stata molto formativa, direi proprio a 360 gradi e soprattutto ho imparato ci\u00f2 che volevo fare. Il punto debole invece \u00e8 che una volta finito il Servizio Civile, non c\u2019\u00e8 possibilit\u00e0 di essere assunti: per lavorare come educatrice, ci vuole la laurea in scienze dell\u2019educazione.\u201d <\/span><span style=\"font-weight: 400\"><br \/>\n<\/span><span style=\"font-weight: 400\"><br \/>\n<\/span><i><span style=\"font-weight: 400\">N. \u201c<\/span><\/i><i><span style=\"font-weight: 400\">Ti aspettavi i compiti che ti sono stati assegnati o ti immaginavi un\u2019esperienza diversa?\u201d<\/span><\/i><span style=\"font-weight: 400\"><br \/>\n<\/span><span style=\"font-weight: 400\">G.<\/span><span style=\"font-weight: 400\"> \u201cAll\u2019inizio, non avendo mai prestato servizio in un nido, pensavo che avrei subito lavorato a stretto contatto con i bambini: ho dovuto aspettare un po\u2019 di tempo prima di poterlo fare. Devo dire che mi \u00e8 piaciuto lo stesso portare a termine i diversi compiti che mi sono stati assegnati come ad esempio riordinare i materiali, molto utile per poter aiutare le educatrici durante l&#8217;allestimento degli spazi. Avrei voluto approfondire maggiormente il lato amministrativo dei servizi educativi e anche partecipare attivamente agli incontri pedagogici-formativi per i genitori nonostante non fosse previsto dal mio percorso formativo ma mi sarebbe piaciuto molto imparare di pi\u00f9.&#8221;\u00a0<\/span><\/p>\n<p><i><span style=\"font-weight: 400\">N<\/span><\/i><i><span style=\"font-weight: 400\">. \u201c<\/span><\/i><i><span style=\"font-weight: 400\">Sei riuscita a sviluppare delle competenze utili che prima non avevi?\u201d<\/span><\/i><span style=\"font-weight: 400\"><br \/>\n<\/span><span style=\"font-weight: 400\"> \u201cSicuramente s\u00ec: ho imparato moltissime attivit\u00e0 manipolative, diversi spunti per creare materiali per bambini e partecipare attivamente ai laboratori, nello specifico sensoriali e motori. Inoltre ho partecipato agli eventi e alle feste proposte dallo Scrigno, acquisendo sempre pi\u00f9 dimestichezza col lavoro educativo.<\/span><span style=\"font-weight: 400\"><br \/>\n<\/span><span style=\"font-weight: 400\"><br \/>\n<\/span><i><span style=\"font-weight: 400\">N. \u201c<\/span><\/i><i><span style=\"font-weight: 400\">Pensi che quest\u2019anno ti sia servito per il lavoro che vorresti fare in futuro?\u201d<\/span><\/i><i><span style=\"font-weight: 400\"><br \/>\n<\/span><\/i><span style=\"font-weight: 400\">G. <\/span><span style=\"font-weight: 400\">\u201dSi, infatti mi informer\u00f2 per i diversi tipi di abilitazioni disponibili per poter continuare a lavorare in questo contesto.\u201d\u00a0<\/span><\/p>\n<p><i><span style=\"font-weight: 400\">N. \u201cDal punto di vista emotivo, che emozioni ti ha scaturito quest\u2019esperienza? E lavorare con i bambini?\u201d<\/span><\/i><i><span style=\"font-weight: 400\"><br \/>\n<\/span><\/i><span style=\"font-weight: 400\">G. \u201c<\/span><span style=\"font-weight: 400\">Tra le emozioni che ho provato, posso sicuramente parlare della sicurezza. Io sono una mamma e devo dire che bisogna essere molto sicure quando ci si prende cura di bambini che non sono tuoi. Ho sperimentato anche un forte senso di cura, protezione ed empatia: con i bambini molto piccoli infatti, bisogna saper intuire e capire i loro bisogni sia fisiologici che emotivi, stando attenti soprattutto ai particolari.\u201d\u00a0<\/span><span style=\"font-weight: 400\"><br \/>\n<\/span><span style=\"font-weight: 400\"><br \/>\n<\/span><i><span style=\"font-weight: 400\">N. \u201cPer finire: <\/span><\/i><i><span style=\"font-weight: 400\">descrivi il tuo anno di scu con 3 aggettivi\u201d<\/span><\/i><span style=\"font-weight: 400\"><br \/>\n<\/span><span style=\"font-weight: 400\">G. \u201cDirei\u2026<\/span><span style=\"font-weight: 400\">Istruttivo, costruttivo e sicuramente emozionante.\u201d\u00a0<\/span><\/p>\n<\/div><div class=\"empty-space empty-double\" ><span class=\"empty-space-inner\"><\/span><\/div>\n<div class=\"uncode-single-media  text-center\"><div class=\"single-wrapper\" style=\"max-width: 62%;\"><div class=\"tmb tmb-light  tmb-media-first tmb-media-last tmb-content-overlay tmb-no-bg\"><div class=\"t-inside\"><div class=\"t-entry-visual\"><div class=\"t-entry-visual-tc\"><div class=\"uncode-single-media-wrapper\"><img decoding=\"async\" class=\"wp-image-15336\" src=\"https:\/\/www.pedagogia.it\/stripes\/wp-content\/uploads\/sites\/7\/2022\/03\/6c230ee0-3ac5-4005-887f-57d913b67414.jpg\" width=\"2048\" height=\"1536\" alt=\"\" srcset=\"https:\/\/www.pedagogia.it\/stripes\/wp-content\/uploads\/sites\/7\/2022\/03\/6c230ee0-3ac5-4005-887f-57d913b67414.jpg 2048w, https:\/\/www.pedagogia.it\/stripes\/wp-content\/uploads\/sites\/7\/2022\/03\/6c230ee0-3ac5-4005-887f-57d913b67414-300x225.jpg 300w, https:\/\/www.pedagogia.it\/stripes\/wp-content\/uploads\/sites\/7\/2022\/03\/6c230ee0-3ac5-4005-887f-57d913b67414-1024x768.jpg 1024w, https:\/\/www.pedagogia.it\/stripes\/wp-content\/uploads\/sites\/7\/2022\/03\/6c230ee0-3ac5-4005-887f-57d913b67414-768x576.jpg 768w, https:\/\/www.pedagogia.it\/stripes\/wp-content\/uploads\/sites\/7\/2022\/03\/6c230ee0-3ac5-4005-887f-57d913b67414-1536x1152.jpg 1536w, https:\/\/www.pedagogia.it\/stripes\/wp-content\/uploads\/sites\/7\/2022\/03\/6c230ee0-3ac5-4005-887f-57d913b67414-600x450.jpg 600w\" sizes=\"(max-width: 2048px) 100vw, 2048px\" \/><\/div>\n\t\t\t\t\t<\/div>\n\t\t\t\t<\/div><\/div><\/div><\/div><\/div><\/div><\/div><\/div><\/div><\/div><script id=\"script-row-unique-0\" data-row=\"script-row-unique-0\" type=\"text\/javascript\" class=\"vc_controls\">UNCODE.initRow(document.getElementById(\"row-unique-0\"));<\/script><\/div><\/div><\/div><div data-parent=\"true\" class=\"vc_row has-bg need-focus style-color-gyho-bg row-container boomapps_vcrow\" id=\"row-unique-1\"><div class=\"row limit-width row-parent\"><div class=\"wpb_row row-inner\"><div class=\"wpb_column pos-top pos-center align_left column_parent col-lg-12 boomapps_vccolumn no-internal-gutter\"><div class=\"uncol style-light\"  ><div class=\"uncoltable\"><div class=\"uncell  boomapps_vccolumn no-block-padding\" ><div class=\"uncont\" ><div class=\"uncode_text_column\" ><\/p>\n<h3 style=\"text-align: center\"><span style=\"font-size: 14pt\"><b>Vuoi saperne di pi\u00f9 sul Servizio Civile Universale con la Cooperativa Stripes? <\/b><span style=\"font-weight: 400\"><br \/>\n<\/span><\/span><\/h3>\n<h3 style=\"text-align: center\"><strong><span style=\"font-size: 14pt\">Scopri i nostri progetti in corso\u00a0<\/span><\/strong><b><\/b><\/h3>\n<p>\n<\/div><\/div><\/div><\/div><\/div><\/div><script id=\"script-row-unique-1\" data-row=\"script-row-unique-1\" type=\"text\/javascript\" class=\"vc_controls\">UNCODE.initRow(document.getElementById(\"row-unique-1\"));<\/script><\/div><\/div><\/div><div data-parent=\"true\" class=\"vc_row has-bg need-focus style-color-gyho-bg row-container boomapps_vcrow\" id=\"row-unique-2\"><div class=\"row limit-width row-parent\"><div class=\"wpb_row shift_y_neg_single row-inner\"><div class=\"wpb_column pos-middle pos-center align_center column_parent col-lg-4 boomapps_vccolumn single-internal-gutter\"><div class=\"uncol style-light\"  ><div class=\"uncoltable\"><div class=\"uncell  boomapps_vccolumn no-block-padding\" ><div class=\"uncont\" ><\/div><\/div><\/div><\/div><\/div><div class=\"wpb_column pos-middle pos-center align_center column_parent col-lg-4 boomapps_vccolumn no-internal-gutter\"><div class=\"uncol style-light\"  ><div class=\"uncoltable\"><div class=\"uncell  boomapps_vccolumn no-block-padding\" ><div class=\"uncont\" ><span class=\"btn-container\" ><a role=\"button\"  href=\"https:\/\/www.pedagogia.it\/stripes\/servizio-civile-universale\/\" class=\"custom-link btn border-width-0 btn-color-zsdf btn-round btn-icon-left\">Servizio civile universale<\/a><\/span><\/div><\/div><\/div><\/div><\/div><div class=\"wpb_column pos-middle pos-center align_center column_parent col-lg-4 boomapps_vccolumn single-internal-gutter\"><div class=\"uncol style-light\"  ><div class=\"uncoltable\"><div class=\"uncell  boomapps_vccolumn no-block-padding\" ><div class=\"uncont\" ><\/div><\/div><\/div><\/div><\/div><script id=\"script-row-unique-2\" data-row=\"script-row-unique-2\" type=\"text\/javascript\" class=\"vc_controls\">UNCODE.initRow(document.getElementById(\"row-unique-2\"));<\/script><\/div><\/div><\/div><div data-parent=\"true\" class=\"vc_row row-container boomapps_vcrow\" id=\"row-unique-3\"><div class=\"row limit-width row-parent\"><div class=\"wpb_row row-inner\"><div class=\"wpb_column pos-middle pos-center align_center column_parent col-lg-12 boomapps_vccolumn single-internal-gutter\"><div class=\"uncol style-light\"  ><div class=\"uncoltable\"><div class=\"uncell  boomapps_vccolumn no-block-padding\" ><div class=\"uncont\" ><div class=\"divider-wrapper \"  >\n    <hr class=\"unseparator separator-no-padding\"  \/>\n<\/div>\n<div class=\"vc_custom_heading_wrap \"><div class=\"heading-text el-text\" ><h2 class=\"h2\" ><span><\/p><\/span><span><h4 style=\"text-align: center\">Oppure scopri i nostri progetti direttamente dalle testimonianze delle volontarie di Servizio Civile Universale 2021!<\/h4><\/span><span><p><\/span><\/h2><\/div><div class=\"clear\"><\/div><\/div><\/div><\/div><\/div><\/div><\/div><script id=\"script-row-unique-3\" data-row=\"script-row-unique-3\" type=\"text\/javascript\" class=\"vc_controls\">UNCODE.initRow(document.getElementById(\"row-unique-3\"));<\/script><\/div><\/div><\/div><div data-parent=\"true\" class=\"vc_row sticky-element uncode-skew row-container boomapps_vcrow\" id=\"row-unique-4\"><div class=\"row limit-width row-parent\"><div class=\"wpb_row row-inner\"><div class=\"wpb_column pos-middle pos-center align_center column_parent col-lg-4 boomapps_vccolumn mobile-hidden single-internal-gutter\"><div class=\"uncol style-light\"  ><div class=\"uncoltable\"><div class=\"uncell  boomapps_vccolumn no-block-padding\" ><div class=\"uncont\" ><span class=\"btn-container\" ><a role=\"button\"  href=\"https:\/\/www.pedagogia.it\/stripes\/?p=15268&preview=true\" class=\"custom-link btn border-width-0 btn-color-iopl btn-round btn-icon-left\">Leggi l&#8217;intervista di Gaia<\/a><\/span><\/div><\/div><\/div><\/div><\/div><div class=\"wpb_column pos-middle pos-center align_center column_parent col-lg-4 boomapps_vccolumn single-internal-gutter\"><div class=\"uncol style-light\"  ><div class=\"uncoltable\"><div class=\"uncell  boomapps_vccolumn no-block-padding\" ><div class=\"uncont\" ><span class=\"btn-container\" ><a role=\"button\"  href=\"https:\/\/www.pedagogia.it\/stripes\/ll-primo-anno-di-servizio-civile-universale-in-stripes-lesperienza-di-maria\/\" class=\"custom-link btn border-width-0 btn-color-155816 btn-round btn-icon-left\">Guarda l&#8217;intervista di Maria<\/a><\/span><\/div><\/div><\/div><\/div><\/div><div class=\"wpb_column pos-middle pos-center align_center column_parent col-lg-4 boomapps_vccolumn mobile-hidden single-internal-gutter\"><div class=\"uncol style-light\"  ><div class=\"uncoltable\"><div class=\"uncell  boomapps_vccolumn no-block-padding\" ><div class=\"uncont\" ><span class=\"btn-container\" ><a role=\"button\"  href=\"https:\/\/www.pedagogia.it\/stripes\/il-primo-anno-di-servizio-civile-universale-con-stripes\/\" class=\"custom-link btn border-width-0 btn-color-148263 btn-round btn-icon-left\">Leggi l&#8217;intervista di Nicoletta<\/a><\/span><\/div><\/div><\/div><\/div><\/div><script id=\"script-row-unique-4\" data-row=\"script-row-unique-4\" type=\"text\/javascript\" class=\"vc_controls\">UNCODE.initRow(document.getElementById(\"row-unique-4\"));<\/script><\/div><\/div><\/div><div data-parent=\"true\" class=\"vc_row row-container boomapps_vcrow\" id=\"row-unique-5\"><div class=\"row limit-width row-parent\"><div class=\"wpb_row row-inner\"><div class=\"wpb_column pos-top pos-center align_left column_parent col-lg-4 boomapps_vccolumn single-internal-gutter\"><div class=\"uncol style-light\"  ><div class=\"uncoltable\"><div class=\"uncell  boomapps_vccolumn no-block-padding\" ><div class=\"uncont\" ><\/div><\/div><\/div><\/div><\/div><div class=\"wpb_column pos-top pos-center align_left column_parent col-lg-4 boomapps_vccolumn single-internal-gutter\"><div class=\"uncol style-light\"  ><div class=\"uncoltable\"><div class=\"uncell  boomapps_vccolumn no-block-padding\" ><div class=\"uncont\" ><div class=\"uncode-single-media  text-left\"><div class=\"single-wrapper\" style=\"max-width: 100%;\"><div class=\"tmb tmb-light  tmb-media-first tmb-media-last tmb-content-overlay tmb-no-bg\"><div class=\"t-inside\"><div class=\"t-entry-visual\"><div class=\"t-entry-visual-tc\"><div class=\"uncode-single-media-wrapper\"><img decoding=\"async\" class=\"wp-image-14897\" src=\"https:\/\/www.pedagogia.it\/stripes\/wp-content\/uploads\/sites\/7\/2022\/02\/servizio-civile-universale-e1534773438811.jpg\" width=\"678\" height=\"418\" alt=\"\" srcset=\"https:\/\/www.pedagogia.it\/stripes\/wp-content\/uploads\/sites\/7\/2022\/02\/servizio-civile-universale-e1534773438811.jpg 678w, https:\/\/www.pedagogia.it\/stripes\/wp-content\/uploads\/sites\/7\/2022\/02\/servizio-civile-universale-e1534773438811-300x185.jpg 300w, https:\/\/www.pedagogia.it\/stripes\/wp-content\/uploads\/sites\/7\/2022\/02\/servizio-civile-universale-e1534773438811-600x370.jpg 600w\" sizes=\"(max-width: 678px) 100vw, 678px\" \/><\/div>\n\t\t\t\t\t<\/div>\n\t\t\t\t<\/div><\/div><\/div><\/div><\/div><\/div><\/div><\/div><\/div><\/div><div class=\"wpb_column pos-top pos-center align_left column_parent col-lg-4 boomapps_vccolumn single-internal-gutter\"><div class=\"uncol style-light\"  ><div class=\"uncoltable\"><div class=\"uncell  boomapps_vccolumn no-block-padding\" ><div class=\"uncont\" ><\/div><\/div><\/div><\/div><\/div><script id=\"script-row-unique-5\" data-row=\"script-row-unique-5\" type=\"text\/javascript\" class=\"vc_controls\">UNCODE.initRow(document.getElementById(\"row-unique-5\"));<\/script><\/div><\/div><\/div><div data-parent=\"true\" class=\"vc_row row-container boomapps_vcrow\" id=\"row-unique-6\"><div class=\"row limit-width row-parent\"><div class=\"wpb_row row-inner\"><div class=\"wpb_column pos-top pos-center align_left column_parent col-lg-12 boomapps_vccolumn single-internal-gutter\"><div class=\"uncol style-light\"  ><div class=\"uncoltable\"><div class=\"uncell  boomapps_vccolumn no-block-padding\" ><div class=\"uncont\" ><span class=\"btn-container\" ><a role=\"button\"  href=\"https:\/\/www.pedagogia.it\/stripes\/news-e-blog\/\" class=\"custom-link btn border-width-0 btn-color-134394 btn-icon-left\" title=\"News e Blog\">NEWS E BLOG<\/a><\/span><\/div><\/div><\/div><\/div><\/div><script id=\"script-row-unique-6\" data-row=\"script-row-unique-6\" type=\"text\/javascript\" class=\"vc_controls\">UNCODE.initRow(document.getElementById(\"row-unique-6\"));<\/script><\/div><\/div><\/div>\n<\/div>","protected":false},"excerpt":{"rendered":"Il primo anno di Servizio Civile Universale in Stripes: la storia di Giusy In vista della chiusura del primo anno [...]","protected":false},"author":519,"featured_media":9165,"comment_status":"closed","ping_status":"open","sticky":false,"template":"","format":"standard","meta":{"give_campaign_id":0,"om_disable_all_campaigns":false,"_monsterinsights_skip_tracking":false,"_monsterinsights_sitenote_active":false,"_monsterinsights_sitenote_note":"","_monsterinsights_sitenote_category":0,"footnotes":""},"categories":[332],"tags":[318,373],"class_list":["post-15292","post","type-post","status-publish","format-standard","has-post-thumbnail","hentry","category-news-e-blog","tag-servizio-civile-universale","tag-blog"],"aioseo_notices":[],"yoast_head":"<!-- This site is optimized with the Yoast SEO plugin v27.2 - https:\/\/yoast.com\/product\/yoast-seo-wordpress\/ -->\n<title>ll primo anno di Servizio Civile Universale in Stripes: l\u2019esperienza di Giusy - Stripes Cooperativa Sociale ONLUS<\/title>\n<meta name=\"robots\" content=\"index, follow, max-snippet:-1, max-image-preview:large, max-video-preview:-1\" \/>\n<link rel=\"canonical\" href=\"https:\/\/www.pedagogia.it\/stripes\/ll-primo-anno-di-servizio-civile-universale-in-stripes-lesperienza-di-giusy\/\" \/>\n<meta property=\"og:locale\" content=\"it_IT\" \/>\n<meta property=\"og:type\" content=\"article\" \/>\n<meta property=\"og:title\" content=\"ll primo anno di Servizio Civile Universale in Stripes: l\u2019esperienza di Giusy - Stripes Cooperativa Sociale ONLUS\" \/>\n<meta property=\"og:url\" content=\"https:\/\/www.pedagogia.it\/stripes\/ll-primo-anno-di-servizio-civile-universale-in-stripes-lesperienza-di-giusy\/\" \/>\n<meta property=\"og:site_name\" content=\"Stripes Cooperativa Sociale ONLUS\" \/>\n<meta property=\"article:published_time\" content=\"2022-03-18T10:09:56+00:00\" \/>\n<meta property=\"article:modified_time\" content=\"2022-04-08T08:12:46+00:00\" \/>\n<meta property=\"og:image\" content=\"https:\/\/www.pedagogia.it\/stripes\/wp-content\/uploads\/sites\/7\/2020\/12\/app_1920_1280_servizio-civile-universale-e1547137053272.jpg\" \/>\n\t<meta property=\"og:image:width\" content=\"1920\" \/>\n\t<meta property=\"og:image:height\" content=\"1280\" \/>\n\t<meta property=\"og:image:type\" content=\"image\/jpeg\" \/>\n<meta name=\"author\" content=\"formazione\" \/>\n<meta name=\"twitter:card\" content=\"summary_large_image\" \/>\n<meta name=\"twitter:label1\" content=\"Scritto da\" \/>\n\t<meta name=\"twitter:data1\" content=\"formazione\" \/>\n\t<meta name=\"twitter:label2\" content=\"Tempo di lettura stimato\" \/>\n\t<meta name=\"twitter:data2\" content=\"6 minuti\" \/>\n<script type=\"application\/ld+json\" class=\"yoast-schema-graph\">{\"@context\":\"https:\/\/schema.org\",\"@graph\":[{\"@type\":\"Article\",\"@id\":\"https:\/\/www.pedagogia.it\/stripes\/ll-primo-anno-di-servizio-civile-universale-in-stripes-lesperienza-di-giusy\/#article\",\"isPartOf\":{\"@id\":\"https:\/\/www.pedagogia.it\/stripes\/ll-primo-anno-di-servizio-civile-universale-in-stripes-lesperienza-di-giusy\/\"},\"author\":{\"name\":\"formazione\",\"@id\":\"https:\/\/www.pedagogia.it\/stripes\/#\/schema\/person\/38c9b7f363c048213b06b5989bc898d4\"},\"headline\":\"ll primo anno di Servizio Civile Universale in Stripes: l\u2019esperienza di Giusy\",\"datePublished\":\"2022-03-18T10:09:56+00:00\",\"dateModified\":\"2022-04-08T08:12:46+00:00\",\"mainEntityOfPage\":{\"@id\":\"https:\/\/www.pedagogia.it\/stripes\/ll-primo-anno-di-servizio-civile-universale-in-stripes-lesperienza-di-giusy\/\"},\"wordCount\":1489,\"image\":{\"@id\":\"https:\/\/www.pedagogia.it\/stripes\/ll-primo-anno-di-servizio-civile-universale-in-stripes-lesperienza-di-giusy\/#primaryimage\"},\"thumbnailUrl\":\"https:\/\/www.pedagogia.it\/stripes\/wp-content\/uploads\/sites\/7\/2020\/12\/app_1920_1280_servizio-civile-universale-e1547137053272.jpg\",\"keywords\":[\"servizio civile universale\",\"blog\"],\"articleSection\":[\"news e blog\"],\"inLanguage\":\"it-IT\"},{\"@type\":\"WebPage\",\"@id\":\"https:\/\/www.pedagogia.it\/stripes\/ll-primo-anno-di-servizio-civile-universale-in-stripes-lesperienza-di-giusy\/\",\"url\":\"https:\/\/www.pedagogia.it\/stripes\/ll-primo-anno-di-servizio-civile-universale-in-stripes-lesperienza-di-giusy\/\",\"name\":\"ll primo anno di Servizio Civile Universale in Stripes: l\u2019esperienza di Giusy - Stripes Cooperativa Sociale ONLUS\",\"isPartOf\":{\"@id\":\"https:\/\/www.pedagogia.it\/stripes\/#website\"},\"primaryImageOfPage\":{\"@id\":\"https:\/\/www.pedagogia.it\/stripes\/ll-primo-anno-di-servizio-civile-universale-in-stripes-lesperienza-di-giusy\/#primaryimage\"},\"image\":{\"@id\":\"https:\/\/www.pedagogia.it\/stripes\/ll-primo-anno-di-servizio-civile-universale-in-stripes-lesperienza-di-giusy\/#primaryimage\"},\"thumbnailUrl\":\"https:\/\/www.pedagogia.it\/stripes\/wp-content\/uploads\/sites\/7\/2020\/12\/app_1920_1280_servizio-civile-universale-e1547137053272.jpg\",\"datePublished\":\"2022-03-18T10:09:56+00:00\",\"dateModified\":\"2022-04-08T08:12:46+00:00\",\"author\":{\"@id\":\"https:\/\/www.pedagogia.it\/stripes\/#\/schema\/person\/38c9b7f363c048213b06b5989bc898d4\"},\"breadcrumb\":{\"@id\":\"https:\/\/www.pedagogia.it\/stripes\/ll-primo-anno-di-servizio-civile-universale-in-stripes-lesperienza-di-giusy\/#breadcrumb\"},\"inLanguage\":\"it-IT\",\"potentialAction\":[{\"@type\":\"ReadAction\",\"target\":[\"https:\/\/www.pedagogia.it\/stripes\/ll-primo-anno-di-servizio-civile-universale-in-stripes-lesperienza-di-giusy\/\"]}]},{\"@type\":\"ImageObject\",\"inLanguage\":\"it-IT\",\"@id\":\"https:\/\/www.pedagogia.it\/stripes\/ll-primo-anno-di-servizio-civile-universale-in-stripes-lesperienza-di-giusy\/#primaryimage\",\"url\":\"https:\/\/www.pedagogia.it\/stripes\/wp-content\/uploads\/sites\/7\/2020\/12\/app_1920_1280_servizio-civile-universale-e1547137053272.jpg\",\"contentUrl\":\"https:\/\/www.pedagogia.it\/stripes\/wp-content\/uploads\/sites\/7\/2020\/12\/app_1920_1280_servizio-civile-universale-e1547137053272.jpg\",\"width\":1920,\"height\":1280},{\"@type\":\"BreadcrumbList\",\"@id\":\"https:\/\/www.pedagogia.it\/stripes\/ll-primo-anno-di-servizio-civile-universale-in-stripes-lesperienza-di-giusy\/#breadcrumb\",\"itemListElement\":[{\"@type\":\"ListItem\",\"position\":1,\"name\":\"Home\",\"item\":\"https:\/\/www.pedagogia.it\/stripes\/\"},{\"@type\":\"ListItem\",\"position\":2,\"name\":\"ll primo anno di Servizio Civile Universale in Stripes: l\u2019esperienza di Giusy\"}]},{\"@type\":\"WebSite\",\"@id\":\"https:\/\/www.pedagogia.it\/stripes\/#website\",\"url\":\"https:\/\/www.pedagogia.it\/stripes\/\",\"name\":\"Stripes Cooperativa Sociale ONLUS\",\"description\":\"\",\"potentialAction\":[{\"@type\":\"SearchAction\",\"target\":{\"@type\":\"EntryPoint\",\"urlTemplate\":\"https:\/\/www.pedagogia.it\/stripes\/?s={search_term_string}\"},\"query-input\":{\"@type\":\"PropertyValueSpecification\",\"valueRequired\":true,\"valueName\":\"search_term_string\"}}],\"inLanguage\":\"it-IT\"},{\"@type\":\"Person\",\"@id\":\"https:\/\/www.pedagogia.it\/stripes\/#\/schema\/person\/38c9b7f363c048213b06b5989bc898d4\",\"name\":\"formazione\",\"image\":{\"@type\":\"ImageObject\",\"inLanguage\":\"it-IT\",\"@id\":\"https:\/\/secure.gravatar.com\/avatar\/af3494cfd8c6925a780a66a1b3c27c7cfec79ececb68d16c9f57f2a060431fd2?s=96&d=mm&r=ga61b6fac70b25fda5e55b31f0029190c\",\"url\":\"https:\/\/secure.gravatar.com\/avatar\/af3494cfd8c6925a780a66a1b3c27c7cfec79ececb68d16c9f57f2a060431fd2?s=96&d=mm&r=g\",\"contentUrl\":\"https:\/\/secure.gravatar.com\/avatar\/af3494cfd8c6925a780a66a1b3c27c7cfec79ececb68d16c9f57f2a060431fd2?s=96&d=mm&r=g\",\"caption\":\"formazione\"},\"url\":\"https:\/\/www.pedagogia.it\/stripes\/author\/formazione\/\"}]}<\/script>\n<!-- \/ Yoast SEO plugin. -->","yoast_head_json":{"title":"ll primo anno di Servizio Civile Universale in Stripes: l\u2019esperienza di Giusy - Stripes Cooperativa Sociale ONLUS","robots":{"index":"index","follow":"follow","max-snippet":"max-snippet:-1","max-image-preview":"max-image-preview:large","max-video-preview":"max-video-preview:-1"},"canonical":"https:\/\/www.pedagogia.it\/stripes\/ll-primo-anno-di-servizio-civile-universale-in-stripes-lesperienza-di-giusy\/","og_locale":"it_IT","og_type":"article","og_title":"ll primo anno di Servizio Civile Universale in Stripes: l\u2019esperienza di Giusy - Stripes Cooperativa Sociale ONLUS","og_url":"https:\/\/www.pedagogia.it\/stripes\/ll-primo-anno-di-servizio-civile-universale-in-stripes-lesperienza-di-giusy\/","og_site_name":"Stripes Cooperativa Sociale ONLUS","article_published_time":"2022-03-18T10:09:56+00:00","article_modified_time":"2022-04-08T08:12:46+00:00","og_image":[{"width":1920,"height":1280,"url":"https:\/\/www.pedagogia.it\/stripes\/wp-content\/uploads\/sites\/7\/2020\/12\/app_1920_1280_servizio-civile-universale-e1547137053272.jpg","type":"image\/jpeg"}],"author":"formazione","twitter_card":"summary_large_image","twitter_misc":{"Scritto da":"formazione","Tempo di lettura stimato":"6 minuti"},"schema":{"@context":"https:\/\/schema.org","@graph":[{"@type":"Article","@id":"https:\/\/www.pedagogia.it\/stripes\/ll-primo-anno-di-servizio-civile-universale-in-stripes-lesperienza-di-giusy\/#article","isPartOf":{"@id":"https:\/\/www.pedagogia.it\/stripes\/ll-primo-anno-di-servizio-civile-universale-in-stripes-lesperienza-di-giusy\/"},"author":{"name":"formazione","@id":"https:\/\/www.pedagogia.it\/stripes\/#\/schema\/person\/38c9b7f363c048213b06b5989bc898d4"},"headline":"ll primo anno di Servizio Civile Universale in Stripes: l\u2019esperienza di Giusy","datePublished":"2022-03-18T10:09:56+00:00","dateModified":"2022-04-08T08:12:46+00:00","mainEntityOfPage":{"@id":"https:\/\/www.pedagogia.it\/stripes\/ll-primo-anno-di-servizio-civile-universale-in-stripes-lesperienza-di-giusy\/"},"wordCount":1489,"image":{"@id":"https:\/\/www.pedagogia.it\/stripes\/ll-primo-anno-di-servizio-civile-universale-in-stripes-lesperienza-di-giusy\/#primaryimage"},"thumbnailUrl":"https:\/\/www.pedagogia.it\/stripes\/wp-content\/uploads\/sites\/7\/2020\/12\/app_1920_1280_servizio-civile-universale-e1547137053272.jpg","keywords":["servizio civile universale","blog"],"articleSection":["news e blog"],"inLanguage":"it-IT"},{"@type":"WebPage","@id":"https:\/\/www.pedagogia.it\/stripes\/ll-primo-anno-di-servizio-civile-universale-in-stripes-lesperienza-di-giusy\/","url":"https:\/\/www.pedagogia.it\/stripes\/ll-primo-anno-di-servizio-civile-universale-in-stripes-lesperienza-di-giusy\/","name":"ll primo anno di Servizio Civile Universale in Stripes: l\u2019esperienza di Giusy - Stripes Cooperativa Sociale ONLUS","isPartOf":{"@id":"https:\/\/www.pedagogia.it\/stripes\/#website"},"primaryImageOfPage":{"@id":"https:\/\/www.pedagogia.it\/stripes\/ll-primo-anno-di-servizio-civile-universale-in-stripes-lesperienza-di-giusy\/#primaryimage"},"image":{"@id":"https:\/\/www.pedagogia.it\/stripes\/ll-primo-anno-di-servizio-civile-universale-in-stripes-lesperienza-di-giusy\/#primaryimage"},"thumbnailUrl":"https:\/\/www.pedagogia.it\/stripes\/wp-content\/uploads\/sites\/7\/2020\/12\/app_1920_1280_servizio-civile-universale-e1547137053272.jpg","datePublished":"2022-03-18T10:09:56+00:00","dateModified":"2022-04-08T08:12:46+00:00","author":{"@id":"https:\/\/www.pedagogia.it\/stripes\/#\/schema\/person\/38c9b7f363c048213b06b5989bc898d4"},"breadcrumb":{"@id":"https:\/\/www.pedagogia.it\/stripes\/ll-primo-anno-di-servizio-civile-universale-in-stripes-lesperienza-di-giusy\/#breadcrumb"},"inLanguage":"it-IT","potentialAction":[{"@type":"ReadAction","target":["https:\/\/www.pedagogia.it\/stripes\/ll-primo-anno-di-servizio-civile-universale-in-stripes-lesperienza-di-giusy\/"]}]},{"@type":"ImageObject","inLanguage":"it-IT","@id":"https:\/\/www.pedagogia.it\/stripes\/ll-primo-anno-di-servizio-civile-universale-in-stripes-lesperienza-di-giusy\/#primaryimage","url":"https:\/\/www.pedagogia.it\/stripes\/wp-content\/uploads\/sites\/7\/2020\/12\/app_1920_1280_servizio-civile-universale-e1547137053272.jpg","contentUrl":"https:\/\/www.pedagogia.it\/stripes\/wp-content\/uploads\/sites\/7\/2020\/12\/app_1920_1280_servizio-civile-universale-e1547137053272.jpg","width":1920,"height":1280},{"@type":"BreadcrumbList","@id":"https:\/\/www.pedagogia.it\/stripes\/ll-primo-anno-di-servizio-civile-universale-in-stripes-lesperienza-di-giusy\/#breadcrumb","itemListElement":[{"@type":"ListItem","position":1,"name":"Home","item":"https:\/\/www.pedagogia.it\/stripes\/"},{"@type":"ListItem","position":2,"name":"ll primo anno di Servizio Civile Universale in Stripes: l\u2019esperienza di Giusy"}]},{"@type":"WebSite","@id":"https:\/\/www.pedagogia.it\/stripes\/#website","url":"https:\/\/www.pedagogia.it\/stripes\/","name":"Stripes Cooperativa Sociale ONLUS","description":"","potentialAction":[{"@type":"SearchAction","target":{"@type":"EntryPoint","urlTemplate":"https:\/\/www.pedagogia.it\/stripes\/?s={search_term_string}"},"query-input":{"@type":"PropertyValueSpecification","valueRequired":true,"valueName":"search_term_string"}}],"inLanguage":"it-IT"},{"@type":"Person","@id":"https:\/\/www.pedagogia.it\/stripes\/#\/schema\/person\/38c9b7f363c048213b06b5989bc898d4","name":"formazione","image":{"@type":"ImageObject","inLanguage":"it-IT","@id":"https:\/\/secure.gravatar.com\/avatar\/af3494cfd8c6925a780a66a1b3c27c7cfec79ececb68d16c9f57f2a060431fd2?s=96&d=mm&r=ga61b6fac70b25fda5e55b31f0029190c","url":"https:\/\/secure.gravatar.com\/avatar\/af3494cfd8c6925a780a66a1b3c27c7cfec79ececb68d16c9f57f2a060431fd2?s=96&d=mm&r=g","contentUrl":"https:\/\/secure.gravatar.com\/avatar\/af3494cfd8c6925a780a66a1b3c27c7cfec79ececb68d16c9f57f2a060431fd2?s=96&d=mm&r=g","caption":"formazione"},"url":"https:\/\/www.pedagogia.it\/stripes\/author\/formazione\/"}]}},"authors":[],"_links":{"self":[{"href":"https:\/\/www.pedagogia.it\/stripes\/wp-json\/wp\/v2\/posts\/15292","targetHints":{"allow":["GET"]}}],"collection":[{"href":"https:\/\/www.pedagogia.it\/stripes\/wp-json\/wp\/v2\/posts"}],"about":[{"href":"https:\/\/www.pedagogia.it\/stripes\/wp-json\/wp\/v2\/types\/post"}],"author":[{"embeddable":true,"href":"https:\/\/www.pedagogia.it\/stripes\/wp-json\/wp\/v2\/users\/519"}],"replies":[{"embeddable":true,"href":"https:\/\/www.pedagogia.it\/stripes\/wp-json\/wp\/v2\/comments?post=15292"}],"version-history":[{"count":0,"href":"https:\/\/www.pedagogia.it\/stripes\/wp-json\/wp\/v2\/posts\/15292\/revisions"}],"wp:featuredmedia":[{"embeddable":true,"href":"https:\/\/www.pedagogia.it\/stripes\/wp-json\/wp\/v2\/media\/9165"}],"wp:attachment":[{"href":"https:\/\/www.pedagogia.it\/stripes\/wp-json\/wp\/v2\/media?parent=15292"}],"wp:term":[{"taxonomy":"category","embeddable":true,"href":"https:\/\/www.pedagogia.it\/stripes\/wp-json\/wp\/v2\/categories?post=15292"},{"taxonomy":"post_tag","embeddable":true,"href":"https:\/\/www.pedagogia.it\/stripes\/wp-json\/wp\/v2\/tags?post=15292"}],"curies":[{"name":"wp","href":"https:\/\/api.w.org\/{rel}","templated":true}]}}