{"id":16028,"date":"2022-05-05T09:35:50","date_gmt":"2022-05-05T07:35:50","guid":{"rendered":"https:\/\/www.pedagogia.it\/stripes\/questa-di-marinella-e-la-storia-vera-2-3-5-3-3-2\/"},"modified":"2022-05-05T12:52:31","modified_gmt":"2022-05-05T10:52:31","slug":"tradizioni","status":"publish","type":"post","link":"https:\/\/www.pedagogia.it\/stripes\/tradizioni\/","title":{"rendered":"Tradizioni"},"content":{"rendered":"<div class=\"wpb-content-wrapper\"><div data-parent=\"true\" class=\"vc_row row-container boomapps_vcrow\" id=\"row-unique-0\"><div class=\"row limit-width row-parent\"><div class=\"wpb_row row-inner\"><div class=\"wpb_column pos-top pos-center align_left column_parent col-lg-12 boomapps_vccolumn single-internal-gutter\"><div class=\"uncol style-light\"  ><div class=\"uncoltable\"><div class=\"uncell  boomapps_vccolumn no-block-padding\" ><div class=\"uncont\" ><div class=\"vc_custom_heading_wrap \"><div class=\"heading-text el-text\" ><h2 class=\"h2\" ><span><span style=\"font-size: 24pt;\"><strong>Tradizioni<\/strong><\/span><\/p><\/span><span><p><span style=\"font-size: 18pt;\"><em>Giulia Agnolucci<\/em><\/span><\/span><\/h2><\/div><div class=\"clear\"><\/div><\/div><div class=\"divider-wrapper \"  >\n    <div class=\"unseparator divider divider-center-icon border-color-dfgh-color\">\n                <div class=\"divider-icon icon-inactive btn-color-dfgh\">\n            <i class=\"fa fa-pencil\"><\/i>\n        <\/div>\n            <\/div>\n<\/div>\n<\/div><\/div><\/div><\/div><\/div><script id=\"script-row-unique-0\" data-row=\"script-row-unique-0\" type=\"text\/javascript\" class=\"vc_controls\">UNCODE.initRow(document.getElementById(\"row-unique-0\"));<\/script><\/div><\/div><\/div><div data-parent=\"true\" class=\"vc_row row-container boomapps_vcrow\" id=\"row-unique-1\"><div class=\"row limit-width row-parent\"><div class=\"wpb_row row-inner\"><div class=\"wpb_column pos-top pos-center align_left column_parent col-lg-12 boomapps_vccolumn single-internal-gutter\"><div class=\"uncol style-light\"  ><div class=\"uncoltable\"><div class=\"uncell  boomapps_vccolumn no-block-padding\" ><div class=\"uncont\" ><div class=\"uncode_text_column\" ><p><span style=\"font-weight: 400;\">Giacomo rientr\u00f2 in casa tutto trafelato lasciandosi alle spalle il gelo degli ultimi giorni di dicembre.\u00a0 Era stato via solo pochi minuti, giusto il tempo di raggiungere il piccolo ipermercato sotto casa che aveva sostituito la vecchia bottega di fiducia. A quell\u2019ora non aveva altra scelta per reperire l\u2019uvetta e non poteva proprio farne a meno. Sarebbe stata una dimenticanza troppo grave. Affrett\u00f2 il passo verso la cucina, consapevole che non era il caso di lasciarla sola troppo a lungo, ma dopotutto cosa avrebbe potuto mai combinare?\u00a0<\/span><\/p>\n<p><span style=\"font-weight: 400;\">Lanci\u00f2 un urlo quando la vide col coltello in mano. Lei era l\u00ec, al solito posto di combattimento, intenta a tagliare le patate a fette, rigorosamente alte come un dito, con aria trasognata. Ecco cosa poteva combinare. <\/span><span style=\"font-weight: 400;\"><br \/>\n<\/span><span style=\"font-weight: 400;\">\u00abFerma!! Ci penso io\u00bb. Le cinse le mani e la fece scostare di lato. \u00abAspetta, alza le braccia\u00bb. <\/span><span style=\"font-weight: 400;\"><br \/>\n<\/span><span style=\"font-weight: 400;\">Con un gesto quasi automatico le leg\u00f2 il grembiule con un fiocco: negli ultimi tempi era diventata sempre pi\u00f9 pasticciona, gli sembrava addirittura che lo facesse a posta e doveva far ricorso a tutta la sua buona volont\u00e0 per non dare di matto. Nelle giornate buone capitava che gli sparisse l\u2019orologio o una cravatta, in quelle cattive era direttamente lei a sparire, impegnata in un nascondino goliardico e inconsapevole, in quelle pessime diventava introvabile, una presenza eterea, lontana da tutto.<\/span><span style=\"font-weight: 400;\"><br \/>\n<\/span><span style=\"font-weight: 400;\">\u00abMmm\u00bb Deda aveva aperto il sacchetto di uvetta e senza la minima esitazione si era concessa un assaggio. \u00abLo sapevo che quest\u2019anno la vigna dava uva buona\u00bb. La vigna di cui parlava era ormai diventata da anni legna da ardere, ma quei tempi andati erano vividi nella sua memoria. Rammentava le vendemmie con tutta la famiglia, il padre, custode burbero e silenzioso di quel pezzo di verde, i fratelli nel fiore degli anni che trasportavano le casse piene di acini dai filari sul trattore. Qualche grappolo bianco veniva messa a essiccare sul canniccio in attesa di arricchire quel piatto della tradizione che consumavano da generazioni il giorno di Natale.\u00a0 <\/span><span style=\"font-weight: 400;\"><br \/>\n<\/span><span style=\"font-weight: 400;\">\u00abIl baccal\u00e0 \u00e8 pronto?\u00bb. Da giorni le aveva lasciato sul tavolo un biglietto colorato. <\/span><span style=\"font-weight: 400;\"><br \/>\n<\/span><span style=\"font-weight: 400;\">\u00abCerto! \u00c8 nel suo cartoccio\u00bb <\/span><span style=\"font-weight: 400;\"><br \/>\n<\/span><span style=\"font-weight: 400;\">Ecco. Sempre nel cartoccio. E ora chi glielo toglieva tutto quel sale al povero baccal\u00e0?<\/span><span style=\"font-weight: 400;\"><br \/>\n<\/span><span style=\"font-weight: 400;\">Giacomo non si perse d\u2019animo e per salvare il salvabile si mise anima e corpo a sciacquare il pesce inteccherito sotto litri di acqua corrente freddissima. <\/span><span style=\"font-weight: 400;\"><br \/>\n<\/span><span style=\"font-weight: 400;\">\u00abBasta! Basta!\u00bb Con un moto di stizza scalz\u00f2 via il nipote e prese in mano la situazione. Le mani tremanti ritrovarono l\u2019antica sicurezza mentre facevano a tocchetti il baccal\u00e0. Poi lo sistem\u00f2 sulla teglia, un antico cimelio testimone di tante cene come quella, aggiunge della mollica, l\u2019uvetta, i pinoli e le patate. Assaggi\u00f2 il condimento, rigorosamente con le dita, e inforn\u00f2 tutto nella stufa a gas. Il risultato non sembrava poi cos\u00ec male. E pensare che a lei neanche piaceva il famoso \u2018baccal\u00e0 arracanato\u2019, ma lo cucinava sempre la sua mamma nei Natali trascorsi nel profondo sud, quando lei era ancora una bambina. Il pi\u00f9 era fatto, ora doveva solo aspettare.\u00a0<\/span><\/p>\n<p><span style=\"font-weight: 400;\">Il salotto buono sistemato per le grandi occasioni faceva da sfondo al chiacchiericcio animato della famiglia. A un estremo del tavolo, quasi incastrati tra le fronte dell\u2019abete stracolmo di decorazioni, i nipoti avevano creato l\u2019angolo giovent\u00f9. Al centro, i grandi si aggiornavano sui classici discorsi di rito, lavoro, politica, problemi con le maestre. Ed eccola, col passo strascicato amplificato dalle pantofole ortopediche e con le guance arrossate di malcelata emozione, la nonna Deda raggiunse i commensali portando con s\u00e9 il piatto che li riuniva per le feste. Si sedette alla destra del capotavola, perch\u00e9 non importava da quanto li avesse lasciati il marito, quel posto sarebbe sempre stato suo. Lanci\u00f2 un\u2019occhiata al maggiore dei nipoti, fedelmente seduto di fronte a lei. <\/span><span style=\"font-weight: 400;\"><br \/>\n<\/span><span style=\"font-weight: 400;\">\u00abEddai, mangia che \u00e8 opera tua\u00bb.<\/span><span style=\"font-weight: 400;\"><br \/>\n<\/span><span style=\"font-weight: 400;\">Giacomo era felice e il cuore gli rimbombava nel petto. E non era solo per il sale nel baccal\u00e0.<\/span><\/p>\n<\/div><div class=\"empty-space empty-half\" ><span class=\"empty-space-inner\"><\/span><\/div>\n<span class=\"btn-container\" ><a role=\"button\"  href=\"https:\/\/www.pedagogia.it\/stripes\/premio-100-linguaggi\/\" class=\"custom-link btn border-width-0 btn-color-dfgh btn-round btn-icon-left btn-ripple-in btn-border-animated\" title=\"Premio 100 Linguaggi\">SCOPRI TUTTI I RACCONTI<\/a><\/span><\/div><\/div><\/div><\/div><\/div><script id=\"script-row-unique-1\" data-row=\"script-row-unique-1\" type=\"text\/javascript\" class=\"vc_controls\">UNCODE.initRow(document.getElementById(\"row-unique-1\"));<\/script><\/div><\/div><\/div>\n<\/div>","protected":false},"excerpt":{"rendered":"TradizioniGiulia Agnolucci Giacomo rientr\u00f2 in casa tutto trafelato lasciandosi alle spalle il gelo degli ultimi giorni di dicembre.\u00a0 Era stato [...]","protected":false},"author":235,"featured_media":12760,"comment_status":"closed","ping_status":"open","sticky":false,"template":"","format":"standard","meta":{"give_campaign_id":0,"om_disable_all_campaigns":false,"_monsterinsights_skip_tracking":false,"_monsterinsights_sitenote_active":false,"_monsterinsights_sitenote_note":"","_monsterinsights_sitenote_category":0,"footnotes":""},"categories":[384],"tags":[],"class_list":["post-16028","post","type-post","status-publish","format-standard","has-post-thumbnail","hentry","category-raccontipremio2022"],"aioseo_notices":[],"yoast_head":"<!-- This site is optimized with the Yoast SEO plugin v27.2 - https:\/\/yoast.com\/product\/yoast-seo-wordpress\/ -->\n<title>Tradizioni - Stripes Cooperativa Sociale ONLUS<\/title>\n<meta name=\"robots\" content=\"index, follow, max-snippet:-1, max-image-preview:large, max-video-preview:-1\" \/>\n<link rel=\"canonical\" href=\"https:\/\/www.pedagogia.it\/stripes\/tradizioni\/\" \/>\n<meta property=\"og:locale\" content=\"it_IT\" \/>\n<meta property=\"og:type\" content=\"article\" \/>\n<meta property=\"og:title\" content=\"Tradizioni - Stripes Cooperativa Sociale ONLUS\" \/>\n<meta property=\"og:url\" content=\"https:\/\/www.pedagogia.it\/stripes\/tradizioni\/\" \/>\n<meta property=\"og:site_name\" content=\"Stripes Cooperativa Sociale ONLUS\" \/>\n<meta property=\"article:published_time\" content=\"2022-05-05T07:35:50+00:00\" \/>\n<meta property=\"article:modified_time\" content=\"2022-05-05T10:52:31+00:00\" \/>\n<meta property=\"og:image\" content=\"https:\/\/www.pedagogia.it\/stripes\/wp-content\/uploads\/sites\/7\/2021\/10\/header_100_linguaggi.jpg\" \/>\n\t<meta property=\"og:image:width\" content=\"1920\" \/>\n\t<meta property=\"og:image:height\" content=\"1280\" \/>\n\t<meta property=\"og:image:type\" content=\"image\/jpeg\" \/>\n<meta name=\"author\" content=\"maracolombo\" \/>\n<meta name=\"twitter:card\" content=\"summary_large_image\" \/>\n<meta name=\"twitter:label1\" content=\"Scritto da\" \/>\n\t<meta name=\"twitter:data1\" content=\"maracolombo\" \/>\n\t<meta name=\"twitter:label2\" content=\"Tempo di lettura stimato\" \/>\n\t<meta name=\"twitter:data2\" content=\"4 minuti\" \/>\n<script type=\"application\/ld+json\" class=\"yoast-schema-graph\">{\"@context\":\"https:\/\/schema.org\",\"@graph\":[{\"@type\":\"Article\",\"@id\":\"https:\/\/www.pedagogia.it\/stripes\/tradizioni\/#article\",\"isPartOf\":{\"@id\":\"https:\/\/www.pedagogia.it\/stripes\/tradizioni\/\"},\"author\":{\"name\":\"maracolombo\",\"@id\":\"https:\/\/www.pedagogia.it\/stripes\/#\/schema\/person\/c3931223708062d2bcd243fb82d0ece9\"},\"headline\":\"Tradizioni\",\"datePublished\":\"2022-05-05T07:35:50+00:00\",\"dateModified\":\"2022-05-05T10:52:31+00:00\",\"mainEntityOfPage\":{\"@id\":\"https:\/\/www.pedagogia.it\/stripes\/tradizioni\/\"},\"wordCount\":755,\"image\":{\"@id\":\"https:\/\/www.pedagogia.it\/stripes\/tradizioni\/#primaryimage\"},\"thumbnailUrl\":\"https:\/\/www.pedagogia.it\/stripes\/wp-content\/uploads\/sites\/7\/2021\/10\/header_100_linguaggi.jpg\",\"articleSection\":[\"raccontipremio2022\"],\"inLanguage\":\"it-IT\"},{\"@type\":\"WebPage\",\"@id\":\"https:\/\/www.pedagogia.it\/stripes\/tradizioni\/\",\"url\":\"https:\/\/www.pedagogia.it\/stripes\/tradizioni\/\",\"name\":\"Tradizioni - Stripes Cooperativa Sociale ONLUS\",\"isPartOf\":{\"@id\":\"https:\/\/www.pedagogia.it\/stripes\/#website\"},\"primaryImageOfPage\":{\"@id\":\"https:\/\/www.pedagogia.it\/stripes\/tradizioni\/#primaryimage\"},\"image\":{\"@id\":\"https:\/\/www.pedagogia.it\/stripes\/tradizioni\/#primaryimage\"},\"thumbnailUrl\":\"https:\/\/www.pedagogia.it\/stripes\/wp-content\/uploads\/sites\/7\/2021\/10\/header_100_linguaggi.jpg\",\"datePublished\":\"2022-05-05T07:35:50+00:00\",\"dateModified\":\"2022-05-05T10:52:31+00:00\",\"author\":{\"@id\":\"https:\/\/www.pedagogia.it\/stripes\/#\/schema\/person\/c3931223708062d2bcd243fb82d0ece9\"},\"breadcrumb\":{\"@id\":\"https:\/\/www.pedagogia.it\/stripes\/tradizioni\/#breadcrumb\"},\"inLanguage\":\"it-IT\",\"potentialAction\":[{\"@type\":\"ReadAction\",\"target\":[\"https:\/\/www.pedagogia.it\/stripes\/tradizioni\/\"]}]},{\"@type\":\"ImageObject\",\"inLanguage\":\"it-IT\",\"@id\":\"https:\/\/www.pedagogia.it\/stripes\/tradizioni\/#primaryimage\",\"url\":\"https:\/\/www.pedagogia.it\/stripes\/wp-content\/uploads\/sites\/7\/2021\/10\/header_100_linguaggi.jpg\",\"contentUrl\":\"https:\/\/www.pedagogia.it\/stripes\/wp-content\/uploads\/sites\/7\/2021\/10\/header_100_linguaggi.jpg\",\"width\":1920,\"height\":1280},{\"@type\":\"BreadcrumbList\",\"@id\":\"https:\/\/www.pedagogia.it\/stripes\/tradizioni\/#breadcrumb\",\"itemListElement\":[{\"@type\":\"ListItem\",\"position\":1,\"name\":\"Home\",\"item\":\"https:\/\/www.pedagogia.it\/stripes\/\"},{\"@type\":\"ListItem\",\"position\":2,\"name\":\"Tradizioni\"}]},{\"@type\":\"WebSite\",\"@id\":\"https:\/\/www.pedagogia.it\/stripes\/#website\",\"url\":\"https:\/\/www.pedagogia.it\/stripes\/\",\"name\":\"Stripes Cooperativa Sociale ONLUS\",\"description\":\"\",\"potentialAction\":[{\"@type\":\"SearchAction\",\"target\":{\"@type\":\"EntryPoint\",\"urlTemplate\":\"https:\/\/www.pedagogia.it\/stripes\/?s={search_term_string}\"},\"query-input\":{\"@type\":\"PropertyValueSpecification\",\"valueRequired\":true,\"valueName\":\"search_term_string\"}}],\"inLanguage\":\"it-IT\"},{\"@type\":\"Person\",\"@id\":\"https:\/\/www.pedagogia.it\/stripes\/#\/schema\/person\/c3931223708062d2bcd243fb82d0ece9\",\"name\":\"maracolombo\",\"image\":{\"@type\":\"ImageObject\",\"inLanguage\":\"it-IT\",\"@id\":\"https:\/\/secure.gravatar.com\/avatar\/41e0ef966845c69af6e15fbbc059dac8078c1a5bd13ef103c3dd43007d08aec1?s=96&d=mm&r=ga412a0bc00134ae2702e216ce4f0e031\",\"url\":\"https:\/\/secure.gravatar.com\/avatar\/41e0ef966845c69af6e15fbbc059dac8078c1a5bd13ef103c3dd43007d08aec1?s=96&d=mm&r=g\",\"contentUrl\":\"https:\/\/secure.gravatar.com\/avatar\/41e0ef966845c69af6e15fbbc059dac8078c1a5bd13ef103c3dd43007d08aec1?s=96&d=mm&r=g\",\"caption\":\"maracolombo\"},\"url\":\"https:\/\/www.pedagogia.it\/stripes\/author\/maracolombo\/\"}]}<\/script>\n<!-- \/ Yoast SEO plugin. -->","yoast_head_json":{"title":"Tradizioni - Stripes Cooperativa Sociale ONLUS","robots":{"index":"index","follow":"follow","max-snippet":"max-snippet:-1","max-image-preview":"max-image-preview:large","max-video-preview":"max-video-preview:-1"},"canonical":"https:\/\/www.pedagogia.it\/stripes\/tradizioni\/","og_locale":"it_IT","og_type":"article","og_title":"Tradizioni - Stripes Cooperativa Sociale ONLUS","og_url":"https:\/\/www.pedagogia.it\/stripes\/tradizioni\/","og_site_name":"Stripes Cooperativa Sociale ONLUS","article_published_time":"2022-05-05T07:35:50+00:00","article_modified_time":"2022-05-05T10:52:31+00:00","og_image":[{"width":1920,"height":1280,"url":"https:\/\/www.pedagogia.it\/stripes\/wp-content\/uploads\/sites\/7\/2021\/10\/header_100_linguaggi.jpg","type":"image\/jpeg"}],"author":"maracolombo","twitter_card":"summary_large_image","twitter_misc":{"Scritto da":"maracolombo","Tempo di lettura stimato":"4 minuti"},"schema":{"@context":"https:\/\/schema.org","@graph":[{"@type":"Article","@id":"https:\/\/www.pedagogia.it\/stripes\/tradizioni\/#article","isPartOf":{"@id":"https:\/\/www.pedagogia.it\/stripes\/tradizioni\/"},"author":{"name":"maracolombo","@id":"https:\/\/www.pedagogia.it\/stripes\/#\/schema\/person\/c3931223708062d2bcd243fb82d0ece9"},"headline":"Tradizioni","datePublished":"2022-05-05T07:35:50+00:00","dateModified":"2022-05-05T10:52:31+00:00","mainEntityOfPage":{"@id":"https:\/\/www.pedagogia.it\/stripes\/tradizioni\/"},"wordCount":755,"image":{"@id":"https:\/\/www.pedagogia.it\/stripes\/tradizioni\/#primaryimage"},"thumbnailUrl":"https:\/\/www.pedagogia.it\/stripes\/wp-content\/uploads\/sites\/7\/2021\/10\/header_100_linguaggi.jpg","articleSection":["raccontipremio2022"],"inLanguage":"it-IT"},{"@type":"WebPage","@id":"https:\/\/www.pedagogia.it\/stripes\/tradizioni\/","url":"https:\/\/www.pedagogia.it\/stripes\/tradizioni\/","name":"Tradizioni - Stripes Cooperativa Sociale ONLUS","isPartOf":{"@id":"https:\/\/www.pedagogia.it\/stripes\/#website"},"primaryImageOfPage":{"@id":"https:\/\/www.pedagogia.it\/stripes\/tradizioni\/#primaryimage"},"image":{"@id":"https:\/\/www.pedagogia.it\/stripes\/tradizioni\/#primaryimage"},"thumbnailUrl":"https:\/\/www.pedagogia.it\/stripes\/wp-content\/uploads\/sites\/7\/2021\/10\/header_100_linguaggi.jpg","datePublished":"2022-05-05T07:35:50+00:00","dateModified":"2022-05-05T10:52:31+00:00","author":{"@id":"https:\/\/www.pedagogia.it\/stripes\/#\/schema\/person\/c3931223708062d2bcd243fb82d0ece9"},"breadcrumb":{"@id":"https:\/\/www.pedagogia.it\/stripes\/tradizioni\/#breadcrumb"},"inLanguage":"it-IT","potentialAction":[{"@type":"ReadAction","target":["https:\/\/www.pedagogia.it\/stripes\/tradizioni\/"]}]},{"@type":"ImageObject","inLanguage":"it-IT","@id":"https:\/\/www.pedagogia.it\/stripes\/tradizioni\/#primaryimage","url":"https:\/\/www.pedagogia.it\/stripes\/wp-content\/uploads\/sites\/7\/2021\/10\/header_100_linguaggi.jpg","contentUrl":"https:\/\/www.pedagogia.it\/stripes\/wp-content\/uploads\/sites\/7\/2021\/10\/header_100_linguaggi.jpg","width":1920,"height":1280},{"@type":"BreadcrumbList","@id":"https:\/\/www.pedagogia.it\/stripes\/tradizioni\/#breadcrumb","itemListElement":[{"@type":"ListItem","position":1,"name":"Home","item":"https:\/\/www.pedagogia.it\/stripes\/"},{"@type":"ListItem","position":2,"name":"Tradizioni"}]},{"@type":"WebSite","@id":"https:\/\/www.pedagogia.it\/stripes\/#website","url":"https:\/\/www.pedagogia.it\/stripes\/","name":"Stripes Cooperativa Sociale ONLUS","description":"","potentialAction":[{"@type":"SearchAction","target":{"@type":"EntryPoint","urlTemplate":"https:\/\/www.pedagogia.it\/stripes\/?s={search_term_string}"},"query-input":{"@type":"PropertyValueSpecification","valueRequired":true,"valueName":"search_term_string"}}],"inLanguage":"it-IT"},{"@type":"Person","@id":"https:\/\/www.pedagogia.it\/stripes\/#\/schema\/person\/c3931223708062d2bcd243fb82d0ece9","name":"maracolombo","image":{"@type":"ImageObject","inLanguage":"it-IT","@id":"https:\/\/secure.gravatar.com\/avatar\/41e0ef966845c69af6e15fbbc059dac8078c1a5bd13ef103c3dd43007d08aec1?s=96&d=mm&r=ga412a0bc00134ae2702e216ce4f0e031","url":"https:\/\/secure.gravatar.com\/avatar\/41e0ef966845c69af6e15fbbc059dac8078c1a5bd13ef103c3dd43007d08aec1?s=96&d=mm&r=g","contentUrl":"https:\/\/secure.gravatar.com\/avatar\/41e0ef966845c69af6e15fbbc059dac8078c1a5bd13ef103c3dd43007d08aec1?s=96&d=mm&r=g","caption":"maracolombo"},"url":"https:\/\/www.pedagogia.it\/stripes\/author\/maracolombo\/"}]}},"authors":[],"_links":{"self":[{"href":"https:\/\/www.pedagogia.it\/stripes\/wp-json\/wp\/v2\/posts\/16028","targetHints":{"allow":["GET"]}}],"collection":[{"href":"https:\/\/www.pedagogia.it\/stripes\/wp-json\/wp\/v2\/posts"}],"about":[{"href":"https:\/\/www.pedagogia.it\/stripes\/wp-json\/wp\/v2\/types\/post"}],"author":[{"embeddable":true,"href":"https:\/\/www.pedagogia.it\/stripes\/wp-json\/wp\/v2\/users\/235"}],"replies":[{"embeddable":true,"href":"https:\/\/www.pedagogia.it\/stripes\/wp-json\/wp\/v2\/comments?post=16028"}],"version-history":[{"count":0,"href":"https:\/\/www.pedagogia.it\/stripes\/wp-json\/wp\/v2\/posts\/16028\/revisions"}],"wp:featuredmedia":[{"embeddable":true,"href":"https:\/\/www.pedagogia.it\/stripes\/wp-json\/wp\/v2\/media\/12760"}],"wp:attachment":[{"href":"https:\/\/www.pedagogia.it\/stripes\/wp-json\/wp\/v2\/media?parent=16028"}],"wp:term":[{"taxonomy":"category","embeddable":true,"href":"https:\/\/www.pedagogia.it\/stripes\/wp-json\/wp\/v2\/categories?post=16028"},{"taxonomy":"post_tag","embeddable":true,"href":"https:\/\/www.pedagogia.it\/stripes\/wp-json\/wp\/v2\/tags?post=16028"}],"curies":[{"name":"wp","href":"https:\/\/api.w.org\/{rel}","templated":true}]}}