{"id":20328,"date":"2023-09-01T15:38:23","date_gmt":"2023-09-01T13:38:23","guid":{"rendered":"https:\/\/www.pedagogia.it\/stripes\/?p=20328"},"modified":"2023-09-01T16:13:41","modified_gmt":"2023-09-01T14:13:41","slug":"un-filo-di-voce","status":"publish","type":"post","link":"https:\/\/www.pedagogia.it\/stripes\/un-filo-di-voce\/","title":{"rendered":"Un filo di voce"},"content":{"rendered":"<div class=\"wpb-content-wrapper\"><div data-parent=\"true\" class=\"vc_row row-container boomapps_vcrow\" id=\"row-unique-0\"><div class=\"row limit-width row-parent\"><div class=\"wpb_row row-inner\"><div class=\"wpb_column pos-top pos-center align_left column_parent col-lg-12 boomapps_vccolumn single-internal-gutter\"><div class=\"uncol style-light\"  ><div class=\"uncoltable\"><div class=\"uncell  boomapps_vccolumn no-block-padding\" ><div class=\"uncont\" ><div class=\"vc_custom_heading_wrap \"><div class=\"heading-text el-text\" ><h2 class=\"h2 text-color-dfgh-color\" ><span><strong>Un filo di voce<\/strong><\/span><\/h2><\/div><div class=\"clear\"><\/div><\/div><div class=\"uncode_text_column\" ><p>I ragazzi coinvolti nel progetto si sono cimentati nella produzione di un podcast legato ad un percorso di trekking urbano che racconta curiosit\u00e0 sulla citt\u00e0 di Legnano in epoca industriale. La citt\u00e0 era in quegli anni caratterizzata da una fiorente industria tessile e da qui \u00e8 nato il titolo del podcast, che aveva come obiettivo il racconto della storia di Legnano attraverso le voci dei ragazzi: \u201cUn filo di voce\u201d.<\/p>\n<p>Sono stati attivati, nel corso dello svolgimento del progetto \u201cAction!\u201d, diversi laboratori per creare il prodotto finale: inizialmente, attraverso l\u2019esercizio dello storytelling, i ragazzi hanno scelto i punti di interesse per il percorso di trekking urbano, recuperato le informazioni storiche e rielaborato queste ultime per renderle attrattive ai futuri ascoltatori. Successivamente sono stati avviati due laboratori: uno di interpretazione e uso della voce, per leggere al meglio i testi prodotti, l\u2019altro tecnico, improntato all\u2019uso degli elementi base di design del suono. I due gruppi si sono uniti e, negli incontri conclusivi, hanno collaborato per arrivare al lavoro di registrazione ed editing del podcast. Infine, un quarto gruppo, si \u00e8 occupato della promozione e della pubblicit\u00e0, approfondendo i temi legati ai social e curando le grafiche di brochure e cartoline informative e della pagina web del progetto.<\/p>\n<\/div><\/div><\/div><\/div><\/div><\/div><script id=\"script-row-unique-0\" data-row=\"script-row-unique-0\" type=\"text\/javascript\" class=\"vc_controls\">UNCODE.initRow(document.getElementById(\"row-unique-0\"));<\/script><\/div><\/div><\/div><div data-parent=\"true\" class=\"vc_row row-container onepage-section boomapps_vcrow\" data-label=\"action1\" data-name=\"action1\" id=\"row-unique-1\"><div class=\"row limit-width row-parent\"><div class=\"wpb_row row-inner\"><div class=\"wpb_column pos-top pos-center align_left column_parent col-lg-12 boomapps_vccolumn single-internal-gutter\"><div class=\"uncol style-light\"  ><div class=\"uncoltable\"><div class=\"uncell  boomapps_vccolumn no-block-padding\" ><div class=\"uncont\" ><div class=\"uncode-single-media  text-left\"><div class=\"single-wrapper\" style=\"max-width: 100%;\"><h2 class=\"wpb_heading wpb_singleimage_heading\">1 Palazzo Malinverni (Alessio)<\/h2><div class=\"tmb tmb-light  tmb-media-first tmb-media-last tmb-content-overlay tmb-no-bg\"><div class=\"t-inside\"><div class=\"t-entry-visual\"><div class=\"t-entry-visual-tc\"><div class=\"uncode-single-media-wrapper\"><div class=\"h3 object-size self-audio fluid-object\" style=\"padding-top: 100%\"><audio class=\"wp-audio-shortcode\" id=\"audio-20328-1\" preload=\"none\" style=\"width: 100%;\" controls=\"controls\"><source type=\"audio\/mpeg\" src=\"https:\/\/www.pedagogia.it\/stripes\/wp-content\/uploads\/sites\/7\/2023\/06\/1_Palazzo_Malinverni_Alessio.mp3?_=1\"><\/source><a href=\"https:\/\/www.pedagogia.it\/stripes\/wp-content\/uploads\/sites\/7\/2023\/06\/1_Palazzo_Malinverni_Alessio.mp3\">https:\/\/www.pedagogia.it\/stripes\/wp-content\/uploads\/sites\/7\/2023\/06\/1_Palazzo_Malinverni_Alessio.mp3<\/a><\/audio><\/div><\/div>\n\t\t\t\t\t<\/div>\n\t\t\t\t<\/div><\/div><\/div><\/div><\/div><\/div><\/div><\/div><\/div><\/div><script id=\"script-row-unique-1\" data-row=\"script-row-unique-1\" type=\"text\/javascript\" class=\"vc_controls\">UNCODE.initRow(document.getElementById(\"row-unique-1\"));<\/script><\/div><\/div><\/div><div data-parent=\"true\" class=\"vc_row row-container onepage-section boomapps_vcrow\" data-label=\"action2\" data-name=\"action2\" id=\"row-unique-2\"><div class=\"row limit-width row-parent\"><div class=\"wpb_row row-inner\"><div class=\"wpb_column pos-top pos-center align_left column_parent col-lg-12 boomapps_vccolumn single-internal-gutter\"><div class=\"uncol style-light\"  ><div class=\"uncoltable\"><div class=\"uncell  boomapps_vccolumn no-block-padding\" ><div class=\"uncont\" ><div class=\"uncode-single-media  text-left\"><div class=\"single-wrapper\" style=\"max-width: 100%;\"><h2 class=\"wpb_heading wpb_singleimage_heading\">2 Piazza San Magno (Alice)<\/h2><div class=\"tmb tmb-light  tmb-media-first tmb-media-last tmb-content-overlay tmb-no-bg\"><div class=\"t-inside\"><div class=\"t-entry-visual\"><div class=\"t-entry-visual-tc\"><div class=\"uncode-single-media-wrapper\"><div class=\"h3 object-size self-audio fluid-object\" style=\"padding-top: 100%\"><audio class=\"wp-audio-shortcode\" id=\"audio-20328-2\" preload=\"none\" style=\"width: 100%;\" controls=\"controls\"><source type=\"audio\/mpeg\" src=\"https:\/\/www.pedagogia.it\/stripes\/wp-content\/uploads\/sites\/7\/2023\/06\/2_Piazza_San_Magno_Alice.mp3?_=2\"><\/source><a href=\"https:\/\/www.pedagogia.it\/stripes\/wp-content\/uploads\/sites\/7\/2023\/06\/2_Piazza_San_Magno_Alice.mp3\">https:\/\/www.pedagogia.it\/stripes\/wp-content\/uploads\/sites\/7\/2023\/06\/2_Piazza_San_Magno_Alice.mp3<\/a><\/audio><\/div><\/div>\n\t\t\t\t\t<\/div>\n\t\t\t\t<\/div><\/div><\/div><\/div><\/div><\/div><\/div><\/div><\/div><\/div><script id=\"script-row-unique-2\" data-row=\"script-row-unique-2\" type=\"text\/javascript\" class=\"vc_controls\">UNCODE.initRow(document.getElementById(\"row-unique-2\"));<\/script><\/div><\/div><\/div><div data-parent=\"true\" class=\"vc_row row-container onepage-section boomapps_vcrow\" data-label=\"action3\" data-name=\"action3\" id=\"row-unique-3\"><div class=\"row limit-width row-parent\"><div class=\"wpb_row row-inner\"><div class=\"wpb_column pos-top pos-center align_left column_parent col-lg-12 boomapps_vccolumn single-internal-gutter\"><div class=\"uncol style-light\"  ><div class=\"uncoltable\"><div class=\"uncell  boomapps_vccolumn no-block-padding\" ><div class=\"uncont\" ><div class=\"uncode-single-media  text-left\"><div class=\"single-wrapper\" style=\"max-width: 100%;\"><h2 class=\"wpb_heading wpb_singleimage_heading\">3 Villa Jucker (Veronica)<\/h2><div class=\"tmb tmb-light  tmb-media-first tmb-media-last tmb-content-overlay tmb-no-bg\"><div class=\"t-inside\"><div class=\"t-entry-visual\"><div class=\"t-entry-visual-tc\"><div class=\"uncode-single-media-wrapper\"><div class=\"h3 object-size self-audio fluid-object\" style=\"padding-top: 100%\"><audio class=\"wp-audio-shortcode\" id=\"audio-20328-3\" preload=\"none\" style=\"width: 100%;\" controls=\"controls\"><source type=\"audio\/mpeg\" src=\"https:\/\/www.pedagogia.it\/stripes\/wp-content\/uploads\/sites\/7\/2023\/06\/3_Villa_Jucker_Veronica.mp3?_=3\"><\/source><a href=\"https:\/\/www.pedagogia.it\/stripes\/wp-content\/uploads\/sites\/7\/2023\/06\/3_Villa_Jucker_Veronica.mp3\">https:\/\/www.pedagogia.it\/stripes\/wp-content\/uploads\/sites\/7\/2023\/06\/3_Villa_Jucker_Veronica.mp3<\/a><\/audio><\/div><\/div>\n\t\t\t\t\t<\/div>\n\t\t\t\t<\/div><\/div><\/div><\/div><\/div><\/div><\/div><\/div><\/div><\/div><script id=\"script-row-unique-3\" data-row=\"script-row-unique-3\" type=\"text\/javascript\" class=\"vc_controls\">UNCODE.initRow(document.getElementById(\"row-unique-3\"));<\/script><\/div><\/div><\/div><div data-parent=\"true\" class=\"vc_row row-container onepage-section boomapps_vcrow\" data-label=\"action4\" data-name=\"action4\" id=\"row-unique-4\"><div class=\"row limit-width row-parent\"><div class=\"wpb_row row-inner\"><div class=\"wpb_column pos-top pos-center align_left column_parent col-lg-12 boomapps_vccolumn single-internal-gutter\"><div class=\"uncol style-light\"  ><div class=\"uncoltable\"><div class=\"uncell  boomapps_vccolumn no-block-padding\" ><div class=\"uncont\" ><div class=\"uncode-single-media  text-left\"><div class=\"single-wrapper\" style=\"max-width: 100%;\"><h2 class=\"wpb_heading wpb_singleimage_heading\">4 Ponte liberty (Matteo)<\/h2><div class=\"tmb tmb-light  tmb-media-first tmb-media-last tmb-content-overlay tmb-no-bg\"><div class=\"t-inside\"><div class=\"t-entry-visual\"><div class=\"t-entry-visual-tc\"><div class=\"uncode-single-media-wrapper\"><div class=\"h3 object-size self-audio fluid-object\" style=\"padding-top: 100%\"><audio class=\"wp-audio-shortcode\" id=\"audio-20328-4\" preload=\"none\" style=\"width: 100%;\" controls=\"controls\"><source type=\"audio\/mpeg\" src=\"https:\/\/www.pedagogia.it\/stripes\/wp-content\/uploads\/sites\/7\/2023\/09\/4-Ponte-Liberty-Matteo.mp3?_=4\"><\/source><a href=\"https:\/\/www.pedagogia.it\/stripes\/wp-content\/uploads\/sites\/7\/2023\/09\/4-Ponte-Liberty-Matteo.mp3\">https:\/\/www.pedagogia.it\/stripes\/wp-content\/uploads\/sites\/7\/2023\/09\/4-Ponte-Liberty-Matteo.mp3<\/a><\/audio><\/div><\/div>\n\t\t\t\t\t<\/div>\n\t\t\t\t<\/div><\/div><\/div><\/div><\/div><\/div><\/div><\/div><\/div><\/div><script id=\"script-row-unique-4\" data-row=\"script-row-unique-4\" type=\"text\/javascript\" class=\"vc_controls\">UNCODE.initRow(document.getElementById(\"row-unique-4\"));<\/script><\/div><\/div><\/div><div data-parent=\"true\" class=\"vc_row row-container onepage-section boomapps_vcrow\" data-label=\"action5\" data-name=\"action5\" id=\"row-unique-5\"><div class=\"row limit-width row-parent\"><div class=\"wpb_row row-inner\"><div class=\"wpb_column pos-top pos-center align_left column_parent col-lg-12 boomapps_vccolumn single-internal-gutter\"><div class=\"uncol style-light\"  ><div class=\"uncoltable\"><div class=\"uncell  boomapps_vccolumn no-block-padding\" ><div class=\"uncont\" ><div class=\"uncode-single-media  text-left\"><div class=\"single-wrapper\" style=\"max-width: 100%;\"><h2 class=\"wpb_heading wpb_singleimage_heading\">5 Comunicazioni (Silvia, Veronica, Beatrice)<\/h2><div class=\"tmb tmb-light  tmb-media-first tmb-media-last tmb-content-overlay tmb-no-bg\"><div class=\"t-inside\"><div class=\"t-entry-visual\"><div class=\"t-entry-visual-tc\"><div class=\"uncode-single-media-wrapper\"><div class=\"h3 object-size self-audio fluid-object\" style=\"padding-top: 100%\"><audio class=\"wp-audio-shortcode\" id=\"audio-20328-5\" preload=\"none\" style=\"width: 100%;\" controls=\"controls\"><source type=\"audio\/mpeg\" src=\"https:\/\/www.pedagogia.it\/stripes\/wp-content\/uploads\/sites\/7\/2023\/06\/5_Comunicazioni_Silvia_Veronica_Beatrice.mp3?_=5\"><\/source><a href=\"https:\/\/www.pedagogia.it\/stripes\/wp-content\/uploads\/sites\/7\/2023\/06\/5_Comunicazioni_Silvia_Veronica_Beatrice.mp3\">https:\/\/www.pedagogia.it\/stripes\/wp-content\/uploads\/sites\/7\/2023\/06\/5_Comunicazioni_Silvia_Veronica_Beatrice.mp3<\/a><\/audio><\/div><\/div>\n\t\t\t\t\t<\/div>\n\t\t\t\t<\/div><\/div><\/div><\/div><\/div><\/div><\/div><\/div><\/div><\/div><script id=\"script-row-unique-5\" data-row=\"script-row-unique-5\" type=\"text\/javascript\" class=\"vc_controls\">UNCODE.initRow(document.getElementById(\"row-unique-5\"));<\/script><\/div><\/div><\/div><div data-parent=\"true\" class=\"vc_row row-container onepage-section boomapps_vcrow\" data-label=\"action6\" data-name=\"action6\" id=\"row-unique-6\"><div class=\"row limit-width row-parent\"><div class=\"wpb_row row-inner\"><div class=\"wpb_column pos-top pos-center align_left column_parent col-lg-12 boomapps_vccolumn single-internal-gutter\"><div class=\"uncol style-light\"  ><div class=\"uncoltable\"><div class=\"uncell  boomapps_vccolumn no-block-padding\" ><div class=\"uncont\" ><div class=\"uncode-single-media  text-left\"><div class=\"single-wrapper\" style=\"max-width: 100%;\"><h2 class=\"wpb_heading wpb_singleimage_heading\">6 C. Dell&#039;Acqua (Anna)<\/h2><div class=\"tmb tmb-light  tmb-media-first tmb-media-last tmb-content-overlay tmb-no-bg\"><div class=\"t-inside\"><div class=\"t-entry-visual\"><div class=\"t-entry-visual-tc\"><div class=\"uncode-single-media-wrapper\"><div class=\"h3 object-size self-audio fluid-object\" style=\"padding-top: 100%\"><audio class=\"wp-audio-shortcode\" id=\"audio-20328-6\" preload=\"none\" style=\"width: 100%;\" controls=\"controls\"><source type=\"audio\/mpeg\" src=\"https:\/\/www.pedagogia.it\/stripes\/wp-content\/uploads\/sites\/7\/2023\/06\/6_C_Dell_Acqua_Anna.mp3?_=6\"><\/source><a href=\"https:\/\/www.pedagogia.it\/stripes\/wp-content\/uploads\/sites\/7\/2023\/06\/6_C_Dell_Acqua_Anna.mp3\">https:\/\/www.pedagogia.it\/stripes\/wp-content\/uploads\/sites\/7\/2023\/06\/6_C_Dell_Acqua_Anna.mp3<\/a><\/audio><\/div><\/div>\n\t\t\t\t\t<\/div>\n\t\t\t\t<\/div><\/div><\/div><\/div><\/div><\/div><\/div><\/div><\/div><\/div><script id=\"script-row-unique-6\" data-row=\"script-row-unique-6\" type=\"text\/javascript\" class=\"vc_controls\">UNCODE.initRow(document.getElementById(\"row-unique-6\"));<\/script><\/div><\/div><\/div><div data-parent=\"true\" class=\"vc_row row-container onepage-section boomapps_vcrow\" data-label=\"action7\" data-name=\"action7\" id=\"row-unique-7\"><div class=\"row limit-width row-parent\"><div class=\"wpb_row row-inner\"><div class=\"wpb_column pos-top pos-center align_left column_parent col-lg-12 boomapps_vccolumn single-internal-gutter\"><div class=\"uncol style-light\"  ><div class=\"uncoltable\"><div class=\"uncell  boomapps_vccolumn no-block-padding\" ><div class=\"uncont\" ><div class=\"uncode-single-media  text-left\"><div class=\"single-wrapper\" style=\"max-width: 100%;\"><h2 class=\"wpb_heading wpb_singleimage_heading\">7 Bernocchi (Serena)<\/h2><div class=\"tmb tmb-light  tmb-media-first tmb-media-last tmb-content-overlay tmb-no-bg\"><div class=\"t-inside\"><div class=\"t-entry-visual\"><div class=\"t-entry-visual-tc\"><div class=\"uncode-single-media-wrapper\"><div class=\"h3 object-size self-audio fluid-object\" style=\"padding-top: 100%\"><audio class=\"wp-audio-shortcode\" id=\"audio-20328-7\" preload=\"none\" style=\"width: 100%;\" controls=\"controls\"><source type=\"audio\/mpeg\" src=\"https:\/\/www.pedagogia.it\/stripes\/wp-content\/uploads\/sites\/7\/2023\/06\/7_Bernocchi_Serena.mp3?_=7\"><\/source><a href=\"https:\/\/www.pedagogia.it\/stripes\/wp-content\/uploads\/sites\/7\/2023\/06\/7_Bernocchi_Serena.mp3\">https:\/\/www.pedagogia.it\/stripes\/wp-content\/uploads\/sites\/7\/2023\/06\/7_Bernocchi_Serena.mp3<\/a><\/audio><\/div><\/div>\n\t\t\t\t\t<\/div>\n\t\t\t\t<\/div><\/div><\/div><\/div><\/div><\/div><\/div><\/div><\/div><\/div><script id=\"script-row-unique-7\" data-row=\"script-row-unique-7\" type=\"text\/javascript\" class=\"vc_controls\">UNCODE.initRow(document.getElementById(\"row-unique-7\"));<\/script><\/div><\/div><\/div><div data-parent=\"true\" class=\"vc_row row-container onepage-section boomapps_vcrow\" data-label=\"action8\" data-name=\"action8\" id=\"row-unique-8\"><div class=\"row limit-width row-parent\"><div class=\"wpb_row row-inner\"><div class=\"wpb_column pos-top pos-center align_left column_parent col-lg-12 boomapps_vccolumn single-internal-gutter\"><div class=\"uncol style-light\"  ><div class=\"uncoltable\"><div class=\"uncell  boomapps_vccolumn no-block-padding\" ><div class=\"uncont\" ><div class=\"uncode-single-media  text-left\"><div class=\"single-wrapper\" style=\"max-width: 100%;\"><h2 class=\"wpb_heading wpb_singleimage_heading\">8 Cantoni e Telaio (Silvia)<\/h2><div class=\"tmb tmb-light  tmb-media-first tmb-media-last tmb-content-overlay tmb-no-bg\"><div class=\"t-inside\"><div class=\"t-entry-visual\"><div class=\"t-entry-visual-tc\"><div class=\"uncode-single-media-wrapper\"><div class=\"h3 object-size self-audio fluid-object\" style=\"padding-top: 100%\"><audio class=\"wp-audio-shortcode\" id=\"audio-20328-8\" preload=\"none\" style=\"width: 100%;\" controls=\"controls\"><source type=\"audio\/mpeg\" src=\"https:\/\/www.pedagogia.it\/stripes\/wp-content\/uploads\/sites\/7\/2023\/06\/8_Cantoni_e_Telaio_Silvia.mp3?_=8\"><\/source><a href=\"https:\/\/www.pedagogia.it\/stripes\/wp-content\/uploads\/sites\/7\/2023\/06\/8_Cantoni_e_Telaio_Silvia.mp3\">https:\/\/www.pedagogia.it\/stripes\/wp-content\/uploads\/sites\/7\/2023\/06\/8_Cantoni_e_Telaio_Silvia.mp3<\/a><\/audio><\/div><\/div>\n\t\t\t\t\t<\/div>\n\t\t\t\t<\/div><\/div><\/div><\/div><\/div><\/div><\/div><\/div><\/div><\/div><script id=\"script-row-unique-8\" data-row=\"script-row-unique-8\" type=\"text\/javascript\" class=\"vc_controls\">UNCODE.initRow(document.getElementById(\"row-unique-8\"));<\/script><\/div><\/div><\/div><div data-parent=\"true\" class=\"vc_row row-container onepage-section boomapps_vcrow\" data-label=\"action9\" data-name=\"action9\" id=\"row-unique-9\"><div class=\"row limit-width row-parent\"><div class=\"wpb_row row-inner\"><div class=\"wpb_column pos-top pos-center align_left column_parent col-lg-12 boomapps_vccolumn single-internal-gutter\"><div class=\"uncol style-light\"  ><div class=\"uncoltable\"><div class=\"uncell  boomapps_vccolumn no-block-padding\" ><div class=\"uncont\" ><div class=\"uncode-single-media  text-left\"><div class=\"single-wrapper\" style=\"max-width: 100%;\"><h2 class=\"wpb_heading wpb_singleimage_heading\">9 Bagni pubblici (Alice)<\/h2><div class=\"tmb tmb-light  tmb-media-first tmb-media-last tmb-content-overlay tmb-no-bg\"><div class=\"t-inside\"><div class=\"t-entry-visual\"><div class=\"t-entry-visual-tc\"><div class=\"uncode-single-media-wrapper\"><div class=\"h3 object-size self-audio fluid-object\" style=\"padding-top: 100%\"><audio class=\"wp-audio-shortcode\" id=\"audio-20328-9\" preload=\"none\" style=\"width: 100%;\" controls=\"controls\"><source type=\"audio\/mpeg\" src=\"https:\/\/www.pedagogia.it\/stripes\/wp-content\/uploads\/sites\/7\/2023\/06\/9_Bagni_pubblici_Alice.mp3?_=9\"><\/source><a href=\"https:\/\/www.pedagogia.it\/stripes\/wp-content\/uploads\/sites\/7\/2023\/06\/9_Bagni_pubblici_Alice.mp3\">https:\/\/www.pedagogia.it\/stripes\/wp-content\/uploads\/sites\/7\/2023\/06\/9_Bagni_pubblici_Alice.mp3<\/a><\/audio><\/div><\/div>\n\t\t\t\t\t<\/div>\n\t\t\t\t<\/div><\/div><\/div><\/div><\/div><\/div><\/div><\/div><\/div><\/div><script id=\"script-row-unique-9\" data-row=\"script-row-unique-9\" type=\"text\/javascript\" class=\"vc_controls\">UNCODE.initRow(document.getElementById(\"row-unique-9\"));<\/script><\/div><\/div><\/div><div data-parent=\"true\" class=\"vc_row row-container onepage-section boomapps_vcrow\" data-label=\"action10\" data-name=\"action10\" id=\"row-unique-10\"><div class=\"row limit-width row-parent\"><div class=\"wpb_row row-inner\"><div class=\"wpb_column pos-top pos-center align_left column_parent col-lg-12 boomapps_vccolumn single-internal-gutter\"><div class=\"uncol style-light\"  ><div class=\"uncoltable\"><div class=\"uncell  boomapps_vccolumn no-block-padding\" ><div class=\"uncont\" ><div class=\"uncode-single-media  text-left\"><div class=\"single-wrapper\" style=\"max-width: 100%;\"><h2 class=\"wpb_heading wpb_singleimage_heading\">10 Villaggio operaio zona via Galvani (Anna, Matteo)<\/h2><div class=\"tmb tmb-light  tmb-media-first tmb-media-last tmb-content-overlay tmb-no-bg\"><div class=\"t-inside\"><div class=\"t-entry-visual\"><div class=\"t-entry-visual-tc\"><div class=\"uncode-single-media-wrapper\"><div class=\"h3 object-size self-audio fluid-object\" style=\"padding-top: 100%\"><audio class=\"wp-audio-shortcode\" id=\"audio-20328-10\" preload=\"none\" style=\"width: 100%;\" controls=\"controls\"><source type=\"audio\/mpeg\" src=\"https:\/\/www.pedagogia.it\/stripes\/wp-content\/uploads\/sites\/7\/2023\/06\/10_Villaggio_operaio_zona_via_Galvani_Anna_Matteo.mp3?_=10\"><\/source><a href=\"https:\/\/www.pedagogia.it\/stripes\/wp-content\/uploads\/sites\/7\/2023\/06\/10_Villaggio_operaio_zona_via_Galvani_Anna_Matteo.mp3\">https:\/\/www.pedagogia.it\/stripes\/wp-content\/uploads\/sites\/7\/2023\/06\/10_Villaggio_operaio_zona_via_Galvani_Anna_Matteo.mp3<\/a><\/audio><\/div><\/div>\n\t\t\t\t\t<\/div>\n\t\t\t\t<\/div><\/div><\/div><\/div><\/div><\/div><\/div><\/div><\/div><\/div><script id=\"script-row-unique-10\" data-row=\"script-row-unique-10\" type=\"text\/javascript\" class=\"vc_controls\">UNCODE.initRow(document.getElementById(\"row-unique-10\"));<\/script><\/div><\/div><\/div>\n<\/div>","protected":false},"excerpt":{"rendered":"Un filo di voceI ragazzi coinvolti nel progetto si sono cimentati nella produzione di un podcast legato ad un percorso [...]","protected":false},"author":1,"featured_media":20329,"comment_status":"closed","ping_status":"open","sticky":false,"template":"","format":"standard","meta":{"give_campaign_id":0,"om_disable_all_campaigns":false,"_monsterinsights_skip_tracking":false,"_monsterinsights_sitenote_active":false,"_monsterinsights_sitenote_note":"","_monsterinsights_sitenote_category":0,"footnotes":""},"categories":[452],"tags":[],"class_list":["post-20328","post","type-post","status-publish","format-standard","has-post-thumbnail","hentry","category-action"],"aioseo_notices":[],"yoast_head":"<!-- This site is optimized with the Yoast SEO plugin v27.2 - https:\/\/yoast.com\/product\/yoast-seo-wordpress\/ -->\n<title>Un filo di voce - Stripes Cooperativa Sociale ONLUS<\/title>\n<meta name=\"robots\" content=\"index, follow, max-snippet:-1, max-image-preview:large, max-video-preview:-1\" \/>\n<link rel=\"canonical\" href=\"https:\/\/www.pedagogia.it\/stripes\/un-filo-di-voce\/\" \/>\n<meta property=\"og:locale\" content=\"it_IT\" \/>\n<meta property=\"og:type\" content=\"article\" \/>\n<meta property=\"og:title\" content=\"Un filo di voce - Stripes Cooperativa Sociale ONLUS\" \/>\n<meta property=\"og:url\" content=\"https:\/\/www.pedagogia.it\/stripes\/un-filo-di-voce\/\" \/>\n<meta property=\"og:site_name\" content=\"Stripes Cooperativa Sociale ONLUS\" \/>\n<meta property=\"article:published_time\" content=\"2023-09-01T13:38:23+00:00\" \/>\n<meta property=\"article:modified_time\" content=\"2023-09-01T14:13:41+00:00\" \/>\n<meta property=\"og:image\" content=\"https:\/\/www.pedagogia.it\/stripes\/wp-content\/uploads\/sites\/7\/2023\/09\/Un-filo-di-voce-pag-internet.jpg\" \/>\n\t<meta property=\"og:image:width\" content=\"940\" \/>\n\t<meta property=\"og:image:height\" content=\"788\" \/>\n\t<meta property=\"og:image:type\" content=\"image\/jpeg\" \/>\n<meta name=\"author\" content=\"Raul Jannone\" \/>\n<meta name=\"twitter:card\" content=\"summary_large_image\" \/>\n<meta name=\"twitter:label1\" content=\"Scritto da\" \/>\n\t<meta name=\"twitter:data1\" content=\"Raul Jannone\" \/>\n\t<meta name=\"twitter:label2\" content=\"Tempo di lettura stimato\" \/>\n\t<meta name=\"twitter:data2\" content=\"3 minuti\" \/>\n<script type=\"application\/ld+json\" class=\"yoast-schema-graph\">{\"@context\":\"https:\/\/schema.org\",\"@graph\":[{\"@type\":\"Article\",\"@id\":\"https:\/\/www.pedagogia.it\/stripes\/un-filo-di-voce\/#article\",\"isPartOf\":{\"@id\":\"https:\/\/www.pedagogia.it\/stripes\/un-filo-di-voce\/\"},\"author\":{\"name\":\"Raul Jannone\",\"@id\":\"https:\/\/www.pedagogia.it\/stripes\/#\/schema\/person\/6ef94b1703cc542d2cfed879ddf74507\"},\"headline\":\"Un filo di voce\",\"datePublished\":\"2023-09-01T13:38:23+00:00\",\"dateModified\":\"2023-09-01T14:13:41+00:00\",\"mainEntityOfPage\":{\"@id\":\"https:\/\/www.pedagogia.it\/stripes\/un-filo-di-voce\/\"},\"wordCount\":686,\"image\":{\"@id\":\"https:\/\/www.pedagogia.it\/stripes\/un-filo-di-voce\/#primaryimage\"},\"thumbnailUrl\":\"https:\/\/www.pedagogia.it\/stripes\/wp-content\/uploads\/sites\/7\/2023\/09\/Un-filo-di-voce-pag-internet.jpg\",\"articleSection\":[\"Action!\"],\"inLanguage\":\"it-IT\"},{\"@type\":\"WebPage\",\"@id\":\"https:\/\/www.pedagogia.it\/stripes\/un-filo-di-voce\/\",\"url\":\"https:\/\/www.pedagogia.it\/stripes\/un-filo-di-voce\/\",\"name\":\"Un filo di voce - Stripes Cooperativa Sociale ONLUS\",\"isPartOf\":{\"@id\":\"https:\/\/www.pedagogia.it\/stripes\/#website\"},\"primaryImageOfPage\":{\"@id\":\"https:\/\/www.pedagogia.it\/stripes\/un-filo-di-voce\/#primaryimage\"},\"image\":{\"@id\":\"https:\/\/www.pedagogia.it\/stripes\/un-filo-di-voce\/#primaryimage\"},\"thumbnailUrl\":\"https:\/\/www.pedagogia.it\/stripes\/wp-content\/uploads\/sites\/7\/2023\/09\/Un-filo-di-voce-pag-internet.jpg\",\"datePublished\":\"2023-09-01T13:38:23+00:00\",\"dateModified\":\"2023-09-01T14:13:41+00:00\",\"author\":{\"@id\":\"https:\/\/www.pedagogia.it\/stripes\/#\/schema\/person\/6ef94b1703cc542d2cfed879ddf74507\"},\"breadcrumb\":{\"@id\":\"https:\/\/www.pedagogia.it\/stripes\/un-filo-di-voce\/#breadcrumb\"},\"inLanguage\":\"it-IT\",\"potentialAction\":[{\"@type\":\"ReadAction\",\"target\":[\"https:\/\/www.pedagogia.it\/stripes\/un-filo-di-voce\/\"]}]},{\"@type\":\"ImageObject\",\"inLanguage\":\"it-IT\",\"@id\":\"https:\/\/www.pedagogia.it\/stripes\/un-filo-di-voce\/#primaryimage\",\"url\":\"https:\/\/www.pedagogia.it\/stripes\/wp-content\/uploads\/sites\/7\/2023\/09\/Un-filo-di-voce-pag-internet.jpg\",\"contentUrl\":\"https:\/\/www.pedagogia.it\/stripes\/wp-content\/uploads\/sites\/7\/2023\/09\/Un-filo-di-voce-pag-internet.jpg\",\"width\":940,\"height\":788},{\"@type\":\"BreadcrumbList\",\"@id\":\"https:\/\/www.pedagogia.it\/stripes\/un-filo-di-voce\/#breadcrumb\",\"itemListElement\":[{\"@type\":\"ListItem\",\"position\":1,\"name\":\"Home\",\"item\":\"https:\/\/www.pedagogia.it\/stripes\/\"},{\"@type\":\"ListItem\",\"position\":2,\"name\":\"Un filo di voce\"}]},{\"@type\":\"WebSite\",\"@id\":\"https:\/\/www.pedagogia.it\/stripes\/#website\",\"url\":\"https:\/\/www.pedagogia.it\/stripes\/\",\"name\":\"Stripes Cooperativa Sociale ONLUS\",\"description\":\"\",\"potentialAction\":[{\"@type\":\"SearchAction\",\"target\":{\"@type\":\"EntryPoint\",\"urlTemplate\":\"https:\/\/www.pedagogia.it\/stripes\/?s={search_term_string}\"},\"query-input\":{\"@type\":\"PropertyValueSpecification\",\"valueRequired\":true,\"valueName\":\"search_term_string\"}}],\"inLanguage\":\"it-IT\"},{\"@type\":\"Person\",\"@id\":\"https:\/\/www.pedagogia.it\/stripes\/#\/schema\/person\/6ef94b1703cc542d2cfed879ddf74507\",\"name\":\"Raul Jannone\",\"image\":{\"@type\":\"ImageObject\",\"inLanguage\":\"it-IT\",\"@id\":\"https:\/\/secure.gravatar.com\/avatar\/44fd933c75f5ee9b96f27834e4b1f3d2e7e56504291af13b42785c2b1a53944a?s=96&d=mm&r=g99cbb35172e43f714c5f48bcbd1c7ca6\",\"url\":\"https:\/\/secure.gravatar.com\/avatar\/44fd933c75f5ee9b96f27834e4b1f3d2e7e56504291af13b42785c2b1a53944a?s=96&d=mm&r=g\",\"contentUrl\":\"https:\/\/secure.gravatar.com\/avatar\/44fd933c75f5ee9b96f27834e4b1f3d2e7e56504291af13b42785c2b1a53944a?s=96&d=mm&r=g\",\"caption\":\"Raul Jannone\"},\"description\":\"Info bibliografiche\",\"url\":\"https:\/\/www.pedagogia.it\/stripes\/author\/admin\/\"}]}<\/script>\n<!-- \/ Yoast SEO plugin. -->","yoast_head_json":{"title":"Un filo di voce - Stripes Cooperativa Sociale ONLUS","robots":{"index":"index","follow":"follow","max-snippet":"max-snippet:-1","max-image-preview":"max-image-preview:large","max-video-preview":"max-video-preview:-1"},"canonical":"https:\/\/www.pedagogia.it\/stripes\/un-filo-di-voce\/","og_locale":"it_IT","og_type":"article","og_title":"Un filo di voce - Stripes Cooperativa Sociale ONLUS","og_url":"https:\/\/www.pedagogia.it\/stripes\/un-filo-di-voce\/","og_site_name":"Stripes Cooperativa Sociale ONLUS","article_published_time":"2023-09-01T13:38:23+00:00","article_modified_time":"2023-09-01T14:13:41+00:00","og_image":[{"width":940,"height":788,"url":"https:\/\/www.pedagogia.it\/stripes\/wp-content\/uploads\/sites\/7\/2023\/09\/Un-filo-di-voce-pag-internet.jpg","type":"image\/jpeg"}],"author":"Raul Jannone","twitter_card":"summary_large_image","twitter_misc":{"Scritto da":"Raul Jannone","Tempo di lettura stimato":"3 minuti"},"schema":{"@context":"https:\/\/schema.org","@graph":[{"@type":"Article","@id":"https:\/\/www.pedagogia.it\/stripes\/un-filo-di-voce\/#article","isPartOf":{"@id":"https:\/\/www.pedagogia.it\/stripes\/un-filo-di-voce\/"},"author":{"name":"Raul Jannone","@id":"https:\/\/www.pedagogia.it\/stripes\/#\/schema\/person\/6ef94b1703cc542d2cfed879ddf74507"},"headline":"Un filo di voce","datePublished":"2023-09-01T13:38:23+00:00","dateModified":"2023-09-01T14:13:41+00:00","mainEntityOfPage":{"@id":"https:\/\/www.pedagogia.it\/stripes\/un-filo-di-voce\/"},"wordCount":686,"image":{"@id":"https:\/\/www.pedagogia.it\/stripes\/un-filo-di-voce\/#primaryimage"},"thumbnailUrl":"https:\/\/www.pedagogia.it\/stripes\/wp-content\/uploads\/sites\/7\/2023\/09\/Un-filo-di-voce-pag-internet.jpg","articleSection":["Action!"],"inLanguage":"it-IT"},{"@type":"WebPage","@id":"https:\/\/www.pedagogia.it\/stripes\/un-filo-di-voce\/","url":"https:\/\/www.pedagogia.it\/stripes\/un-filo-di-voce\/","name":"Un filo di voce - Stripes Cooperativa Sociale ONLUS","isPartOf":{"@id":"https:\/\/www.pedagogia.it\/stripes\/#website"},"primaryImageOfPage":{"@id":"https:\/\/www.pedagogia.it\/stripes\/un-filo-di-voce\/#primaryimage"},"image":{"@id":"https:\/\/www.pedagogia.it\/stripes\/un-filo-di-voce\/#primaryimage"},"thumbnailUrl":"https:\/\/www.pedagogia.it\/stripes\/wp-content\/uploads\/sites\/7\/2023\/09\/Un-filo-di-voce-pag-internet.jpg","datePublished":"2023-09-01T13:38:23+00:00","dateModified":"2023-09-01T14:13:41+00:00","author":{"@id":"https:\/\/www.pedagogia.it\/stripes\/#\/schema\/person\/6ef94b1703cc542d2cfed879ddf74507"},"breadcrumb":{"@id":"https:\/\/www.pedagogia.it\/stripes\/un-filo-di-voce\/#breadcrumb"},"inLanguage":"it-IT","potentialAction":[{"@type":"ReadAction","target":["https:\/\/www.pedagogia.it\/stripes\/un-filo-di-voce\/"]}]},{"@type":"ImageObject","inLanguage":"it-IT","@id":"https:\/\/www.pedagogia.it\/stripes\/un-filo-di-voce\/#primaryimage","url":"https:\/\/www.pedagogia.it\/stripes\/wp-content\/uploads\/sites\/7\/2023\/09\/Un-filo-di-voce-pag-internet.jpg","contentUrl":"https:\/\/www.pedagogia.it\/stripes\/wp-content\/uploads\/sites\/7\/2023\/09\/Un-filo-di-voce-pag-internet.jpg","width":940,"height":788},{"@type":"BreadcrumbList","@id":"https:\/\/www.pedagogia.it\/stripes\/un-filo-di-voce\/#breadcrumb","itemListElement":[{"@type":"ListItem","position":1,"name":"Home","item":"https:\/\/www.pedagogia.it\/stripes\/"},{"@type":"ListItem","position":2,"name":"Un filo di voce"}]},{"@type":"WebSite","@id":"https:\/\/www.pedagogia.it\/stripes\/#website","url":"https:\/\/www.pedagogia.it\/stripes\/","name":"Stripes Cooperativa Sociale ONLUS","description":"","potentialAction":[{"@type":"SearchAction","target":{"@type":"EntryPoint","urlTemplate":"https:\/\/www.pedagogia.it\/stripes\/?s={search_term_string}"},"query-input":{"@type":"PropertyValueSpecification","valueRequired":true,"valueName":"search_term_string"}}],"inLanguage":"it-IT"},{"@type":"Person","@id":"https:\/\/www.pedagogia.it\/stripes\/#\/schema\/person\/6ef94b1703cc542d2cfed879ddf74507","name":"Raul Jannone","image":{"@type":"ImageObject","inLanguage":"it-IT","@id":"https:\/\/secure.gravatar.com\/avatar\/44fd933c75f5ee9b96f27834e4b1f3d2e7e56504291af13b42785c2b1a53944a?s=96&d=mm&r=g99cbb35172e43f714c5f48bcbd1c7ca6","url":"https:\/\/secure.gravatar.com\/avatar\/44fd933c75f5ee9b96f27834e4b1f3d2e7e56504291af13b42785c2b1a53944a?s=96&d=mm&r=g","contentUrl":"https:\/\/secure.gravatar.com\/avatar\/44fd933c75f5ee9b96f27834e4b1f3d2e7e56504291af13b42785c2b1a53944a?s=96&d=mm&r=g","caption":"Raul Jannone"},"description":"Info bibliografiche","url":"https:\/\/www.pedagogia.it\/stripes\/author\/admin\/"}]}},"authors":[],"_links":{"self":[{"href":"https:\/\/www.pedagogia.it\/stripes\/wp-json\/wp\/v2\/posts\/20328","targetHints":{"allow":["GET"]}}],"collection":[{"href":"https:\/\/www.pedagogia.it\/stripes\/wp-json\/wp\/v2\/posts"}],"about":[{"href":"https:\/\/www.pedagogia.it\/stripes\/wp-json\/wp\/v2\/types\/post"}],"author":[{"embeddable":true,"href":"https:\/\/www.pedagogia.it\/stripes\/wp-json\/wp\/v2\/users\/1"}],"replies":[{"embeddable":true,"href":"https:\/\/www.pedagogia.it\/stripes\/wp-json\/wp\/v2\/comments?post=20328"}],"version-history":[{"count":4,"href":"https:\/\/www.pedagogia.it\/stripes\/wp-json\/wp\/v2\/posts\/20328\/revisions"}],"predecessor-version":[{"id":20337,"href":"https:\/\/www.pedagogia.it\/stripes\/wp-json\/wp\/v2\/posts\/20328\/revisions\/20337"}],"wp:featuredmedia":[{"embeddable":true,"href":"https:\/\/www.pedagogia.it\/stripes\/wp-json\/wp\/v2\/media\/20329"}],"wp:attachment":[{"href":"https:\/\/www.pedagogia.it\/stripes\/wp-json\/wp\/v2\/media?parent=20328"}],"wp:term":[{"taxonomy":"category","embeddable":true,"href":"https:\/\/www.pedagogia.it\/stripes\/wp-json\/wp\/v2\/categories?post=20328"},{"taxonomy":"post_tag","embeddable":true,"href":"https:\/\/www.pedagogia.it\/stripes\/wp-json\/wp\/v2\/tags?post=20328"}],"curies":[{"name":"wp","href":"https:\/\/api.w.org\/{rel}","templated":true}]}}