{"id":24639,"date":"2025-09-01T10:00:21","date_gmt":"2025-09-01T08:00:21","guid":{"rendered":"https:\/\/www.pedagogia.it\/stripes\/?p=24639"},"modified":"2025-07-31T11:39:15","modified_gmt":"2025-07-31T09:39:15","slug":"lambientamento-al-nido","status":"publish","type":"post","link":"https:\/\/www.pedagogia.it\/stripes\/lambientamento-al-nido\/","title":{"rendered":"L\u2019AMBIENTAMENTO AL NIDO"},"content":{"rendered":"<p>L\u2019ambientamento \u00e8 un momento particolarmente delicato nella vita del bambino e della famiglia; rappresenta un periodo di transizione da un ambiente conosciuto ad un altro, con spazi e ritmi diversi, animato da nuove persone a cui riferirsi, nuovi amici da conoscere, con cui iniziare a creare legami significativi.<br \/>\nQuesto momento di transizione porta tanto il bambino quanto la famiglia a riorganizzare il loro rapporto creando tempi, ritmi e modi diversi di stare insieme.<br \/>\nPer questo affinch\u00e9 questa riorganizzazione sia emotiva che gestionale non sia stressante ma vissuta con serenit\u00e0 da tutti, \u00e8 molto importante che l\u2019ambiente, la sua organizzazione, i momenti di gioco e di cura, siano conosciuti a fondo dal bambino e dai genitori che si affacciano a questa nuova esperienza cos\u00ec che diventino nel tempo pratiche familiari, comprensibili e riconoscibili.<br \/>\nL\u2019ambientamento \u00e8 un tempo dedicato a costruire un legame tra il bambino, i genitori, gli altri bambini, le educatrici\u2026 e l\u2019ambiente educativo; ed \u00e8 anche un tempo che facilita e promuove la conoscenza reciproca e le relazioni tra bambini appena arrivati e bambini gi\u00e0 frequentanti.<br \/>\nL\u2019ambientamento \u00e8 un tempo in cui si avviano nuove relazioni affettive e sociali, ed avviene il \u201cdistacco\u201d dalla famiglia.<br \/>\nPotremmo descriverlo come un percorso in cui tutti i soggetti coinvolti e tutte le azioni pensate e praticate permettono ai bambini e alle bambine di facilitare il distacco temporaneo dai genitori e di \u201cfamiliarizzare\u201d con il nuovo contesto che li accoglie.<br \/>\nLo snodo fondamentale dell\u2019ambientamento \u00e8 in relazione proprio a ci\u00f2 che richiama alla sua origine, cio\u00e8 la fase di separazione dai genitori, spesso in particolare dalla mamma, come momento delicato e da accompagnare con cura e gradualit\u00e0.<br \/>\nSeparazione, sovente vissuta come il primo vero distacco, che deve essere facilitata da alcune attenzioni come per esempio<br \/>\n&#8211; sostenere ed aiutare l\u2019espressione dei vissuti e delle emozioni del genitore e del bambino; &#8211; favorire la conoscenza degli ambienti e l\u2019organizzazione del nido cos\u00ec da farli propri e abituarsi a diversi spazi e tempi;<br \/>\n&#8211; conoscere e osservare le azioni di cura e costruire un dialogo ed i primi accordi tra i genitori ed il nido.<br \/>\nDurante l\u2019ambientamento le bambine e i bambini conoscono e piano piano cominciano ad interiorizzare i ritmi e i tempi che caratterizzano la giornata nel nido: imparano a comprendere cosa avviene prima e cosa dopo, conoscono l\u2019ambiente, le educatrici e, un poco alla volta, tutto il personale. In questo senso la collaborazione delle educatrici con il genitore (o familiare) presente \u00e8 fondamentale poich\u00e9 permette ai bambini di sentirsi in un ambiente accogliente, sicuro, facilitante i processi di esplorazione, sperimentazione e prima socializzazione con i pari e i nuovi adulti.<br \/>\nInfatti i bambini che si trovano in una nuova situazione hanno bisogno della presenza affettivamente significativa e pertanto rassicurante del genitore. Solo cos\u00ec potranno esplorare serenamente il nuovo contesto, dirigendosi gradualmente verso spazi, oggetti, educatrici e bambini, nell&#8217;ordine che preferiscono. I bambini gi\u00e0 frequentanti sono una risorsa preziosa e accolgono i bambini neo-arrivati.<br \/>\nIl periodo dell\u2019ambientamento \u00e8 anche per il genitore un tempo significativo sia affettivamente, sia organizzativamente.<br \/>\nE\u2019 la fase di distacco dal proprio bambino che, non di rado, smuove forti emozioni e sentimenti; una fase che chiede al genitore di \u201cdare tempo\u201d, di \u201csostare\u201d per esserci, per accompagnare piccoli passi di autonomia del bambino. I giorni di presenza nel servizio richiedono al genitore anche un particolare sforzo di conciliazione con i tempi di lavoro ma questo \u201cinvestimento\u201d permette poi di \u201cguadagnare tempo\u201d e benessere successivamente.<br \/>\nIn questo periodo l\u2019educatrice si \u201cinsinua\u201d in un rapporto di attaccamento che il bambino ha gi\u00e0 attivato con i propri genitori e viceversa.<br \/>\nNel momento in cui bambini e bambine cominciano il periodo di ambientamento al nido l\u2019educatrice diventa il loro riferimento in uno spazio fisico ed emotivo diverso da quello familiare.<br \/>\nIl processo di attaccamento inizia sin dal primo giorno e si costruisce con il tempo. Le attenzioni affettive di cui ha necessit\u00e0 il bambino nel momento in cui si stacca dalle figure genitoriali sono lo strumento per farlo sentire coinvolto e protetto.<br \/>\nNel momento in cui bambini e bambine manifestano gioia e serenit\u00e0 nell\u2019ingresso al nido e nel vedere le educatrici, i genitori si sentono gratificati e motivati.<br \/>\nSe invece bambini e bambine mostrano difficolt\u00e0 nel superare il distacco dalle figure familiari e nell\u2019entrare in un ambiente ancora poco conosciuto il senso di empatia, le motivazioni, le rassicurazioni dell\u2019educatrice devono essere il rinforzo positivo per poter procedere nel percorso in modo sereno ed efficace.<br \/>\nDa qui l\u2019inizio del rapporto affettivo tra educatrice e bambini e tra educatrice e famiglie: l\u2019inizio di una straordinaria avventura.<br \/>\nPer accompagnare bambini e bambine nell\u2019attraversare il periodo dell\u2019ambientamento ecco alcuni albi illustrati da poter condividere con loro.<\/p>\n<p style=\"text-align: right\">A cura di Susanna Serati<\/p>\n<p>&nbsp;<\/p>\n","protected":false},"excerpt":{"rendered":"<p>L\u2019ambientamento \u00e8 un momento particolarmente delicato nella vita del bambino e della famiglia; rappresenta un periodo di transizione da un [&hellip;]<\/p>\n","protected":false},"author":1,"featured_media":24759,"comment_status":"closed","ping_status":"open","sticky":false,"template":"","format":"standard","meta":{"give_campaign_id":0,"om_disable_all_campaigns":false,"_monsterinsights_skip_tracking":false,"_monsterinsights_sitenote_active":false,"_monsterinsights_sitenote_note":"","_monsterinsights_sitenote_category":0,"footnotes":""},"categories":[490],"tags":[],"class_list":["post-24639","post","type-post","status-publish","format-standard","has-post-thumbnail","hentry","category-parliamone"],"aioseo_notices":[],"yoast_head":"<!-- This site is optimized with the Yoast SEO plugin v27.2 - https:\/\/yoast.com\/product\/yoast-seo-wordpress\/ -->\n<title>L\u2019AMBIENTAMENTO AL NIDO - Stripes Cooperativa Sociale ONLUS<\/title>\n<meta name=\"robots\" content=\"index, follow, max-snippet:-1, max-image-preview:large, max-video-preview:-1\" \/>\n<link rel=\"canonical\" href=\"https:\/\/www.pedagogia.it\/stripes\/lambientamento-al-nido\/\" \/>\n<meta property=\"og:locale\" content=\"it_IT\" \/>\n<meta property=\"og:type\" content=\"article\" \/>\n<meta property=\"og:title\" content=\"L\u2019AMBIENTAMENTO AL NIDO - Stripes Cooperativa Sociale ONLUS\" \/>\n<meta property=\"og:description\" content=\"L\u2019ambientamento \u00e8 un momento particolarmente delicato nella vita del bambino e della famiglia; rappresenta un periodo di transizione da un [&hellip;]\" \/>\n<meta property=\"og:url\" content=\"https:\/\/www.pedagogia.it\/stripes\/lambientamento-al-nido\/\" \/>\n<meta property=\"og:site_name\" content=\"Stripes Cooperativa Sociale ONLUS\" \/>\n<meta property=\"article:published_time\" content=\"2025-09-01T08:00:21+00:00\" \/>\n<meta property=\"og:image\" content=\"https:\/\/www.pedagogia.it\/stripes\/wp-content\/uploads\/sites\/7\/2025\/08\/5.jpg\" \/>\n\t<meta property=\"og:image:width\" content=\"1080\" \/>\n\t<meta property=\"og:image:height\" content=\"1350\" \/>\n\t<meta property=\"og:image:type\" content=\"image\/jpeg\" \/>\n<meta name=\"author\" content=\"Raul Jannone\" \/>\n<meta name=\"twitter:card\" content=\"summary_large_image\" \/>\n<meta name=\"twitter:label1\" content=\"Scritto da\" \/>\n\t<meta name=\"twitter:data1\" content=\"Raul Jannone\" \/>\n\t<meta name=\"twitter:label2\" content=\"Tempo di lettura stimato\" \/>\n\t<meta name=\"twitter:data2\" content=\"5 minuti\" \/>\n<script type=\"application\/ld+json\" class=\"yoast-schema-graph\">{\"@context\":\"https:\/\/schema.org\",\"@graph\":[{\"@type\":\"Article\",\"@id\":\"https:\/\/www.pedagogia.it\/stripes\/lambientamento-al-nido\/#article\",\"isPartOf\":{\"@id\":\"https:\/\/www.pedagogia.it\/stripes\/lambientamento-al-nido\/\"},\"author\":{\"name\":\"Raul Jannone\",\"@id\":\"https:\/\/www.pedagogia.it\/stripes\/#\/schema\/person\/6ef94b1703cc542d2cfed879ddf74507\"},\"headline\":\"L\u2019AMBIENTAMENTO AL NIDO\",\"datePublished\":\"2025-09-01T08:00:21+00:00\",\"mainEntityOfPage\":{\"@id\":\"https:\/\/www.pedagogia.it\/stripes\/lambientamento-al-nido\/\"},\"wordCount\":802,\"image\":{\"@id\":\"https:\/\/www.pedagogia.it\/stripes\/lambientamento-al-nido\/#primaryimage\"},\"thumbnailUrl\":\"https:\/\/www.pedagogia.it\/stripes\/wp-content\/uploads\/sites\/7\/2025\/08\/5.jpg\",\"articleSection\":[\"Parliamone\"],\"inLanguage\":\"it-IT\"},{\"@type\":\"WebPage\",\"@id\":\"https:\/\/www.pedagogia.it\/stripes\/lambientamento-al-nido\/\",\"url\":\"https:\/\/www.pedagogia.it\/stripes\/lambientamento-al-nido\/\",\"name\":\"L\u2019AMBIENTAMENTO AL NIDO - Stripes Cooperativa Sociale ONLUS\",\"isPartOf\":{\"@id\":\"https:\/\/www.pedagogia.it\/stripes\/#website\"},\"primaryImageOfPage\":{\"@id\":\"https:\/\/www.pedagogia.it\/stripes\/lambientamento-al-nido\/#primaryimage\"},\"image\":{\"@id\":\"https:\/\/www.pedagogia.it\/stripes\/lambientamento-al-nido\/#primaryimage\"},\"thumbnailUrl\":\"https:\/\/www.pedagogia.it\/stripes\/wp-content\/uploads\/sites\/7\/2025\/08\/5.jpg\",\"datePublished\":\"2025-09-01T08:00:21+00:00\",\"author\":{\"@id\":\"https:\/\/www.pedagogia.it\/stripes\/#\/schema\/person\/6ef94b1703cc542d2cfed879ddf74507\"},\"breadcrumb\":{\"@id\":\"https:\/\/www.pedagogia.it\/stripes\/lambientamento-al-nido\/#breadcrumb\"},\"inLanguage\":\"it-IT\",\"potentialAction\":[{\"@type\":\"ReadAction\",\"target\":[\"https:\/\/www.pedagogia.it\/stripes\/lambientamento-al-nido\/\"]}]},{\"@type\":\"ImageObject\",\"inLanguage\":\"it-IT\",\"@id\":\"https:\/\/www.pedagogia.it\/stripes\/lambientamento-al-nido\/#primaryimage\",\"url\":\"https:\/\/www.pedagogia.it\/stripes\/wp-content\/uploads\/sites\/7\/2025\/08\/5.jpg\",\"contentUrl\":\"https:\/\/www.pedagogia.it\/stripes\/wp-content\/uploads\/sites\/7\/2025\/08\/5.jpg\",\"width\":1080,\"height\":1350},{\"@type\":\"BreadcrumbList\",\"@id\":\"https:\/\/www.pedagogia.it\/stripes\/lambientamento-al-nido\/#breadcrumb\",\"itemListElement\":[{\"@type\":\"ListItem\",\"position\":1,\"name\":\"Home\",\"item\":\"https:\/\/www.pedagogia.it\/stripes\/\"},{\"@type\":\"ListItem\",\"position\":2,\"name\":\"L\u2019AMBIENTAMENTO AL NIDO\"}]},{\"@type\":\"WebSite\",\"@id\":\"https:\/\/www.pedagogia.it\/stripes\/#website\",\"url\":\"https:\/\/www.pedagogia.it\/stripes\/\",\"name\":\"Stripes Cooperativa Sociale ONLUS\",\"description\":\"\",\"potentialAction\":[{\"@type\":\"SearchAction\",\"target\":{\"@type\":\"EntryPoint\",\"urlTemplate\":\"https:\/\/www.pedagogia.it\/stripes\/?s={search_term_string}\"},\"query-input\":{\"@type\":\"PropertyValueSpecification\",\"valueRequired\":true,\"valueName\":\"search_term_string\"}}],\"inLanguage\":\"it-IT\"},{\"@type\":\"Person\",\"@id\":\"https:\/\/www.pedagogia.it\/stripes\/#\/schema\/person\/6ef94b1703cc542d2cfed879ddf74507\",\"name\":\"Raul Jannone\",\"image\":{\"@type\":\"ImageObject\",\"inLanguage\":\"it-IT\",\"@id\":\"https:\/\/secure.gravatar.com\/avatar\/44fd933c75f5ee9b96f27834e4b1f3d2e7e56504291af13b42785c2b1a53944a?s=96&d=mm&r=g99cbb35172e43f714c5f48bcbd1c7ca6\",\"url\":\"https:\/\/secure.gravatar.com\/avatar\/44fd933c75f5ee9b96f27834e4b1f3d2e7e56504291af13b42785c2b1a53944a?s=96&d=mm&r=g\",\"contentUrl\":\"https:\/\/secure.gravatar.com\/avatar\/44fd933c75f5ee9b96f27834e4b1f3d2e7e56504291af13b42785c2b1a53944a?s=96&d=mm&r=g\",\"caption\":\"Raul Jannone\"},\"description\":\"Info bibliografiche\",\"url\":\"https:\/\/www.pedagogia.it\/stripes\/author\/admin\/\"}]}<\/script>\n<!-- \/ Yoast SEO plugin. -->","yoast_head_json":{"title":"L\u2019AMBIENTAMENTO AL NIDO - Stripes Cooperativa Sociale ONLUS","robots":{"index":"index","follow":"follow","max-snippet":"max-snippet:-1","max-image-preview":"max-image-preview:large","max-video-preview":"max-video-preview:-1"},"canonical":"https:\/\/www.pedagogia.it\/stripes\/lambientamento-al-nido\/","og_locale":"it_IT","og_type":"article","og_title":"L\u2019AMBIENTAMENTO AL NIDO - Stripes Cooperativa Sociale ONLUS","og_description":"L\u2019ambientamento \u00e8 un momento particolarmente delicato nella vita del bambino e della famiglia; rappresenta un periodo di transizione da un [&hellip;]","og_url":"https:\/\/www.pedagogia.it\/stripes\/lambientamento-al-nido\/","og_site_name":"Stripes Cooperativa Sociale ONLUS","article_published_time":"2025-09-01T08:00:21+00:00","og_image":[{"width":1080,"height":1350,"url":"https:\/\/www.pedagogia.it\/stripes\/wp-content\/uploads\/sites\/7\/2025\/08\/5.jpg","type":"image\/jpeg"}],"author":"Raul Jannone","twitter_card":"summary_large_image","twitter_misc":{"Scritto da":"Raul Jannone","Tempo di lettura stimato":"5 minuti"},"schema":{"@context":"https:\/\/schema.org","@graph":[{"@type":"Article","@id":"https:\/\/www.pedagogia.it\/stripes\/lambientamento-al-nido\/#article","isPartOf":{"@id":"https:\/\/www.pedagogia.it\/stripes\/lambientamento-al-nido\/"},"author":{"name":"Raul Jannone","@id":"https:\/\/www.pedagogia.it\/stripes\/#\/schema\/person\/6ef94b1703cc542d2cfed879ddf74507"},"headline":"L\u2019AMBIENTAMENTO AL NIDO","datePublished":"2025-09-01T08:00:21+00:00","mainEntityOfPage":{"@id":"https:\/\/www.pedagogia.it\/stripes\/lambientamento-al-nido\/"},"wordCount":802,"image":{"@id":"https:\/\/www.pedagogia.it\/stripes\/lambientamento-al-nido\/#primaryimage"},"thumbnailUrl":"https:\/\/www.pedagogia.it\/stripes\/wp-content\/uploads\/sites\/7\/2025\/08\/5.jpg","articleSection":["Parliamone"],"inLanguage":"it-IT"},{"@type":"WebPage","@id":"https:\/\/www.pedagogia.it\/stripes\/lambientamento-al-nido\/","url":"https:\/\/www.pedagogia.it\/stripes\/lambientamento-al-nido\/","name":"L\u2019AMBIENTAMENTO AL NIDO - Stripes Cooperativa Sociale ONLUS","isPartOf":{"@id":"https:\/\/www.pedagogia.it\/stripes\/#website"},"primaryImageOfPage":{"@id":"https:\/\/www.pedagogia.it\/stripes\/lambientamento-al-nido\/#primaryimage"},"image":{"@id":"https:\/\/www.pedagogia.it\/stripes\/lambientamento-al-nido\/#primaryimage"},"thumbnailUrl":"https:\/\/www.pedagogia.it\/stripes\/wp-content\/uploads\/sites\/7\/2025\/08\/5.jpg","datePublished":"2025-09-01T08:00:21+00:00","author":{"@id":"https:\/\/www.pedagogia.it\/stripes\/#\/schema\/person\/6ef94b1703cc542d2cfed879ddf74507"},"breadcrumb":{"@id":"https:\/\/www.pedagogia.it\/stripes\/lambientamento-al-nido\/#breadcrumb"},"inLanguage":"it-IT","potentialAction":[{"@type":"ReadAction","target":["https:\/\/www.pedagogia.it\/stripes\/lambientamento-al-nido\/"]}]},{"@type":"ImageObject","inLanguage":"it-IT","@id":"https:\/\/www.pedagogia.it\/stripes\/lambientamento-al-nido\/#primaryimage","url":"https:\/\/www.pedagogia.it\/stripes\/wp-content\/uploads\/sites\/7\/2025\/08\/5.jpg","contentUrl":"https:\/\/www.pedagogia.it\/stripes\/wp-content\/uploads\/sites\/7\/2025\/08\/5.jpg","width":1080,"height":1350},{"@type":"BreadcrumbList","@id":"https:\/\/www.pedagogia.it\/stripes\/lambientamento-al-nido\/#breadcrumb","itemListElement":[{"@type":"ListItem","position":1,"name":"Home","item":"https:\/\/www.pedagogia.it\/stripes\/"},{"@type":"ListItem","position":2,"name":"L\u2019AMBIENTAMENTO AL NIDO"}]},{"@type":"WebSite","@id":"https:\/\/www.pedagogia.it\/stripes\/#website","url":"https:\/\/www.pedagogia.it\/stripes\/","name":"Stripes Cooperativa Sociale ONLUS","description":"","potentialAction":[{"@type":"SearchAction","target":{"@type":"EntryPoint","urlTemplate":"https:\/\/www.pedagogia.it\/stripes\/?s={search_term_string}"},"query-input":{"@type":"PropertyValueSpecification","valueRequired":true,"valueName":"search_term_string"}}],"inLanguage":"it-IT"},{"@type":"Person","@id":"https:\/\/www.pedagogia.it\/stripes\/#\/schema\/person\/6ef94b1703cc542d2cfed879ddf74507","name":"Raul Jannone","image":{"@type":"ImageObject","inLanguage":"it-IT","@id":"https:\/\/secure.gravatar.com\/avatar\/44fd933c75f5ee9b96f27834e4b1f3d2e7e56504291af13b42785c2b1a53944a?s=96&d=mm&r=g99cbb35172e43f714c5f48bcbd1c7ca6","url":"https:\/\/secure.gravatar.com\/avatar\/44fd933c75f5ee9b96f27834e4b1f3d2e7e56504291af13b42785c2b1a53944a?s=96&d=mm&r=g","contentUrl":"https:\/\/secure.gravatar.com\/avatar\/44fd933c75f5ee9b96f27834e4b1f3d2e7e56504291af13b42785c2b1a53944a?s=96&d=mm&r=g","caption":"Raul Jannone"},"description":"Info bibliografiche","url":"https:\/\/www.pedagogia.it\/stripes\/author\/admin\/"}]}},"authors":[],"_links":{"self":[{"href":"https:\/\/www.pedagogia.it\/stripes\/wp-json\/wp\/v2\/posts\/24639","targetHints":{"allow":["GET"]}}],"collection":[{"href":"https:\/\/www.pedagogia.it\/stripes\/wp-json\/wp\/v2\/posts"}],"about":[{"href":"https:\/\/www.pedagogia.it\/stripes\/wp-json\/wp\/v2\/types\/post"}],"author":[{"embeddable":true,"href":"https:\/\/www.pedagogia.it\/stripes\/wp-json\/wp\/v2\/users\/1"}],"replies":[{"embeddable":true,"href":"https:\/\/www.pedagogia.it\/stripes\/wp-json\/wp\/v2\/comments?post=24639"}],"version-history":[{"count":2,"href":"https:\/\/www.pedagogia.it\/stripes\/wp-json\/wp\/v2\/posts\/24639\/revisions"}],"predecessor-version":[{"id":24642,"href":"https:\/\/www.pedagogia.it\/stripes\/wp-json\/wp\/v2\/posts\/24639\/revisions\/24642"}],"wp:featuredmedia":[{"embeddable":true,"href":"https:\/\/www.pedagogia.it\/stripes\/wp-json\/wp\/v2\/media\/24759"}],"wp:attachment":[{"href":"https:\/\/www.pedagogia.it\/stripes\/wp-json\/wp\/v2\/media?parent=24639"}],"wp:term":[{"taxonomy":"category","embeddable":true,"href":"https:\/\/www.pedagogia.it\/stripes\/wp-json\/wp\/v2\/categories?post=24639"},{"taxonomy":"post_tag","embeddable":true,"href":"https:\/\/www.pedagogia.it\/stripes\/wp-json\/wp\/v2\/tags?post=24639"}],"curies":[{"name":"wp","href":"https:\/\/api.w.org\/{rel}","templated":true}]}}