{"id":2491,"date":"2019-05-07T23:27:30","date_gmt":"2019-05-07T21:27:30","guid":{"rendered":"https:\/\/www.pedagogia.it\/stripes\/?p=2491"},"modified":"2019-06-05T15:37:07","modified_gmt":"2019-06-05T13:37:07","slug":"gita-sociale-6-e-7-luglio-2019","status":"publish","type":"post","link":"https:\/\/www.pedagogia.it\/stripes\/gita-sociale-6-e-7-luglio-2019\/","title":{"rendered":"GITA SOCIALE 6 e 7 LUGLIO 2019"},"content":{"rendered":"<div class=\"wpb-content-wrapper\"><div data-parent=\"true\" class=\"vc_row row-container boomapps_vcrow\" id=\"row-unique-0\"><div class=\"row limit-width row-parent\"><div class=\"wpb_row row-inner\"><div class=\"wpb_column pos-top pos-center align_center column_parent col-lg-4 boomapps_vccolumn single-internal-gutter\"><div class=\"uncol style-light\"  ><div class=\"uncoltable\"><div class=\"uncell  boomapps_vccolumn single-block-padding style-color-uydo-bg has-bg\" ><div class=\"uncont\" ><div class=\"uncode-single-media  text-left\"><div class=\"single-wrapper\" style=\"max-width: 100%;\"><div class=\"tmb tmb-light  tmb-media-first tmb-media-last tmb-content-overlay tmb-no-bg\"><div class=\"t-inside\"><div class=\"t-entry-visual\"><div class=\"t-entry-visual-tc\"><div class=\"uncode-single-media-wrapper\"><img decoding=\"async\" class=\"wp-image-2343\" src=\"https:\/\/www.pedagogia.it\/stripes\/wp-content\/uploads\/sites\/7\/2019\/04\/TRA_le_righe_1.png\" width=\"614\" height=\"496\" alt=\"\" srcset=\"https:\/\/www.pedagogia.it\/stripes\/wp-content\/uploads\/sites\/7\/2019\/04\/TRA_le_righe_1.png 614w, https:\/\/www.pedagogia.it\/stripes\/wp-content\/uploads\/sites\/7\/2019\/04\/TRA_le_righe_1-300x242.png 300w\" sizes=\"(max-width: 614px) 100vw, 614px\" \/><\/div>\n\t\t\t\t\t<\/div>\n\t\t\t\t<\/div><\/div><\/div><\/div><\/div><div class=\"empty-space empty-half\" ><span class=\"empty-space-inner\"><\/span><\/div>\n<div class=\"uncode-single-media  text-left\"><div class=\"single-wrapper\" style=\"max-width: 100%;\"><div class=\"tmb tmb-light  tmb-media-first tmb-media-last tmb-content-overlay tmb-no-bg\"><div class=\"t-inside\"><div class=\"t-entry-visual\"><div class=\"t-entry-visual-tc\"><div class=\"uncode-single-media-wrapper\"><img decoding=\"async\" class=\"wp-image-2890\" src=\"https:\/\/www.pedagogia.it\/stripes\/wp-content\/uploads\/sites\/7\/2019\/05\/TraLeRigheGita_def_page-0001.jpg\" width=\"1241\" height=\"1754\" alt=\"\" srcset=\"https:\/\/www.pedagogia.it\/stripes\/wp-content\/uploads\/sites\/7\/2019\/05\/TraLeRigheGita_def_page-0001.jpg 1241w, https:\/\/www.pedagogia.it\/stripes\/wp-content\/uploads\/sites\/7\/2019\/05\/TraLeRigheGita_def_page-0001-212x300.jpg 212w, https:\/\/www.pedagogia.it\/stripes\/wp-content\/uploads\/sites\/7\/2019\/05\/TraLeRigheGita_def_page-0001-768x1085.jpg 768w, https:\/\/www.pedagogia.it\/stripes\/wp-content\/uploads\/sites\/7\/2019\/05\/TraLeRigheGita_def_page-0001-725x1024.jpg 725w\" sizes=\"(max-width: 1241px) 100vw, 1241px\" \/><\/div>\n\t\t\t\t\t<\/div>\n\t\t\t\t<\/div><\/div><\/div><\/div><\/div><div class=\"uncode_text_column\" ><p><strong><span style=\"font-family: terminal, monaco, monospace;font-size: 18pt\">Iscriviti ora!<\/span><\/strong><\/p>\n<\/div><span class=\"btn-container\" ><a role=\"button\"  href=\"https:\/\/forms.gle\/aMc2Lr6Euu49kzgK6\" class=\"custom-link btn btn-xl border-width-0 btn-color-iopl btn-round btn-icon-left\">MODULO DI ISCRIZIONE<\/a><\/span><div class=\"empty-space empty-half\" ><span class=\"empty-space-inner\"><\/span><\/div>\n<div class=\"uncode_text_column\" ><p><span style=\"font-family: terminal, monaco, monospace;font-size: 18pt\"><strong>LINK UTILI:<\/strong><\/span><\/p>\n<ul>\n<li><span style=\"font-family: terminal, monaco, monospace;font-size: 12pt\"><a href=\"http:\/\/www.pontenelcielo.it\">www.pontenelcielo.it<\/a><\/span><\/li>\n<li><span style=\"font-family: terminal, monaco, monospace;font-size: 12pt\"><a href=\"http:\/\/www.flyemotion.it\">www.flyemotion.it<\/a><\/span><\/li>\n<li><span style=\"font-family: terminal, monaco, monospace;font-size: 12pt\"><a href=\"https:\/\/capriula.it\/\">Locanda C\u00e0 Priula<\/a><\/span><\/li>\n<li><span style=\"font-size: 12pt\"><a href=\"http:\/\/www.vallidelbitto.it\/via-priula.html\"><span style=\"font-family: terminal, monaco, monospace\">Escursione l&#8217;Antica via Priula<\/span><\/a><\/span><\/li>\n<li><a href=\"https:\/\/www.pontenelcielo.it\/10-cose-fare-valtartano.html\"><span style=\"font-family: terminal, monaco, monospace;font-size: 14pt\"><span style=\"font-size: 12pt\">Cosa fare in Val Tartano<\/span><\/span><\/a><\/li>\n<\/ul>\n<p>\n<\/div><span class=\"btn-container\" ><a role=\"button\"  href=\"http:\/\/www.flyemotion.it\/it\/scopri-il-volo\/informazioni-pratiche\" class=\"custom-link btn btn-lg border-width-0 btn-color-wvjs btn-round btn-icon-left\">AEROFUNE CONDIZIONI DI VOLO<\/a><\/span><span class=\"btn-container\" ><a role=\"button\"  href=\"http:\/\/www.flyemotion.it\/it\/parco-avventura\/aerobosco\" class=\"custom-link btn btn-lg border-width-0 btn-color-wvjs btn-round btn-icon-left\">AEROBOSCO INFORMAZIONI PRATICHE<\/a><\/span><\/div><\/div><\/div><\/div><\/div><div class=\"wpb_column pos-top pos-center align_left column_parent col-lg-8 boomapps_vccolumn single-internal-gutter\"><div class=\"uncol style-light\"  ><div class=\"uncoltable\"><div class=\"uncell  boomapps_vccolumn no-block-padding\" ><div class=\"uncont\" ><div class=\"uncode_text_column\" ><\/p>\n<p style=\"text-align: center\"><span style=\"font-size: 24pt;font-family: terminal, monaco, monospace\"><b><i>STRIPES GUARDA&#8230; STO VOLANDO!<\/i><\/b><\/span><\/p>\n<p style=\"text-align: center\"><span style=\"font-size: 12pt;font-family: terminal, monaco, monospace\"><b>ALBAREDO PER SAN MARCO e VAL TARTANO (SO)<\/b><\/span><\/p>\n<p>Per festeggiare i nostri 30 anni, abbiamo deciso di\u2026 VOLARE INSIEME! Due giornate uniche, incredibili, da togliere il fiato! In volo a 50 Km\/h e passo dopo passo sul Ponte tibetano pi\u00f9 alto d\u2019Europa. Rester\u00e0 solo un filo di voce per gridare \u201c<em>STRIPES GUARDA\u2026 STO VOLANDO<\/em>\u201d!!<\/p>\n<p>La prima gita sociale di Stripes, organizzata in occasione del Trentennale della Coop, sar\u00e0 un\u2019occasione unica per <b>stare insieme e conoscersi meglio<\/b> come colleghi e come soci, in un contesto informale e di convivialit\u00e0.<\/p>\n<p>&nbsp;<\/p>\n<p style=\"text-align: center\"><span style=\"font-size: 18pt;font-family: terminal, monaco, monospace\"><b>SCEGLI L\u2019AVVENTURA o L\u2019ESCURSIONE CHE FA PER TE!<\/b><\/span><\/p>\n<p><b>PROGRAMMA <\/b><strong>SABATO 6 LUGLIO (a partire dalle 9.30)<\/strong><\/p>\n<ul>\n<li>Volo in coppia sull\u2019AEROFUNE<\/li>\n<li>Parco avventura AEROBOSCO<\/li>\n<li>Escursione L\u2019ANTICA VIA PRIULA in Val Bitto<\/li>\n<li>Cena, pernottamento e prima colazione presso Ca\u2019 Priula<\/li>\n<\/ul>\n<p>Una giornata per i soci pi\u00f9 coraggiosi e avventurosi! Escursione in Val Bitto, volo in coppia sull\u2019AEROFUNE e percorsi sugli alberi: urla, risate ed emozioni a 50 Km\/h!<\/p>\n<p>Per la sera sar\u00e0 possibile soggiornare tutti insieme presso la Locanda Ca\u2019 Priula: cena, pernottamento e prima colazione tra<strong> chiacchiere, racconti, sorprese in notturna e giochi cooperativi in completa spensieratezza<\/strong>.<\/p>\n<p><strong>PROGRAMMA DOMENICA 7 LUGLIO (a partire dalle 9.30)<\/strong><\/p>\n<ul>\n<li>ATTRAVERSAMENTO PONTE NEL CIELO ed escursione a piedi<\/li>\n<li>ESCURSIONE a piedi in Val Tartano (senza attraversamento del ponte)<\/li>\n<\/ul>\n<p>Libert\u00e0, esplorazione, condivisione: la gita sociale si concluder\u00e0 con una semplice escursione a piedi nelle montagne della Val Tartano. I pi\u00f9 impavidi potranno attraversare il ponte Tibetano pi\u00f9 alto d\u2019Europa per poi proseguire con la passeggiata a piedi&#8230;<\/p>\n<p>\u201c<em>Percorrere un sentiero insieme<\/em>\u201d \u00e8 la metafora pi\u00f9 adatta per descrivere il viaggio che abbiamo fatto in questi 30 anni! Sudore, fatica\u2026 ma passo dopo passo, che soddisfazione!<\/p>\n<p>&nbsp;<\/p>\n<p><b>DETTAGLI<\/b><\/p>\n<p>La gita sociale \u00e8 aperta a tutti i soci ed alle loro famiglie. Ognuno provveder\u00e0 a recarsi nei luoghi indicati in maniera autonoma scegliendo anche di raggiungere la meta in giornata, sabato o domenica, senza pernottare.<\/p>\n<p>Le quote di partecipazione soprariportate hanno costi ridotti di circa il 20%, quota che sar\u00e0 sostenuta da Stripes.<\/p>\n<p><b>ISCRIZIONI<\/b><\/p>\n<p>Compila il FORM di iscrizione <strong>entro il 15 Giugno<\/strong>. Le attivit\u00e0 hanno posti limitati quindi\u2026fai in fretta! Salda la quota, in base alle attivit\u00e0 scelte, <strong>entro il 25 Giugno<\/strong>. Puoi dare la quota al tuo coordinatore oppure direttamente in Sede Sociale.<\/p>\n<\/div><\/div><\/div><\/div><\/div><\/div><script id=\"script-row-unique-0\" data-row=\"script-row-unique-0\" type=\"text\/javascript\" class=\"vc_controls\">UNCODE.initRow(document.getElementById(\"row-unique-0\"));<\/script><\/div><\/div><\/div>\n<\/div>","protected":false},"excerpt":{"rendered":"Iscriviti ora! MODULO DI ISCRIZIONE LINK UTILI: www.pontenelcielo.it www.flyemotion.it Locanda C\u00e0 Priula Escursione l&#8217;Antica via Priula Cosa fare in Val [...]","protected":false},"author":235,"featured_media":0,"comment_status":"closed","ping_status":"open","sticky":false,"template":"","format":"standard","meta":{"give_campaign_id":0,"om_disable_all_campaigns":false,"_monsterinsights_skip_tracking":false,"_monsterinsights_sitenote_active":false,"_monsterinsights_sitenote_note":"","_monsterinsights_sitenote_category":0,"footnotes":""},"categories":[196],"tags":[178,179],"class_list":["post-2491","post","type-post","status-publish","format-standard","hentry","category-trentennale-stripes","tag-gita-sociale","tag-trentennale"],"aioseo_notices":[],"yoast_head":"<!-- This site is optimized with the Yoast SEO plugin v27.2 - https:\/\/yoast.com\/product\/yoast-seo-wordpress\/ -->\n<title>GITA SOCIALE 6 e 7 LUGLIO 2019 - Stripes Cooperativa Sociale ONLUS<\/title>\n<meta name=\"robots\" content=\"index, follow, max-snippet:-1, max-image-preview:large, max-video-preview:-1\" \/>\n<link rel=\"canonical\" href=\"https:\/\/www.pedagogia.it\/stripes\/gita-sociale-6-e-7-luglio-2019\/\" \/>\n<meta property=\"og:locale\" content=\"it_IT\" \/>\n<meta property=\"og:type\" content=\"article\" \/>\n<meta property=\"og:title\" content=\"GITA SOCIALE 6 e 7 LUGLIO 2019 - Stripes Cooperativa Sociale ONLUS\" \/>\n<meta property=\"og:url\" content=\"https:\/\/www.pedagogia.it\/stripes\/gita-sociale-6-e-7-luglio-2019\/\" \/>\n<meta property=\"og:site_name\" content=\"Stripes Cooperativa Sociale ONLUS\" \/>\n<meta property=\"article:published_time\" content=\"2019-05-07T21:27:30+00:00\" \/>\n<meta property=\"article:modified_time\" content=\"2019-06-05T13:37:07+00:00\" \/>\n<meta name=\"author\" content=\"maracolombo\" \/>\n<meta name=\"twitter:card\" content=\"summary_large_image\" \/>\n<meta name=\"twitter:label1\" content=\"Scritto da\" \/>\n\t<meta name=\"twitter:data1\" content=\"maracolombo\" \/>\n\t<meta name=\"twitter:label2\" content=\"Tempo di lettura stimato\" \/>\n\t<meta name=\"twitter:data2\" content=\"3 minuti\" \/>\n<script type=\"application\/ld+json\" class=\"yoast-schema-graph\">{\"@context\":\"https:\/\/schema.org\",\"@graph\":[{\"@type\":\"Article\",\"@id\":\"https:\/\/www.pedagogia.it\/stripes\/gita-sociale-6-e-7-luglio-2019\/#article\",\"isPartOf\":{\"@id\":\"https:\/\/www.pedagogia.it\/stripes\/gita-sociale-6-e-7-luglio-2019\/\"},\"author\":{\"name\":\"maracolombo\",\"@id\":\"https:\/\/www.pedagogia.it\/stripes\/#\/schema\/person\/c3931223708062d2bcd243fb82d0ece9\"},\"headline\":\"GITA SOCIALE 6 e 7 LUGLIO 2019\",\"datePublished\":\"2019-05-07T21:27:30+00:00\",\"dateModified\":\"2019-06-05T13:37:07+00:00\",\"mainEntityOfPage\":{\"@id\":\"https:\/\/www.pedagogia.it\/stripes\/gita-sociale-6-e-7-luglio-2019\/\"},\"wordCount\":569,\"keywords\":[\"gita sociale\",\"trentennale\"],\"articleSection\":[\"Trentennale Stripes\"],\"inLanguage\":\"it-IT\"},{\"@type\":\"WebPage\",\"@id\":\"https:\/\/www.pedagogia.it\/stripes\/gita-sociale-6-e-7-luglio-2019\/\",\"url\":\"https:\/\/www.pedagogia.it\/stripes\/gita-sociale-6-e-7-luglio-2019\/\",\"name\":\"GITA SOCIALE 6 e 7 LUGLIO 2019 - Stripes Cooperativa Sociale ONLUS\",\"isPartOf\":{\"@id\":\"https:\/\/www.pedagogia.it\/stripes\/#website\"},\"datePublished\":\"2019-05-07T21:27:30+00:00\",\"dateModified\":\"2019-06-05T13:37:07+00:00\",\"author\":{\"@id\":\"https:\/\/www.pedagogia.it\/stripes\/#\/schema\/person\/c3931223708062d2bcd243fb82d0ece9\"},\"breadcrumb\":{\"@id\":\"https:\/\/www.pedagogia.it\/stripes\/gita-sociale-6-e-7-luglio-2019\/#breadcrumb\"},\"inLanguage\":\"it-IT\",\"potentialAction\":[{\"@type\":\"ReadAction\",\"target\":[\"https:\/\/www.pedagogia.it\/stripes\/gita-sociale-6-e-7-luglio-2019\/\"]}]},{\"@type\":\"BreadcrumbList\",\"@id\":\"https:\/\/www.pedagogia.it\/stripes\/gita-sociale-6-e-7-luglio-2019\/#breadcrumb\",\"itemListElement\":[{\"@type\":\"ListItem\",\"position\":1,\"name\":\"Home\",\"item\":\"https:\/\/www.pedagogia.it\/stripes\/\"},{\"@type\":\"ListItem\",\"position\":2,\"name\":\"GITA SOCIALE 6 e 7 LUGLIO 2019\"}]},{\"@type\":\"WebSite\",\"@id\":\"https:\/\/www.pedagogia.it\/stripes\/#website\",\"url\":\"https:\/\/www.pedagogia.it\/stripes\/\",\"name\":\"Stripes Cooperativa Sociale ONLUS\",\"description\":\"\",\"potentialAction\":[{\"@type\":\"SearchAction\",\"target\":{\"@type\":\"EntryPoint\",\"urlTemplate\":\"https:\/\/www.pedagogia.it\/stripes\/?s={search_term_string}\"},\"query-input\":{\"@type\":\"PropertyValueSpecification\",\"valueRequired\":true,\"valueName\":\"search_term_string\"}}],\"inLanguage\":\"it-IT\"},{\"@type\":\"Person\",\"@id\":\"https:\/\/www.pedagogia.it\/stripes\/#\/schema\/person\/c3931223708062d2bcd243fb82d0ece9\",\"name\":\"maracolombo\",\"image\":{\"@type\":\"ImageObject\",\"inLanguage\":\"it-IT\",\"@id\":\"https:\/\/secure.gravatar.com\/avatar\/41e0ef966845c69af6e15fbbc059dac8078c1a5bd13ef103c3dd43007d08aec1?s=96&d=mm&r=ga412a0bc00134ae2702e216ce4f0e031\",\"url\":\"https:\/\/secure.gravatar.com\/avatar\/41e0ef966845c69af6e15fbbc059dac8078c1a5bd13ef103c3dd43007d08aec1?s=96&d=mm&r=g\",\"contentUrl\":\"https:\/\/secure.gravatar.com\/avatar\/41e0ef966845c69af6e15fbbc059dac8078c1a5bd13ef103c3dd43007d08aec1?s=96&d=mm&r=g\",\"caption\":\"maracolombo\"},\"url\":\"https:\/\/www.pedagogia.it\/stripes\/author\/maracolombo\/\"}]}<\/script>\n<!-- \/ Yoast SEO plugin. -->","yoast_head_json":{"title":"GITA SOCIALE 6 e 7 LUGLIO 2019 - Stripes Cooperativa Sociale ONLUS","robots":{"index":"index","follow":"follow","max-snippet":"max-snippet:-1","max-image-preview":"max-image-preview:large","max-video-preview":"max-video-preview:-1"},"canonical":"https:\/\/www.pedagogia.it\/stripes\/gita-sociale-6-e-7-luglio-2019\/","og_locale":"it_IT","og_type":"article","og_title":"GITA SOCIALE 6 e 7 LUGLIO 2019 - Stripes Cooperativa Sociale ONLUS","og_url":"https:\/\/www.pedagogia.it\/stripes\/gita-sociale-6-e-7-luglio-2019\/","og_site_name":"Stripes Cooperativa Sociale ONLUS","article_published_time":"2019-05-07T21:27:30+00:00","article_modified_time":"2019-06-05T13:37:07+00:00","author":"maracolombo","twitter_card":"summary_large_image","twitter_misc":{"Scritto da":"maracolombo","Tempo di lettura stimato":"3 minuti"},"schema":{"@context":"https:\/\/schema.org","@graph":[{"@type":"Article","@id":"https:\/\/www.pedagogia.it\/stripes\/gita-sociale-6-e-7-luglio-2019\/#article","isPartOf":{"@id":"https:\/\/www.pedagogia.it\/stripes\/gita-sociale-6-e-7-luglio-2019\/"},"author":{"name":"maracolombo","@id":"https:\/\/www.pedagogia.it\/stripes\/#\/schema\/person\/c3931223708062d2bcd243fb82d0ece9"},"headline":"GITA SOCIALE 6 e 7 LUGLIO 2019","datePublished":"2019-05-07T21:27:30+00:00","dateModified":"2019-06-05T13:37:07+00:00","mainEntityOfPage":{"@id":"https:\/\/www.pedagogia.it\/stripes\/gita-sociale-6-e-7-luglio-2019\/"},"wordCount":569,"keywords":["gita sociale","trentennale"],"articleSection":["Trentennale Stripes"],"inLanguage":"it-IT"},{"@type":"WebPage","@id":"https:\/\/www.pedagogia.it\/stripes\/gita-sociale-6-e-7-luglio-2019\/","url":"https:\/\/www.pedagogia.it\/stripes\/gita-sociale-6-e-7-luglio-2019\/","name":"GITA SOCIALE 6 e 7 LUGLIO 2019 - Stripes Cooperativa Sociale ONLUS","isPartOf":{"@id":"https:\/\/www.pedagogia.it\/stripes\/#website"},"datePublished":"2019-05-07T21:27:30+00:00","dateModified":"2019-06-05T13:37:07+00:00","author":{"@id":"https:\/\/www.pedagogia.it\/stripes\/#\/schema\/person\/c3931223708062d2bcd243fb82d0ece9"},"breadcrumb":{"@id":"https:\/\/www.pedagogia.it\/stripes\/gita-sociale-6-e-7-luglio-2019\/#breadcrumb"},"inLanguage":"it-IT","potentialAction":[{"@type":"ReadAction","target":["https:\/\/www.pedagogia.it\/stripes\/gita-sociale-6-e-7-luglio-2019\/"]}]},{"@type":"BreadcrumbList","@id":"https:\/\/www.pedagogia.it\/stripes\/gita-sociale-6-e-7-luglio-2019\/#breadcrumb","itemListElement":[{"@type":"ListItem","position":1,"name":"Home","item":"https:\/\/www.pedagogia.it\/stripes\/"},{"@type":"ListItem","position":2,"name":"GITA SOCIALE 6 e 7 LUGLIO 2019"}]},{"@type":"WebSite","@id":"https:\/\/www.pedagogia.it\/stripes\/#website","url":"https:\/\/www.pedagogia.it\/stripes\/","name":"Stripes Cooperativa Sociale ONLUS","description":"","potentialAction":[{"@type":"SearchAction","target":{"@type":"EntryPoint","urlTemplate":"https:\/\/www.pedagogia.it\/stripes\/?s={search_term_string}"},"query-input":{"@type":"PropertyValueSpecification","valueRequired":true,"valueName":"search_term_string"}}],"inLanguage":"it-IT"},{"@type":"Person","@id":"https:\/\/www.pedagogia.it\/stripes\/#\/schema\/person\/c3931223708062d2bcd243fb82d0ece9","name":"maracolombo","image":{"@type":"ImageObject","inLanguage":"it-IT","@id":"https:\/\/secure.gravatar.com\/avatar\/41e0ef966845c69af6e15fbbc059dac8078c1a5bd13ef103c3dd43007d08aec1?s=96&d=mm&r=ga412a0bc00134ae2702e216ce4f0e031","url":"https:\/\/secure.gravatar.com\/avatar\/41e0ef966845c69af6e15fbbc059dac8078c1a5bd13ef103c3dd43007d08aec1?s=96&d=mm&r=g","contentUrl":"https:\/\/secure.gravatar.com\/avatar\/41e0ef966845c69af6e15fbbc059dac8078c1a5bd13ef103c3dd43007d08aec1?s=96&d=mm&r=g","caption":"maracolombo"},"url":"https:\/\/www.pedagogia.it\/stripes\/author\/maracolombo\/"}]}},"authors":[],"_links":{"self":[{"href":"https:\/\/www.pedagogia.it\/stripes\/wp-json\/wp\/v2\/posts\/2491","targetHints":{"allow":["GET"]}}],"collection":[{"href":"https:\/\/www.pedagogia.it\/stripes\/wp-json\/wp\/v2\/posts"}],"about":[{"href":"https:\/\/www.pedagogia.it\/stripes\/wp-json\/wp\/v2\/types\/post"}],"author":[{"embeddable":true,"href":"https:\/\/www.pedagogia.it\/stripes\/wp-json\/wp\/v2\/users\/235"}],"replies":[{"embeddable":true,"href":"https:\/\/www.pedagogia.it\/stripes\/wp-json\/wp\/v2\/comments?post=2491"}],"version-history":[{"count":0,"href":"https:\/\/www.pedagogia.it\/stripes\/wp-json\/wp\/v2\/posts\/2491\/revisions"}],"wp:attachment":[{"href":"https:\/\/www.pedagogia.it\/stripes\/wp-json\/wp\/v2\/media?parent=2491"}],"wp:term":[{"taxonomy":"category","embeddable":true,"href":"https:\/\/www.pedagogia.it\/stripes\/wp-json\/wp\/v2\/categories?post=2491"},{"taxonomy":"post_tag","embeddable":true,"href":"https:\/\/www.pedagogia.it\/stripes\/wp-json\/wp\/v2\/tags?post=2491"}],"curies":[{"name":"wp","href":"https:\/\/api.w.org\/{rel}","templated":true}]}}