{"id":3361,"date":"2019-07-16T11:26:51","date_gmt":"2019-07-16T09:26:51","guid":{"rendered":"https:\/\/www.pedagogia.it\/stripes\/?p=3361"},"modified":"2019-07-22T10:50:01","modified_gmt":"2019-07-22T08:50:01","slug":"giurato-2","status":"publish","type":"post","link":"https:\/\/www.pedagogia.it\/stripes\/giurato-2\/","title":{"rendered":"GIURIA-Carlo Martegani"},"content":{"rendered":"<div class=\"wpb-content-wrapper\"><div data-parent=\"true\" class=\"vc_row row-container boomapps_vcrow\" id=\"row-unique-0\"><div class=\"row limit-width row-parent\"><div class=\"wpb_row row-inner\"><div class=\"wpb_column pos-top pos-center align_left column_parent col-lg-3 boomapps_vccolumn single-internal-gutter\"><div class=\"uncol style-light\"  ><div class=\"uncoltable\"><div class=\"uncell  boomapps_vccolumn no-block-padding\" ><div class=\"uncont\" ><div class=\"uncode-single-media  text-left\"><div class=\"single-wrapper\" style=\"max-width: 100%;\"><div class=\"tmb tmb-light  tmb-media-first tmb-media-last tmb-content-overlay tmb-no-bg\"><div class=\"t-inside\"><div class=\"t-entry-visual\"><div class=\"t-entry-visual-tc\"><div class=\"uncode-single-media-wrapper\"><img decoding=\"async\" class=\"wp-image-3407\" src=\"https:\/\/www.pedagogia.it\/stripes\/wp-content\/uploads\/sites\/7\/2019\/07\/Martegani.jpg\" width=\"280\" height=\"427\" alt=\"\" srcset=\"https:\/\/www.pedagogia.it\/stripes\/wp-content\/uploads\/sites\/7\/2019\/07\/Martegani.jpg 280w, https:\/\/www.pedagogia.it\/stripes\/wp-content\/uploads\/sites\/7\/2019\/07\/Martegani-197x300.jpg 197w\" sizes=\"(max-width: 280px) 100vw, 280px\" \/><\/div>\n\t\t\t\t\t<\/div>\n\t\t\t\t<\/div><\/div><\/div><\/div><\/div><\/div><\/div><\/div><\/div><\/div><div class=\"wpb_column pos-top pos-center align_left column_parent col-lg-9 boomapps_vccolumn single-internal-gutter\"><div class=\"uncol style-light\"  ><div class=\"uncoltable\"><div class=\"uncell  boomapps_vccolumn single-block-padding style-color-gyho-bg has-bg\" ><div class=\"uncont\" ><div class=\"uncode_text_column\" ><p><span style=\"font-family: terminal, monaco, monospace;font-size: 14pt\">GIURIA &#8211; PREMIO CENTO LINGUAGGI PER L&#8217;EDUCAZIONE<\/span><\/p>\n<p><strong><span style=\"font-size: 18pt;font-family: terminal, monaco, monospace\">Carlo Martegani<\/span><br \/>\n<\/strong><\/p>\n<\/div><div class=\"uncode_text_column\" ><p>Con ultratrentennale esperienza in qualit\u00e0 di Print Producer, si occupa per grandi Agenzie di Pubblicit\u00e0 internazionali della realizzazione di campagne stampa pubblicitarie per importanti brand nazionali ed esteri. \u00c8 coordinatore responsabile della post-produzione delle immagini e dei processi realizzativi e qualitativi ad esse collegate Videomaker e direttore della fotografia di videoclip musicali per etichette indipendenti.<\/p>\n<p>Fotografo diplomato, segue con spirito libero la professione, dedicando le proprie risorse principalmente a scatti di artisti in campo musicale, teatrale e d\u2019arte classica.<\/p>\n<p>More info: <a href=\"https:\/\/www.facebook.com\/Limmaginario-by-Carlo-Martegani-485278171508180\/\">Pagina Facebook &#8211; Limmaginario by Carlo Martegani<\/a><\/p>\n<\/div><\/div><\/div><\/div><\/div><\/div><script id=\"script-row-unique-0\" data-row=\"script-row-unique-0\" type=\"text\/javascript\" class=\"vc_controls\">UNCODE.initRow(document.getElementById(\"row-unique-0\"));<\/script><\/div><\/div><\/div>\n<\/div>","protected":false},"excerpt":{"rendered":"GIURIA &#8211; PREMIO CENTO LINGUAGGI PER L&#8217;EDUCAZIONE Carlo Martegani Con ultratrentennale esperienza in qualit\u00e0 di Print Producer, si occupa per [...]","protected":false},"author":235,"featured_media":3407,"comment_status":"closed","ping_status":"open","sticky":false,"template":"","format":"standard","meta":{"give_campaign_id":0,"om_disable_all_campaigns":false,"_monsterinsights_skip_tracking":false,"_monsterinsights_sitenote_active":false,"_monsterinsights_sitenote_note":"","_monsterinsights_sitenote_category":0,"footnotes":""},"categories":[203],"tags":[204,205,206,207,208],"class_list":["post-3361","post","type-post","status-publish","format-standard","has-post-thumbnail","hentry","category-giuria2019","tag-giuria","tag-premio","tag-concorso","tag-educazione","tag-fotografia"],"aioseo_notices":[],"yoast_head":"<!-- This site is optimized with the Yoast SEO plugin v27.2 - https:\/\/yoast.com\/product\/yoast-seo-wordpress\/ -->\n<title>GIURIA-Carlo Martegani - Stripes Cooperativa Sociale ONLUS<\/title>\n<meta name=\"robots\" content=\"index, follow, max-snippet:-1, max-image-preview:large, max-video-preview:-1\" \/>\n<link rel=\"canonical\" href=\"https:\/\/www.pedagogia.it\/stripes\/giurato-2\/\" \/>\n<meta property=\"og:locale\" content=\"it_IT\" \/>\n<meta property=\"og:type\" content=\"article\" \/>\n<meta property=\"og:title\" content=\"GIURIA-Carlo Martegani - Stripes Cooperativa Sociale ONLUS\" \/>\n<meta property=\"og:url\" content=\"https:\/\/www.pedagogia.it\/stripes\/giurato-2\/\" \/>\n<meta property=\"og:site_name\" content=\"Stripes Cooperativa Sociale ONLUS\" \/>\n<meta property=\"article:published_time\" content=\"2019-07-16T09:26:51+00:00\" \/>\n<meta property=\"article:modified_time\" content=\"2019-07-22T08:50:01+00:00\" \/>\n<meta property=\"og:image\" content=\"https:\/\/www.pedagogia.it\/stripes\/wp-content\/uploads\/sites\/7\/2019\/07\/Martegani.jpg\" \/>\n\t<meta property=\"og:image:width\" content=\"280\" \/>\n\t<meta property=\"og:image:height\" content=\"427\" \/>\n\t<meta property=\"og:image:type\" content=\"image\/jpeg\" \/>\n<meta name=\"author\" content=\"maracolombo\" \/>\n<meta name=\"twitter:card\" content=\"summary_large_image\" \/>\n<meta name=\"twitter:label1\" content=\"Scritto da\" \/>\n\t<meta name=\"twitter:data1\" content=\"maracolombo\" \/>\n\t<meta name=\"twitter:label2\" content=\"Tempo di lettura stimato\" \/>\n\t<meta name=\"twitter:data2\" content=\"1 minuto\" \/>\n<script type=\"application\/ld+json\" class=\"yoast-schema-graph\">{\"@context\":\"https:\/\/schema.org\",\"@graph\":[{\"@type\":\"Article\",\"@id\":\"https:\/\/www.pedagogia.it\/stripes\/giurato-2\/#article\",\"isPartOf\":{\"@id\":\"https:\/\/www.pedagogia.it\/stripes\/giurato-2\/\"},\"author\":{\"name\":\"maracolombo\",\"@id\":\"https:\/\/www.pedagogia.it\/stripes\/#\/schema\/person\/c3931223708062d2bcd243fb82d0ece9\"},\"headline\":\"GIURIA-Carlo Martegani\",\"datePublished\":\"2019-07-16T09:26:51+00:00\",\"dateModified\":\"2019-07-22T08:50:01+00:00\",\"mainEntityOfPage\":{\"@id\":\"https:\/\/www.pedagogia.it\/stripes\/giurato-2\/\"},\"wordCount\":156,\"image\":{\"@id\":\"https:\/\/www.pedagogia.it\/stripes\/giurato-2\/#primaryimage\"},\"thumbnailUrl\":\"https:\/\/www.pedagogia.it\/stripes\/wp-content\/uploads\/sites\/7\/2019\/07\/Martegani.jpg\",\"keywords\":[\"giuria\",\"premio\",\"concorso\",\"educazione\",\"fotografia\"],\"articleSection\":[\"giuria2019\"],\"inLanguage\":\"it-IT\"},{\"@type\":\"WebPage\",\"@id\":\"https:\/\/www.pedagogia.it\/stripes\/giurato-2\/\",\"url\":\"https:\/\/www.pedagogia.it\/stripes\/giurato-2\/\",\"name\":\"GIURIA-Carlo Martegani - Stripes Cooperativa Sociale ONLUS\",\"isPartOf\":{\"@id\":\"https:\/\/www.pedagogia.it\/stripes\/#website\"},\"primaryImageOfPage\":{\"@id\":\"https:\/\/www.pedagogia.it\/stripes\/giurato-2\/#primaryimage\"},\"image\":{\"@id\":\"https:\/\/www.pedagogia.it\/stripes\/giurato-2\/#primaryimage\"},\"thumbnailUrl\":\"https:\/\/www.pedagogia.it\/stripes\/wp-content\/uploads\/sites\/7\/2019\/07\/Martegani.jpg\",\"datePublished\":\"2019-07-16T09:26:51+00:00\",\"dateModified\":\"2019-07-22T08:50:01+00:00\",\"author\":{\"@id\":\"https:\/\/www.pedagogia.it\/stripes\/#\/schema\/person\/c3931223708062d2bcd243fb82d0ece9\"},\"breadcrumb\":{\"@id\":\"https:\/\/www.pedagogia.it\/stripes\/giurato-2\/#breadcrumb\"},\"inLanguage\":\"it-IT\",\"potentialAction\":[{\"@type\":\"ReadAction\",\"target\":[\"https:\/\/www.pedagogia.it\/stripes\/giurato-2\/\"]}]},{\"@type\":\"ImageObject\",\"inLanguage\":\"it-IT\",\"@id\":\"https:\/\/www.pedagogia.it\/stripes\/giurato-2\/#primaryimage\",\"url\":\"https:\/\/www.pedagogia.it\/stripes\/wp-content\/uploads\/sites\/7\/2019\/07\/Martegani.jpg\",\"contentUrl\":\"https:\/\/www.pedagogia.it\/stripes\/wp-content\/uploads\/sites\/7\/2019\/07\/Martegani.jpg\",\"width\":280,\"height\":427},{\"@type\":\"BreadcrumbList\",\"@id\":\"https:\/\/www.pedagogia.it\/stripes\/giurato-2\/#breadcrumb\",\"itemListElement\":[{\"@type\":\"ListItem\",\"position\":1,\"name\":\"Home\",\"item\":\"https:\/\/www.pedagogia.it\/stripes\/\"},{\"@type\":\"ListItem\",\"position\":2,\"name\":\"GIURIA-Carlo Martegani\"}]},{\"@type\":\"WebSite\",\"@id\":\"https:\/\/www.pedagogia.it\/stripes\/#website\",\"url\":\"https:\/\/www.pedagogia.it\/stripes\/\",\"name\":\"Stripes Cooperativa Sociale ONLUS\",\"description\":\"\",\"potentialAction\":[{\"@type\":\"SearchAction\",\"target\":{\"@type\":\"EntryPoint\",\"urlTemplate\":\"https:\/\/www.pedagogia.it\/stripes\/?s={search_term_string}\"},\"query-input\":{\"@type\":\"PropertyValueSpecification\",\"valueRequired\":true,\"valueName\":\"search_term_string\"}}],\"inLanguage\":\"it-IT\"},{\"@type\":\"Person\",\"@id\":\"https:\/\/www.pedagogia.it\/stripes\/#\/schema\/person\/c3931223708062d2bcd243fb82d0ece9\",\"name\":\"maracolombo\",\"image\":{\"@type\":\"ImageObject\",\"inLanguage\":\"it-IT\",\"@id\":\"https:\/\/secure.gravatar.com\/avatar\/41e0ef966845c69af6e15fbbc059dac8078c1a5bd13ef103c3dd43007d08aec1?s=96&d=mm&r=ga412a0bc00134ae2702e216ce4f0e031\",\"url\":\"https:\/\/secure.gravatar.com\/avatar\/41e0ef966845c69af6e15fbbc059dac8078c1a5bd13ef103c3dd43007d08aec1?s=96&d=mm&r=g\",\"contentUrl\":\"https:\/\/secure.gravatar.com\/avatar\/41e0ef966845c69af6e15fbbc059dac8078c1a5bd13ef103c3dd43007d08aec1?s=96&d=mm&r=g\",\"caption\":\"maracolombo\"},\"url\":\"https:\/\/www.pedagogia.it\/stripes\/author\/maracolombo\/\"}]}<\/script>\n<!-- \/ Yoast SEO plugin. -->","yoast_head_json":{"title":"GIURIA-Carlo Martegani - Stripes Cooperativa Sociale ONLUS","robots":{"index":"index","follow":"follow","max-snippet":"max-snippet:-1","max-image-preview":"max-image-preview:large","max-video-preview":"max-video-preview:-1"},"canonical":"https:\/\/www.pedagogia.it\/stripes\/giurato-2\/","og_locale":"it_IT","og_type":"article","og_title":"GIURIA-Carlo Martegani - Stripes Cooperativa Sociale ONLUS","og_url":"https:\/\/www.pedagogia.it\/stripes\/giurato-2\/","og_site_name":"Stripes Cooperativa Sociale ONLUS","article_published_time":"2019-07-16T09:26:51+00:00","article_modified_time":"2019-07-22T08:50:01+00:00","og_image":[{"width":280,"height":427,"url":"https:\/\/www.pedagogia.it\/stripes\/wp-content\/uploads\/sites\/7\/2019\/07\/Martegani.jpg","type":"image\/jpeg"}],"author":"maracolombo","twitter_card":"summary_large_image","twitter_misc":{"Scritto da":"maracolombo","Tempo di lettura stimato":"1 minuto"},"schema":{"@context":"https:\/\/schema.org","@graph":[{"@type":"Article","@id":"https:\/\/www.pedagogia.it\/stripes\/giurato-2\/#article","isPartOf":{"@id":"https:\/\/www.pedagogia.it\/stripes\/giurato-2\/"},"author":{"name":"maracolombo","@id":"https:\/\/www.pedagogia.it\/stripes\/#\/schema\/person\/c3931223708062d2bcd243fb82d0ece9"},"headline":"GIURIA-Carlo Martegani","datePublished":"2019-07-16T09:26:51+00:00","dateModified":"2019-07-22T08:50:01+00:00","mainEntityOfPage":{"@id":"https:\/\/www.pedagogia.it\/stripes\/giurato-2\/"},"wordCount":156,"image":{"@id":"https:\/\/www.pedagogia.it\/stripes\/giurato-2\/#primaryimage"},"thumbnailUrl":"https:\/\/www.pedagogia.it\/stripes\/wp-content\/uploads\/sites\/7\/2019\/07\/Martegani.jpg","keywords":["giuria","premio","concorso","educazione","fotografia"],"articleSection":["giuria2019"],"inLanguage":"it-IT"},{"@type":"WebPage","@id":"https:\/\/www.pedagogia.it\/stripes\/giurato-2\/","url":"https:\/\/www.pedagogia.it\/stripes\/giurato-2\/","name":"GIURIA-Carlo Martegani - Stripes Cooperativa Sociale ONLUS","isPartOf":{"@id":"https:\/\/www.pedagogia.it\/stripes\/#website"},"primaryImageOfPage":{"@id":"https:\/\/www.pedagogia.it\/stripes\/giurato-2\/#primaryimage"},"image":{"@id":"https:\/\/www.pedagogia.it\/stripes\/giurato-2\/#primaryimage"},"thumbnailUrl":"https:\/\/www.pedagogia.it\/stripes\/wp-content\/uploads\/sites\/7\/2019\/07\/Martegani.jpg","datePublished":"2019-07-16T09:26:51+00:00","dateModified":"2019-07-22T08:50:01+00:00","author":{"@id":"https:\/\/www.pedagogia.it\/stripes\/#\/schema\/person\/c3931223708062d2bcd243fb82d0ece9"},"breadcrumb":{"@id":"https:\/\/www.pedagogia.it\/stripes\/giurato-2\/#breadcrumb"},"inLanguage":"it-IT","potentialAction":[{"@type":"ReadAction","target":["https:\/\/www.pedagogia.it\/stripes\/giurato-2\/"]}]},{"@type":"ImageObject","inLanguage":"it-IT","@id":"https:\/\/www.pedagogia.it\/stripes\/giurato-2\/#primaryimage","url":"https:\/\/www.pedagogia.it\/stripes\/wp-content\/uploads\/sites\/7\/2019\/07\/Martegani.jpg","contentUrl":"https:\/\/www.pedagogia.it\/stripes\/wp-content\/uploads\/sites\/7\/2019\/07\/Martegani.jpg","width":280,"height":427},{"@type":"BreadcrumbList","@id":"https:\/\/www.pedagogia.it\/stripes\/giurato-2\/#breadcrumb","itemListElement":[{"@type":"ListItem","position":1,"name":"Home","item":"https:\/\/www.pedagogia.it\/stripes\/"},{"@type":"ListItem","position":2,"name":"GIURIA-Carlo Martegani"}]},{"@type":"WebSite","@id":"https:\/\/www.pedagogia.it\/stripes\/#website","url":"https:\/\/www.pedagogia.it\/stripes\/","name":"Stripes Cooperativa Sociale ONLUS","description":"","potentialAction":[{"@type":"SearchAction","target":{"@type":"EntryPoint","urlTemplate":"https:\/\/www.pedagogia.it\/stripes\/?s={search_term_string}"},"query-input":{"@type":"PropertyValueSpecification","valueRequired":true,"valueName":"search_term_string"}}],"inLanguage":"it-IT"},{"@type":"Person","@id":"https:\/\/www.pedagogia.it\/stripes\/#\/schema\/person\/c3931223708062d2bcd243fb82d0ece9","name":"maracolombo","image":{"@type":"ImageObject","inLanguage":"it-IT","@id":"https:\/\/secure.gravatar.com\/avatar\/41e0ef966845c69af6e15fbbc059dac8078c1a5bd13ef103c3dd43007d08aec1?s=96&d=mm&r=ga412a0bc00134ae2702e216ce4f0e031","url":"https:\/\/secure.gravatar.com\/avatar\/41e0ef966845c69af6e15fbbc059dac8078c1a5bd13ef103c3dd43007d08aec1?s=96&d=mm&r=g","contentUrl":"https:\/\/secure.gravatar.com\/avatar\/41e0ef966845c69af6e15fbbc059dac8078c1a5bd13ef103c3dd43007d08aec1?s=96&d=mm&r=g","caption":"maracolombo"},"url":"https:\/\/www.pedagogia.it\/stripes\/author\/maracolombo\/"}]}},"authors":[],"_links":{"self":[{"href":"https:\/\/www.pedagogia.it\/stripes\/wp-json\/wp\/v2\/posts\/3361","targetHints":{"allow":["GET"]}}],"collection":[{"href":"https:\/\/www.pedagogia.it\/stripes\/wp-json\/wp\/v2\/posts"}],"about":[{"href":"https:\/\/www.pedagogia.it\/stripes\/wp-json\/wp\/v2\/types\/post"}],"author":[{"embeddable":true,"href":"https:\/\/www.pedagogia.it\/stripes\/wp-json\/wp\/v2\/users\/235"}],"replies":[{"embeddable":true,"href":"https:\/\/www.pedagogia.it\/stripes\/wp-json\/wp\/v2\/comments?post=3361"}],"version-history":[{"count":0,"href":"https:\/\/www.pedagogia.it\/stripes\/wp-json\/wp\/v2\/posts\/3361\/revisions"}],"wp:featuredmedia":[{"embeddable":true,"href":"https:\/\/www.pedagogia.it\/stripes\/wp-json\/wp\/v2\/media\/3407"}],"wp:attachment":[{"href":"https:\/\/www.pedagogia.it\/stripes\/wp-json\/wp\/v2\/media?parent=3361"}],"wp:term":[{"taxonomy":"category","embeddable":true,"href":"https:\/\/www.pedagogia.it\/stripes\/wp-json\/wp\/v2\/categories?post=3361"},{"taxonomy":"post_tag","embeddable":true,"href":"https:\/\/www.pedagogia.it\/stripes\/wp-json\/wp\/v2\/tags?post=3361"}],"curies":[{"name":"wp","href":"https:\/\/api.w.org\/{rel}","templated":true}]}}