{"id":687,"date":"2018-05-23T16:27:45","date_gmt":"2018-05-23T14:27:45","guid":{"rendered":"https:\/\/www.pedagogia.it\/stripes\/?p=687"},"modified":"2025-11-14T11:18:09","modified_gmt":"2025-11-14T10:18:09","slug":"posto-delle-parole","status":"publish","type":"post","link":"https:\/\/www.pedagogia.it\/stripes\/posto-delle-parole\/","title":{"rendered":"IL POSTO DELLE PAROLE"},"content":{"rendered":"<div class=\"wpb-content-wrapper\"><div data-parent=\"true\" class=\"vc_row has-bg need-focus style-color-uydo-bg row-container desktop-hidden tablet-hidden mobile-hidden boomapps_vcrow\" id=\"row-unique-0\"><div class=\"row-background background-element\" style=\"opacity: 1;\">\n\t\t\t\t\t\t\t\t\t\t\t<div class=\"background-wrapper\">\n\t\t\t\t\t\t\t\t\t\t\t\t<div class=\"background-inner\"><\/div>\n\t\t\t\t\t\t\t\t\t\t\t\t<div class=\"block-bg-overlay style-color-gyho-bg\" style=\"opacity: 0.5;\"><\/div>\n\t\t\t\t\t\t\t\t\t\t\t<\/div>\n\t\t\t\t\t\t\t\t\t\t<\/div><div class=\"row limit-width row-parent\"><div class=\"wpb_row row-inner\"><div class=\"wpb_column pos-top pos-center align_left column_parent col-lg-8 boomapps_vccolumn single-internal-gutter\"><div class=\"uncol style-light\"  ><div class=\"uncoltable\"><div class=\"uncell  boomapps_vccolumn no-block-padding\" ><div class=\"uncont\" ><div class=\"vc_custom_heading_wrap \"><div class=\"heading-text el-text\" ><h1 class=\"h2 font-weight-800\" ><span>INAUGURAZIONE DELLA NUOVA SEDE DI RHO DEL POSTO DELLE PAROLE<\/span><\/h1><div class=\"text-lead\"><p>Centro di consulenza psico-pedagogica<\/p>\n<\/div><\/div><div class=\"clear\"><\/div><\/div><div class=\"uncode_text_column\" ><p>Con lo spostamento nella nuova sede di via Savio 6 a Rho (MI), il Centro psico-pedagogico di aiuto alla famiglia <em>Il Posto delle Parole<\/em> ha deciso di cambiare forma per diventare qualcosa di pi\u00f9 \u2026molto di pi\u00f9!<\/p>\n<p>Saranno tantissime le novit\u00e0 e le proposte, anche a partire dalle esperienze laboratoriali previste per i due giorni di inaugurazione. Vieni a scoprire di pi\u00f9, iscriviti subito!<\/p>\n<p>Tutti i laboratori sono gratuiti ma a numero chiuso (8 partecipanti per ogni Lab). Per partecipare \u00e8 necessario registrarsi attraverso i moduli di iscrizioni qui sotto.<\/p>\n<\/div><div class=\"vc_custom_heading_wrap \"><div class=\"heading-text el-text\" ><h2 class=\"h2\" ><span><strong>Iscriviti ai laboratori gratuiti!<\/strong><\/span><\/h2><\/div><div class=\"clear\"><\/div><\/div><div class=\"vc_custom_heading_wrap \"><div class=\"heading-text el-text\" ><h2 class=\"h2\" ><span><strong>VENERDI\u2019 29 SETTEMBRE 2023<\/strong><\/span><\/h2><\/div><div class=\"clear\"><\/div><\/div><div id=\"index-106433\" class=\"isotope-system isotope-general-light grid-general-light\" >\n\t\t\t\n\t\t\t\t\t\t\t\t\t\t\t\t\t\t<div class=\"isotope-wrapper grid-wrapper single-gutter\" >\t\t\t\t\t\t\t\t\t\t\t\t<div class=\"isotope-container grid-container isotope-layout style-masonry isotope-pagination grid-pagination\" data-type=\"masonry\" data-layout=\"masonry\" data-lg=\"1000\" data-md=\"600\" data-sm=\"480\" data-vp-height=\"\">\t\t\t<div class=\"tmb tmb-woocommerce enhanced-atc atc-typography-inherit tmb-iso-w2 tmb-iso-h4 tmb-light tmb-overlay-text-anim tmb-overlay-anim tmb-content-left tmb-image-anim tmb-bordered  grid-cat-453 tmb-id-20384 tmb-content-under tmb-media-first tmb-no-bg\" ><div class=\"t-inside no-anim\" ><div class=\"t-entry-visual\"><div class=\"t-entry-visual-tc\"><div class=\"t-entry-visual-cont\"><div class=\"dummy\" style=\"padding-top: 100%;\"><\/div><a role=\"button\" tabindex=\"-1\" href=\"https:\/\/www.pedagogia.it\/stripes\/prodotto\/giocare-senza-giochi\/\" class=\"pushed\" target=\"_self\" data-lb-index=\"0\"><div class=\"t-entry-visual-overlay\"><div class=\"t-entry-visual-overlay-in style-dark-bg\" style=\"opacity: 0.5;\"><\/div><\/div><img decoding=\"async\" class=\"wp-image-20386\" src=\"https:\/\/www.pedagogia.it\/stripes\/wp-content\/uploads\/sites\/7\/2023\/09\/PDP_laboratori.jpg\" width=\"400\" height=\"400\" alt=\"\" srcset=\"https:\/\/www.pedagogia.it\/stripes\/wp-content\/uploads\/sites\/7\/2023\/09\/PDP_laboratori.jpg 400w, https:\/\/www.pedagogia.it\/stripes\/wp-content\/uploads\/sites\/7\/2023\/09\/PDP_laboratori-300x300.jpg 300w, https:\/\/www.pedagogia.it\/stripes\/wp-content\/uploads\/sites\/7\/2023\/09\/PDP_laboratori-150x150.jpg 150w, https:\/\/www.pedagogia.it\/stripes\/wp-content\/uploads\/sites\/7\/2023\/09\/PDP_laboratori-350x350.jpg 350w, https:\/\/www.pedagogia.it\/stripes\/wp-content\/uploads\/sites\/7\/2023\/09\/PDP_laboratori-348x348.jpg 348w, https:\/\/www.pedagogia.it\/stripes\/wp-content\/uploads\/sites\/7\/2023\/09\/PDP_laboratori-100x100.jpg 100w, https:\/\/www.pedagogia.it\/stripes\/wp-content\/uploads\/sites\/7\/2023\/09\/PDP_laboratori-60x60.jpg 60w, https:\/\/www.pedagogia.it\/stripes\/wp-content\/uploads\/sites\/7\/2023\/09\/PDP_laboratori-90x90.jpg 90w\" sizes=\"(max-width: 400px) 100vw, 400px\" \/><\/a><div class=\"add-to-cart-overlay\"><a href=\"https:\/\/www.pedagogia.it\/stripes\/prodotto\/giocare-senza-giochi\/\" aria-describedby=\"woocommerce_loop_add_to_cart_link_describedby_20384\" data-quantity=\"1\" class=\"product_type_simple add_to_cart_button product_button_loop\" data-product_id=\"20384\" data-product_sku=\"\" aria-label=\"Aggiungi al carrello: &quot;Giocare senza giochi&quot;\" rel=\"nofollow\" data-success_message=\"&quot;Giocare senza giochi&quot; \u00e8 stato aggiunto al tuo carrello\"><span class=\"add_to_cart_text\">Select options<\/span><span class=\"view-cart added_to_cart\"><\/span><\/a>\n\t<span id=\"woocommerce_loop_add_to_cart_link_describedby_20384\" class=\"screen-reader-text\">\n\t\t\t<\/span>\n<\/div><\/div>\n\t\t\t\t\t<\/div>\n\t\t\t\t<\/div><div class=\"t-entry-text\">\n\t\t\t\t\t\t\t\t\t<div class=\"t-entry-text-tc single-block-padding\"><div class=\"t-entry\"><h3 class=\"t-entry-title h6 title-scale \"><a href=\"https:\/\/www.pedagogia.it\/stripes\/prodotto\/giocare-senza-giochi\/\" target=\"_self\">Giocare senza giochi<\/a><\/h3><\/div><\/div>\n\t\t\t\t\t\t\t<\/div><\/div><\/div><div class=\"tmb tmb-woocommerce enhanced-atc atc-typography-inherit tmb-iso-w2 tmb-iso-h4 tmb-light tmb-overlay-text-anim tmb-overlay-anim tmb-content-left tmb-image-anim tmb-bordered  grid-cat-453 tmb-id-20387 tmb-content-under tmb-media-first tmb-no-bg\" ><div class=\"t-inside no-anim\" ><div class=\"t-entry-visual\"><div class=\"t-entry-visual-tc\"><div class=\"t-entry-visual-cont\"><div class=\"dummy\" style=\"padding-top: 100%;\"><\/div><a role=\"button\" tabindex=\"-1\" href=\"https:\/\/www.pedagogia.it\/stripes\/prodotto\/laboratorio-di-arte-eco-digitale-ricreartech-1-3-anni\/\" class=\"pushed\" target=\"_self\" data-lb-index=\"1\"><div class=\"t-entry-visual-overlay\"><div class=\"t-entry-visual-overlay-in style-dark-bg\" style=\"opacity: 0.5;\"><\/div><\/div><img decoding=\"async\" class=\"wp-image-20386\" src=\"https:\/\/www.pedagogia.it\/stripes\/wp-content\/uploads\/sites\/7\/2023\/09\/PDP_laboratori.jpg\" width=\"400\" height=\"400\" alt=\"\" srcset=\"https:\/\/www.pedagogia.it\/stripes\/wp-content\/uploads\/sites\/7\/2023\/09\/PDP_laboratori.jpg 400w, https:\/\/www.pedagogia.it\/stripes\/wp-content\/uploads\/sites\/7\/2023\/09\/PDP_laboratori-300x300.jpg 300w, https:\/\/www.pedagogia.it\/stripes\/wp-content\/uploads\/sites\/7\/2023\/09\/PDP_laboratori-150x150.jpg 150w, https:\/\/www.pedagogia.it\/stripes\/wp-content\/uploads\/sites\/7\/2023\/09\/PDP_laboratori-350x350.jpg 350w, https:\/\/www.pedagogia.it\/stripes\/wp-content\/uploads\/sites\/7\/2023\/09\/PDP_laboratori-348x348.jpg 348w, https:\/\/www.pedagogia.it\/stripes\/wp-content\/uploads\/sites\/7\/2023\/09\/PDP_laboratori-100x100.jpg 100w, https:\/\/www.pedagogia.it\/stripes\/wp-content\/uploads\/sites\/7\/2023\/09\/PDP_laboratori-60x60.jpg 60w, https:\/\/www.pedagogia.it\/stripes\/wp-content\/uploads\/sites\/7\/2023\/09\/PDP_laboratori-90x90.jpg 90w\" sizes=\"(max-width: 400px) 100vw, 400px\" \/><\/a><div class=\"add-to-cart-overlay\"><a href=\"https:\/\/www.pedagogia.it\/stripes\/prodotto\/laboratorio-di-arte-eco-digitale-ricreartech-1-3-anni\/\" aria-describedby=\"woocommerce_loop_add_to_cart_link_describedby_20387\" data-quantity=\"1\" class=\"product_type_simple add_to_cart_button product_button_loop\" data-product_id=\"20387\" data-product_sku=\"\" aria-label=\"Aggiungi al carrello: &quot;Laboratorio di arte eco-digitale RicreArTech (1-3 anni)&quot;\" rel=\"nofollow\" data-success_message=\"&quot;Laboratorio di arte eco-digitale RicreArTech (1-3 anni)&quot; \u00e8 stato aggiunto al tuo carrello\"><span class=\"add_to_cart_text\">Select options<\/span><span class=\"view-cart added_to_cart\"><\/span><\/a>\n\t<span id=\"woocommerce_loop_add_to_cart_link_describedby_20387\" class=\"screen-reader-text\">\n\t\t\t<\/span>\n<\/div><\/div>\n\t\t\t\t\t<\/div>\n\t\t\t\t<\/div><div class=\"t-entry-text\">\n\t\t\t\t\t\t\t\t\t<div class=\"t-entry-text-tc single-block-padding\"><div class=\"t-entry\"><h3 class=\"t-entry-title h6 title-scale \"><a href=\"https:\/\/www.pedagogia.it\/stripes\/prodotto\/laboratorio-di-arte-eco-digitale-ricreartech-1-3-anni\/\" target=\"_self\">Laboratorio di arte eco-digitale RicreArTech (1-3 anni)<\/a><\/h3><\/div><\/div>\n\t\t\t\t\t\t\t<\/div><\/div><\/div><div class=\"tmb tmb-woocommerce enhanced-atc atc-typography-inherit tmb-iso-w2 tmb-iso-h4 tmb-light tmb-overlay-text-anim tmb-overlay-anim tmb-content-left tmb-image-anim tmb-bordered  grid-cat-453 tmb-id-20388 tmb-content-under tmb-media-first tmb-no-bg\" ><div class=\"t-inside no-anim\" ><div class=\"t-entry-visual\"><div class=\"t-entry-visual-tc\"><div class=\"t-entry-visual-cont\"><div class=\"dummy\" style=\"padding-top: 100%;\"><\/div><a role=\"button\" tabindex=\"-1\" href=\"https:\/\/www.pedagogia.it\/stripes\/prodotto\/laboratorio-di-arte-eco-digitale-ricreartech-4-6-anni\/\" class=\"pushed\" target=\"_self\" data-lb-index=\"2\"><div class=\"t-entry-visual-overlay\"><div class=\"t-entry-visual-overlay-in style-dark-bg\" style=\"opacity: 0.5;\"><\/div><\/div><img decoding=\"async\" class=\"wp-image-20386\" src=\"https:\/\/www.pedagogia.it\/stripes\/wp-content\/uploads\/sites\/7\/2023\/09\/PDP_laboratori.jpg\" width=\"400\" height=\"400\" alt=\"\" srcset=\"https:\/\/www.pedagogia.it\/stripes\/wp-content\/uploads\/sites\/7\/2023\/09\/PDP_laboratori.jpg 400w, https:\/\/www.pedagogia.it\/stripes\/wp-content\/uploads\/sites\/7\/2023\/09\/PDP_laboratori-300x300.jpg 300w, https:\/\/www.pedagogia.it\/stripes\/wp-content\/uploads\/sites\/7\/2023\/09\/PDP_laboratori-150x150.jpg 150w, https:\/\/www.pedagogia.it\/stripes\/wp-content\/uploads\/sites\/7\/2023\/09\/PDP_laboratori-350x350.jpg 350w, https:\/\/www.pedagogia.it\/stripes\/wp-content\/uploads\/sites\/7\/2023\/09\/PDP_laboratori-348x348.jpg 348w, https:\/\/www.pedagogia.it\/stripes\/wp-content\/uploads\/sites\/7\/2023\/09\/PDP_laboratori-100x100.jpg 100w, https:\/\/www.pedagogia.it\/stripes\/wp-content\/uploads\/sites\/7\/2023\/09\/PDP_laboratori-60x60.jpg 60w, https:\/\/www.pedagogia.it\/stripes\/wp-content\/uploads\/sites\/7\/2023\/09\/PDP_laboratori-90x90.jpg 90w\" sizes=\"(max-width: 400px) 100vw, 400px\" \/><\/a><div class=\"add-to-cart-overlay\"><a href=\"https:\/\/www.pedagogia.it\/stripes\/prodotto\/laboratorio-di-arte-eco-digitale-ricreartech-4-6-anni\/\" aria-describedby=\"woocommerce_loop_add_to_cart_link_describedby_20388\" data-quantity=\"1\" class=\"product_type_simple add_to_cart_button product_button_loop\" data-product_id=\"20388\" data-product_sku=\"\" aria-label=\"Aggiungi al carrello: &quot;Laboratorio di arte eco-digitale RicreArTech (4-6 anni)&quot;\" rel=\"nofollow\" data-success_message=\"&quot;Laboratorio di arte eco-digitale RicreArTech (4-6 anni)&quot; \u00e8 stato aggiunto al tuo carrello\"><span class=\"add_to_cart_text\">Select options<\/span><span class=\"view-cart added_to_cart\"><\/span><\/a>\n\t<span id=\"woocommerce_loop_add_to_cart_link_describedby_20388\" class=\"screen-reader-text\">\n\t\t\t<\/span>\n<\/div><\/div>\n\t\t\t\t\t<\/div>\n\t\t\t\t<\/div><div class=\"t-entry-text\">\n\t\t\t\t\t\t\t\t\t<div class=\"t-entry-text-tc single-block-padding\"><div class=\"t-entry\"><h3 class=\"t-entry-title h6 title-scale \"><a href=\"https:\/\/www.pedagogia.it\/stripes\/prodotto\/laboratorio-di-arte-eco-digitale-ricreartech-4-6-anni\/\" target=\"_self\">Laboratorio di arte eco-digitale RicreArTech (4-6 anni)<\/a><\/h3><\/div><\/div>\n\t\t\t\t\t\t\t<\/div><\/div><\/div><div class=\"tmb tmb-woocommerce enhanced-atc atc-typography-inherit tmb-iso-w2 tmb-iso-h4 tmb-light tmb-overlay-text-anim tmb-overlay-anim tmb-content-left tmb-image-anim tmb-bordered  grid-cat-453 tmb-id-20389 tmb-content-under tmb-media-first tmb-no-bg\" ><div class=\"t-inside no-anim\" ><div class=\"t-entry-visual\"><div class=\"t-entry-visual-tc\"><div class=\"t-entry-visual-cont\"><div class=\"dummy\" style=\"padding-top: 100%;\"><\/div><a role=\"button\" tabindex=\"-1\" href=\"https:\/\/www.pedagogia.it\/stripes\/prodotto\/laboratorio-di-mindfulness-6-11-anni\/\" class=\"pushed\" target=\"_self\" data-lb-index=\"3\"><div class=\"t-entry-visual-overlay\"><div class=\"t-entry-visual-overlay-in style-dark-bg\" style=\"opacity: 0.5;\"><\/div><\/div><img decoding=\"async\" class=\"wp-image-20386\" src=\"https:\/\/www.pedagogia.it\/stripes\/wp-content\/uploads\/sites\/7\/2023\/09\/PDP_laboratori.jpg\" width=\"400\" height=\"400\" alt=\"\" srcset=\"https:\/\/www.pedagogia.it\/stripes\/wp-content\/uploads\/sites\/7\/2023\/09\/PDP_laboratori.jpg 400w, https:\/\/www.pedagogia.it\/stripes\/wp-content\/uploads\/sites\/7\/2023\/09\/PDP_laboratori-300x300.jpg 300w, https:\/\/www.pedagogia.it\/stripes\/wp-content\/uploads\/sites\/7\/2023\/09\/PDP_laboratori-150x150.jpg 150w, https:\/\/www.pedagogia.it\/stripes\/wp-content\/uploads\/sites\/7\/2023\/09\/PDP_laboratori-350x350.jpg 350w, https:\/\/www.pedagogia.it\/stripes\/wp-content\/uploads\/sites\/7\/2023\/09\/PDP_laboratori-348x348.jpg 348w, https:\/\/www.pedagogia.it\/stripes\/wp-content\/uploads\/sites\/7\/2023\/09\/PDP_laboratori-100x100.jpg 100w, https:\/\/www.pedagogia.it\/stripes\/wp-content\/uploads\/sites\/7\/2023\/09\/PDP_laboratori-60x60.jpg 60w, https:\/\/www.pedagogia.it\/stripes\/wp-content\/uploads\/sites\/7\/2023\/09\/PDP_laboratori-90x90.jpg 90w\" sizes=\"(max-width: 400px) 100vw, 400px\" \/><\/a><div class=\"add-to-cart-overlay\"><a href=\"https:\/\/www.pedagogia.it\/stripes\/prodotto\/laboratorio-di-mindfulness-6-11-anni\/\" aria-describedby=\"woocommerce_loop_add_to_cart_link_describedby_20389\" data-quantity=\"1\" class=\"product_type_simple add_to_cart_button product_button_loop\" data-product_id=\"20389\" data-product_sku=\"\" aria-label=\"Aggiungi al carrello: &quot;Laboratorio di Mindfulness (6-11 anni)&quot;\" rel=\"nofollow\" data-success_message=\"&quot;Laboratorio di Mindfulness (6-11 anni)&quot; \u00e8 stato aggiunto al tuo carrello\"><span class=\"add_to_cart_text\">Select options<\/span><span class=\"view-cart added_to_cart\"><\/span><\/a>\n\t<span id=\"woocommerce_loop_add_to_cart_link_describedby_20389\" class=\"screen-reader-text\">\n\t\t\t<\/span>\n<\/div><\/div>\n\t\t\t\t\t<\/div>\n\t\t\t\t<\/div><div class=\"t-entry-text\">\n\t\t\t\t\t\t\t\t\t<div class=\"t-entry-text-tc single-block-padding\"><div class=\"t-entry\"><h3 class=\"t-entry-title h6 title-scale \"><a href=\"https:\/\/www.pedagogia.it\/stripes\/prodotto\/laboratorio-di-mindfulness-6-11-anni\/\" target=\"_self\">Laboratorio di Mindfulness (6-11 anni)<\/a><\/h3><\/div><\/div>\n\t\t\t\t\t\t\t<\/div><\/div><\/div><div class=\"tmb tmb-woocommerce enhanced-atc atc-typography-inherit tmb-iso-w2 tmb-iso-h4 tmb-light tmb-overlay-text-anim tmb-overlay-anim tmb-content-left tmb-image-anim tmb-bordered  grid-cat-453 tmb-id-20390 tmb-content-under tmb-media-first tmb-no-bg\" ><div class=\"t-inside no-anim\" ><div class=\"t-entry-visual\"><div class=\"t-entry-visual-tc\"><div class=\"t-entry-visual-cont\"><div class=\"dummy\" style=\"padding-top: 100%;\"><\/div><a role=\"button\" tabindex=\"-1\" href=\"https:\/\/www.pedagogia.it\/stripes\/prodotto\/laboratorio-di-mindfulness-adulti-e-giovani-a-partire-da-18-anni\/\" class=\"pushed\" target=\"_self\" data-lb-index=\"4\"><div class=\"t-entry-visual-overlay\"><div class=\"t-entry-visual-overlay-in style-dark-bg\" style=\"opacity: 0.5;\"><\/div><\/div><img decoding=\"async\" class=\"wp-image-20386\" src=\"https:\/\/www.pedagogia.it\/stripes\/wp-content\/uploads\/sites\/7\/2023\/09\/PDP_laboratori.jpg\" width=\"400\" height=\"400\" alt=\"\" srcset=\"https:\/\/www.pedagogia.it\/stripes\/wp-content\/uploads\/sites\/7\/2023\/09\/PDP_laboratori.jpg 400w, https:\/\/www.pedagogia.it\/stripes\/wp-content\/uploads\/sites\/7\/2023\/09\/PDP_laboratori-300x300.jpg 300w, https:\/\/www.pedagogia.it\/stripes\/wp-content\/uploads\/sites\/7\/2023\/09\/PDP_laboratori-150x150.jpg 150w, https:\/\/www.pedagogia.it\/stripes\/wp-content\/uploads\/sites\/7\/2023\/09\/PDP_laboratori-350x350.jpg 350w, https:\/\/www.pedagogia.it\/stripes\/wp-content\/uploads\/sites\/7\/2023\/09\/PDP_laboratori-348x348.jpg 348w, https:\/\/www.pedagogia.it\/stripes\/wp-content\/uploads\/sites\/7\/2023\/09\/PDP_laboratori-100x100.jpg 100w, https:\/\/www.pedagogia.it\/stripes\/wp-content\/uploads\/sites\/7\/2023\/09\/PDP_laboratori-60x60.jpg 60w, https:\/\/www.pedagogia.it\/stripes\/wp-content\/uploads\/sites\/7\/2023\/09\/PDP_laboratori-90x90.jpg 90w\" sizes=\"(max-width: 400px) 100vw, 400px\" \/><\/a><div class=\"add-to-cart-overlay\"><a href=\"https:\/\/www.pedagogia.it\/stripes\/prodotto\/laboratorio-di-mindfulness-adulti-e-giovani-a-partire-da-18-anni\/\" aria-describedby=\"woocommerce_loop_add_to_cart_link_describedby_20390\" data-quantity=\"1\" class=\"product_type_simple add_to_cart_button product_button_loop\" data-product_id=\"20390\" data-product_sku=\"\" aria-label=\"Aggiungi al carrello: &quot;Laboratorio di Mindfulness (ADULTI e GIOVANI  A PARTIRE DA 18 ANNI)&quot;\" rel=\"nofollow\" data-success_message=\"&quot;Laboratorio di Mindfulness (ADULTI e GIOVANI  A PARTIRE DA 18 ANNI)&quot; \u00e8 stato aggiunto al tuo carrello\"><span class=\"add_to_cart_text\">Select options<\/span><span class=\"view-cart added_to_cart\"><\/span><\/a>\n\t<span id=\"woocommerce_loop_add_to_cart_link_describedby_20390\" class=\"screen-reader-text\">\n\t\t\t<\/span>\n<\/div><\/div>\n\t\t\t\t\t<\/div>\n\t\t\t\t<\/div><div class=\"t-entry-text\">\n\t\t\t\t\t\t\t\t\t<div class=\"t-entry-text-tc single-block-padding\"><div class=\"t-entry\"><h3 class=\"t-entry-title h6 title-scale \"><a href=\"https:\/\/www.pedagogia.it\/stripes\/prodotto\/laboratorio-di-mindfulness-adulti-e-giovani-a-partire-da-18-anni\/\" target=\"_self\">Laboratorio di Mindfulness (ADULTI e GIOVANI  A PARTIRE DA 18 ANNI)<\/a><\/h3><\/div><\/div>\n\t\t\t\t\t\t\t<\/div><\/div><\/div>\t\t<\/div>\t\n\t\n\n\t<\/div>\t\t\t\t<\/div>\n<div class=\"vc_custom_heading_wrap \"><div class=\"heading-text el-text\" ><h2 class=\"h2\" ><span><strong>SABATO 30 SETTEMBRE 2023<\/strong><\/span><\/h2><\/div><div class=\"clear\"><\/div><\/div><div id=\"index-1064334\" class=\"isotope-system isotope-general-light grid-general-light\" >\n\t\t\t\n\t\t\t\t\t\t\t\t\t\t\t\t\t\t<div class=\"isotope-wrapper grid-wrapper single-gutter\" >\t\t\t\t\t\t\t\t\t\t\t\t<div class=\"isotope-container grid-container isotope-layout style-masonry isotope-pagination grid-pagination\" data-type=\"masonry\" data-layout=\"masonry\" data-lg=\"1000\" data-md=\"600\" data-sm=\"480\" data-vp-height=\"\">\t\t\t<div class=\"tmb tmb-woocommerce enhanced-atc atc-typography-inherit tmb-iso-w2 tmb-iso-h4 tmb-light tmb-overlay-text-anim tmb-overlay-anim tmb-content-left tmb-image-anim tmb-bordered  grid-cat-453 tmb-id-20392 tmb-content-under tmb-media-first tmb-no-bg\" ><div class=\"t-inside no-anim\" ><div class=\"t-entry-visual\"><div class=\"t-entry-visual-tc\"><div class=\"t-entry-visual-cont\"><div class=\"dummy\" style=\"padding-top: 100%;\"><\/div><a role=\"button\" tabindex=\"-1\" href=\"https:\/\/www.pedagogia.it\/stripes\/prodotto\/laboratorio-di-approccio-allo-studio-strategicamente-6-10-anni\/\" class=\"pushed\" target=\"_self\" data-lb-index=\"0\"><div class=\"t-entry-visual-overlay\"><div class=\"t-entry-visual-overlay-in style-dark-bg\" style=\"opacity: 0.5;\"><\/div><\/div><img decoding=\"async\" class=\"wp-image-20386\" src=\"https:\/\/www.pedagogia.it\/stripes\/wp-content\/uploads\/sites\/7\/2023\/09\/PDP_laboratori.jpg\" width=\"400\" height=\"400\" alt=\"\" srcset=\"https:\/\/www.pedagogia.it\/stripes\/wp-content\/uploads\/sites\/7\/2023\/09\/PDP_laboratori.jpg 400w, https:\/\/www.pedagogia.it\/stripes\/wp-content\/uploads\/sites\/7\/2023\/09\/PDP_laboratori-300x300.jpg 300w, https:\/\/www.pedagogia.it\/stripes\/wp-content\/uploads\/sites\/7\/2023\/09\/PDP_laboratori-150x150.jpg 150w, https:\/\/www.pedagogia.it\/stripes\/wp-content\/uploads\/sites\/7\/2023\/09\/PDP_laboratori-350x350.jpg 350w, https:\/\/www.pedagogia.it\/stripes\/wp-content\/uploads\/sites\/7\/2023\/09\/PDP_laboratori-348x348.jpg 348w, https:\/\/www.pedagogia.it\/stripes\/wp-content\/uploads\/sites\/7\/2023\/09\/PDP_laboratori-100x100.jpg 100w, https:\/\/www.pedagogia.it\/stripes\/wp-content\/uploads\/sites\/7\/2023\/09\/PDP_laboratori-60x60.jpg 60w, https:\/\/www.pedagogia.it\/stripes\/wp-content\/uploads\/sites\/7\/2023\/09\/PDP_laboratori-90x90.jpg 90w\" sizes=\"(max-width: 400px) 100vw, 400px\" \/><\/a><div class=\"add-to-cart-overlay\"><a href=\"https:\/\/www.pedagogia.it\/stripes\/prodotto\/laboratorio-di-approccio-allo-studio-strategicamente-6-10-anni\/\" aria-describedby=\"woocommerce_loop_add_to_cart_link_describedby_20392\" data-quantity=\"1\" class=\"product_type_simple add_to_cart_button product_button_loop\" data-product_id=\"20392\" data-product_sku=\"\" aria-label=\"Aggiungi al carrello: &quot;Laboratorio di approccio allo studio Strategica\u2026mente (6-10 anni)&quot;\" rel=\"nofollow\" data-success_message=\"&quot;Laboratorio di approccio allo studio Strategica\u2026mente (6-10 anni)&quot; \u00e8 stato aggiunto al tuo carrello\"><span class=\"add_to_cart_text\">Select options<\/span><span class=\"view-cart added_to_cart\"><\/span><\/a>\n\t<span id=\"woocommerce_loop_add_to_cart_link_describedby_20392\" class=\"screen-reader-text\">\n\t\t\t<\/span>\n<\/div><\/div>\n\t\t\t\t\t<\/div>\n\t\t\t\t<\/div><div class=\"t-entry-text\">\n\t\t\t\t\t\t\t\t\t<div class=\"t-entry-text-tc single-block-padding\"><div class=\"t-entry\"><h3 class=\"t-entry-title h6 title-scale \"><a href=\"https:\/\/www.pedagogia.it\/stripes\/prodotto\/laboratorio-di-approccio-allo-studio-strategicamente-6-10-anni\/\" target=\"_self\">Laboratorio di approccio allo studio Strategica\u2026mente (6-10 anni)<\/a><\/h3><\/div><\/div>\n\t\t\t\t\t\t\t<\/div><\/div><\/div><div class=\"tmb tmb-woocommerce enhanced-atc atc-typography-inherit tmb-iso-w2 tmb-iso-h4 tmb-light tmb-overlay-text-anim tmb-overlay-anim tmb-content-left tmb-image-anim tmb-bordered  grid-cat-453 tmb-id-20393 tmb-content-under tmb-media-first tmb-no-bg\" ><div class=\"t-inside no-anim\" ><div class=\"t-entry-visual\"><div class=\"t-entry-visual-tc\"><div class=\"t-entry-visual-cont\"><div class=\"dummy\" style=\"padding-top: 100%;\"><\/div><a role=\"button\" tabindex=\"-1\" href=\"https:\/\/www.pedagogia.it\/stripes\/prodotto\/laboratorio-di-approccio-allo-studio-strategicamente-11-14-anni\/\" class=\"pushed\" target=\"_self\" data-lb-index=\"1\"><div class=\"t-entry-visual-overlay\"><div class=\"t-entry-visual-overlay-in style-dark-bg\" style=\"opacity: 0.5;\"><\/div><\/div><img decoding=\"async\" class=\"wp-image-20386\" src=\"https:\/\/www.pedagogia.it\/stripes\/wp-content\/uploads\/sites\/7\/2023\/09\/PDP_laboratori.jpg\" width=\"400\" height=\"400\" alt=\"\" srcset=\"https:\/\/www.pedagogia.it\/stripes\/wp-content\/uploads\/sites\/7\/2023\/09\/PDP_laboratori.jpg 400w, https:\/\/www.pedagogia.it\/stripes\/wp-content\/uploads\/sites\/7\/2023\/09\/PDP_laboratori-300x300.jpg 300w, https:\/\/www.pedagogia.it\/stripes\/wp-content\/uploads\/sites\/7\/2023\/09\/PDP_laboratori-150x150.jpg 150w, https:\/\/www.pedagogia.it\/stripes\/wp-content\/uploads\/sites\/7\/2023\/09\/PDP_laboratori-350x350.jpg 350w, https:\/\/www.pedagogia.it\/stripes\/wp-content\/uploads\/sites\/7\/2023\/09\/PDP_laboratori-348x348.jpg 348w, https:\/\/www.pedagogia.it\/stripes\/wp-content\/uploads\/sites\/7\/2023\/09\/PDP_laboratori-100x100.jpg 100w, https:\/\/www.pedagogia.it\/stripes\/wp-content\/uploads\/sites\/7\/2023\/09\/PDP_laboratori-60x60.jpg 60w, https:\/\/www.pedagogia.it\/stripes\/wp-content\/uploads\/sites\/7\/2023\/09\/PDP_laboratori-90x90.jpg 90w\" sizes=\"(max-width: 400px) 100vw, 400px\" \/><\/a><div class=\"add-to-cart-overlay\"><a href=\"https:\/\/www.pedagogia.it\/stripes\/prodotto\/laboratorio-di-approccio-allo-studio-strategicamente-11-14-anni\/\" aria-describedby=\"woocommerce_loop_add_to_cart_link_describedby_20393\" data-quantity=\"1\" class=\"product_type_simple add_to_cart_button product_button_loop\" data-product_id=\"20393\" data-product_sku=\"\" aria-label=\"Aggiungi al carrello: &quot;Laboratorio di approccio allo studio Strategica\u2026mente (11-14 anni)&quot;\" rel=\"nofollow\" data-success_message=\"&quot;Laboratorio di approccio allo studio Strategica\u2026mente (11-14 anni)&quot; \u00e8 stato aggiunto al tuo carrello\"><span class=\"add_to_cart_text\">Select options<\/span><span class=\"view-cart added_to_cart\"><\/span><\/a>\n\t<span id=\"woocommerce_loop_add_to_cart_link_describedby_20393\" class=\"screen-reader-text\">\n\t\t\t<\/span>\n<\/div><\/div>\n\t\t\t\t\t<\/div>\n\t\t\t\t<\/div><div class=\"t-entry-text\">\n\t\t\t\t\t\t\t\t\t<div class=\"t-entry-text-tc single-block-padding\"><div class=\"t-entry\"><h3 class=\"t-entry-title h6 title-scale \"><a href=\"https:\/\/www.pedagogia.it\/stripes\/prodotto\/laboratorio-di-approccio-allo-studio-strategicamente-11-14-anni\/\" target=\"_self\">Laboratorio di approccio allo studio Strategica\u2026mente (11-14 anni)<\/a><\/h3><\/div><\/div>\n\t\t\t\t\t\t\t<\/div><\/div><\/div><div class=\"tmb tmb-woocommerce enhanced-atc atc-typography-inherit tmb-iso-w2 tmb-iso-h4 tmb-light tmb-overlay-text-anim tmb-overlay-anim tmb-content-left tmb-image-anim tmb-bordered  grid-cat-453 tmb-id-20394 tmb-content-under tmb-media-first tmb-no-bg\" ><div class=\"t-inside no-anim\" ><div class=\"t-entry-visual\"><div class=\"t-entry-visual-tc\"><div class=\"t-entry-visual-cont\"><div class=\"dummy\" style=\"padding-top: 100%;\"><\/div><a role=\"button\" tabindex=\"-1\" href=\"https:\/\/www.pedagogia.it\/stripes\/prodotto\/laboratorio-di-psicomotricita-5-6-anni\/\" class=\"pushed\" target=\"_self\" data-lb-index=\"2\"><div class=\"t-entry-visual-overlay\"><div class=\"t-entry-visual-overlay-in style-dark-bg\" style=\"opacity: 0.5;\"><\/div><\/div><img decoding=\"async\" class=\"wp-image-20386\" src=\"https:\/\/www.pedagogia.it\/stripes\/wp-content\/uploads\/sites\/7\/2023\/09\/PDP_laboratori.jpg\" width=\"400\" height=\"400\" alt=\"\" srcset=\"https:\/\/www.pedagogia.it\/stripes\/wp-content\/uploads\/sites\/7\/2023\/09\/PDP_laboratori.jpg 400w, https:\/\/www.pedagogia.it\/stripes\/wp-content\/uploads\/sites\/7\/2023\/09\/PDP_laboratori-300x300.jpg 300w, https:\/\/www.pedagogia.it\/stripes\/wp-content\/uploads\/sites\/7\/2023\/09\/PDP_laboratori-150x150.jpg 150w, https:\/\/www.pedagogia.it\/stripes\/wp-content\/uploads\/sites\/7\/2023\/09\/PDP_laboratori-350x350.jpg 350w, https:\/\/www.pedagogia.it\/stripes\/wp-content\/uploads\/sites\/7\/2023\/09\/PDP_laboratori-348x348.jpg 348w, https:\/\/www.pedagogia.it\/stripes\/wp-content\/uploads\/sites\/7\/2023\/09\/PDP_laboratori-100x100.jpg 100w, https:\/\/www.pedagogia.it\/stripes\/wp-content\/uploads\/sites\/7\/2023\/09\/PDP_laboratori-60x60.jpg 60w, https:\/\/www.pedagogia.it\/stripes\/wp-content\/uploads\/sites\/7\/2023\/09\/PDP_laboratori-90x90.jpg 90w\" sizes=\"(max-width: 400px) 100vw, 400px\" \/><\/a><div class=\"add-to-cart-overlay\"><a href=\"https:\/\/www.pedagogia.it\/stripes\/prodotto\/laboratorio-di-psicomotricita-5-6-anni\/\" aria-describedby=\"woocommerce_loop_add_to_cart_link_describedby_20394\" data-quantity=\"1\" class=\"product_type_simple add_to_cart_button product_button_loop\" data-product_id=\"20394\" data-product_sku=\"\" aria-label=\"Aggiungi al carrello: &quot;Laboratorio di Psicomotricit\u00e0 (5-6 anni)&quot;\" rel=\"nofollow\" data-success_message=\"&quot;Laboratorio di Psicomotricit\u00e0 (5-6 anni)&quot; \u00e8 stato aggiunto al tuo carrello\"><span class=\"add_to_cart_text\">Select options<\/span><span class=\"view-cart added_to_cart\"><\/span><\/a>\n\t<span id=\"woocommerce_loop_add_to_cart_link_describedby_20394\" class=\"screen-reader-text\">\n\t\t\t<\/span>\n<\/div><\/div>\n\t\t\t\t\t<\/div>\n\t\t\t\t<\/div><div class=\"t-entry-text\">\n\t\t\t\t\t\t\t\t\t<div class=\"t-entry-text-tc single-block-padding\"><div class=\"t-entry\"><h3 class=\"t-entry-title h6 title-scale \"><a href=\"https:\/\/www.pedagogia.it\/stripes\/prodotto\/laboratorio-di-psicomotricita-5-6-anni\/\" target=\"_self\">Laboratorio di Psicomotricit\u00e0 (5-6 anni)<\/a><\/h3><\/div><\/div>\n\t\t\t\t\t\t\t<\/div><\/div><\/div><div class=\"tmb tmb-woocommerce enhanced-atc atc-typography-inherit tmb-iso-w2 tmb-iso-h4 tmb-light tmb-overlay-text-anim tmb-overlay-anim tmb-content-left tmb-image-anim tmb-bordered  grid-cat-453 tmb-id-20395 tmb-content-under tmb-media-first tmb-no-bg\" ><div class=\"t-inside no-anim\" ><div class=\"t-entry-visual\"><div class=\"t-entry-visual-tc\"><div class=\"t-entry-visual-cont\"><div class=\"dummy\" style=\"padding-top: 100%;\"><\/div><a role=\"button\" tabindex=\"-1\" href=\"https:\/\/www.pedagogia.it\/stripes\/prodotto\/incontro-cose-la-psicomotricita\/\" class=\"pushed\" target=\"_self\" data-lb-index=\"3\"><div class=\"t-entry-visual-overlay\"><div class=\"t-entry-visual-overlay-in style-dark-bg\" style=\"opacity: 0.5;\"><\/div><\/div><img decoding=\"async\" class=\"wp-image-20385\" src=\"https:\/\/www.pedagogia.it\/stripes\/wp-content\/uploads\/sites\/7\/2023\/09\/PDP_Incontri.jpg\" width=\"400\" height=\"400\" alt=\"\" srcset=\"https:\/\/www.pedagogia.it\/stripes\/wp-content\/uploads\/sites\/7\/2023\/09\/PDP_Incontri.jpg 400w, https:\/\/www.pedagogia.it\/stripes\/wp-content\/uploads\/sites\/7\/2023\/09\/PDP_Incontri-300x300.jpg 300w, https:\/\/www.pedagogia.it\/stripes\/wp-content\/uploads\/sites\/7\/2023\/09\/PDP_Incontri-150x150.jpg 150w, https:\/\/www.pedagogia.it\/stripes\/wp-content\/uploads\/sites\/7\/2023\/09\/PDP_Incontri-350x350.jpg 350w, https:\/\/www.pedagogia.it\/stripes\/wp-content\/uploads\/sites\/7\/2023\/09\/PDP_Incontri-348x348.jpg 348w, https:\/\/www.pedagogia.it\/stripes\/wp-content\/uploads\/sites\/7\/2023\/09\/PDP_Incontri-100x100.jpg 100w, https:\/\/www.pedagogia.it\/stripes\/wp-content\/uploads\/sites\/7\/2023\/09\/PDP_Incontri-60x60.jpg 60w, https:\/\/www.pedagogia.it\/stripes\/wp-content\/uploads\/sites\/7\/2023\/09\/PDP_Incontri-90x90.jpg 90w\" sizes=\"(max-width: 400px) 100vw, 400px\" \/><\/a><div class=\"add-to-cart-overlay\"><a href=\"https:\/\/www.pedagogia.it\/stripes\/prodotto\/incontro-cose-la-psicomotricita\/\" aria-describedby=\"woocommerce_loop_add_to_cart_link_describedby_20395\" data-quantity=\"1\" class=\"product_type_simple add_to_cart_button product_button_loop\" data-product_id=\"20395\" data-product_sku=\"\" aria-label=\"Aggiungi al carrello: &quot;Incontro Cos\u2019\u00e8 la Psicomotricit\u00e0&quot;\" rel=\"nofollow\" data-success_message=\"&quot;Incontro Cos\u2019\u00e8 la Psicomotricit\u00e0&quot; \u00e8 stato aggiunto al tuo carrello\"><span class=\"add_to_cart_text\">Select options<\/span><span class=\"view-cart added_to_cart\"><\/span><\/a>\n\t<span id=\"woocommerce_loop_add_to_cart_link_describedby_20395\" class=\"screen-reader-text\">\n\t\t\t<\/span>\n<\/div><\/div>\n\t\t\t\t\t<\/div>\n\t\t\t\t<\/div><div class=\"t-entry-text\">\n\t\t\t\t\t\t\t\t\t<div class=\"t-entry-text-tc single-block-padding\"><div class=\"t-entry\"><h3 class=\"t-entry-title h6 title-scale \"><a href=\"https:\/\/www.pedagogia.it\/stripes\/prodotto\/incontro-cose-la-psicomotricita\/\" target=\"_self\">Incontro Cos\u2019\u00e8 la Psicomotricit\u00e0<\/a><\/h3><\/div><\/div>\n\t\t\t\t\t\t\t<\/div><\/div><\/div><div class=\"tmb tmb-woocommerce enhanced-atc atc-typography-inherit tmb-iso-w2 tmb-iso-h4 tmb-light tmb-overlay-text-anim tmb-overlay-anim tmb-content-left tmb-image-anim tmb-bordered  grid-cat-453 tmb-id-20396 tmb-content-under tmb-media-first tmb-no-bg\" ><div class=\"t-inside no-anim\" ><div class=\"t-entry-visual\"><div class=\"t-entry-visual-tc\"><div class=\"t-entry-visual-cont\"><div class=\"dummy\" style=\"padding-top: 100%;\"><\/div><a role=\"button\" tabindex=\"-1\" href=\"https:\/\/www.pedagogia.it\/stripes\/prodotto\/laboratorio-di-cianotipia-blu-come-il-sole-11-14-anni\/\" class=\"pushed\" target=\"_self\" data-lb-index=\"4\"><div class=\"t-entry-visual-overlay\"><div class=\"t-entry-visual-overlay-in style-dark-bg\" style=\"opacity: 0.5;\"><\/div><\/div><img decoding=\"async\" class=\"wp-image-20386\" src=\"https:\/\/www.pedagogia.it\/stripes\/wp-content\/uploads\/sites\/7\/2023\/09\/PDP_laboratori.jpg\" width=\"400\" height=\"400\" alt=\"\" srcset=\"https:\/\/www.pedagogia.it\/stripes\/wp-content\/uploads\/sites\/7\/2023\/09\/PDP_laboratori.jpg 400w, https:\/\/www.pedagogia.it\/stripes\/wp-content\/uploads\/sites\/7\/2023\/09\/PDP_laboratori-300x300.jpg 300w, https:\/\/www.pedagogia.it\/stripes\/wp-content\/uploads\/sites\/7\/2023\/09\/PDP_laboratori-150x150.jpg 150w, https:\/\/www.pedagogia.it\/stripes\/wp-content\/uploads\/sites\/7\/2023\/09\/PDP_laboratori-350x350.jpg 350w, https:\/\/www.pedagogia.it\/stripes\/wp-content\/uploads\/sites\/7\/2023\/09\/PDP_laboratori-348x348.jpg 348w, https:\/\/www.pedagogia.it\/stripes\/wp-content\/uploads\/sites\/7\/2023\/09\/PDP_laboratori-100x100.jpg 100w, https:\/\/www.pedagogia.it\/stripes\/wp-content\/uploads\/sites\/7\/2023\/09\/PDP_laboratori-60x60.jpg 60w, https:\/\/www.pedagogia.it\/stripes\/wp-content\/uploads\/sites\/7\/2023\/09\/PDP_laboratori-90x90.jpg 90w\" sizes=\"(max-width: 400px) 100vw, 400px\" \/><\/a><div class=\"add-to-cart-overlay\"><a href=\"https:\/\/www.pedagogia.it\/stripes\/prodotto\/laboratorio-di-cianotipia-blu-come-il-sole-11-14-anni\/\" aria-describedby=\"woocommerce_loop_add_to_cart_link_describedby_20396\" data-quantity=\"1\" class=\"product_type_simple add_to_cart_button product_button_loop\" data-product_id=\"20396\" data-product_sku=\"\" aria-label=\"Aggiungi al carrello: &quot;Laboratorio di cianotipia Blu come il sole (11-14 anni)&quot;\" rel=\"nofollow\" data-success_message=\"&quot;Laboratorio di cianotipia Blu come il sole (11-14 anni)&quot; \u00e8 stato aggiunto al tuo carrello\"><span class=\"add_to_cart_text\">Select options<\/span><span class=\"view-cart added_to_cart\"><\/span><\/a>\n\t<span id=\"woocommerce_loop_add_to_cart_link_describedby_20396\" class=\"screen-reader-text\">\n\t\t\t<\/span>\n<\/div><\/div>\n\t\t\t\t\t<\/div>\n\t\t\t\t<\/div><div class=\"t-entry-text\">\n\t\t\t\t\t\t\t\t\t<div class=\"t-entry-text-tc single-block-padding\"><div class=\"t-entry\"><h3 class=\"t-entry-title h6 title-scale \"><a href=\"https:\/\/www.pedagogia.it\/stripes\/prodotto\/laboratorio-di-cianotipia-blu-come-il-sole-11-14-anni\/\" target=\"_self\">Laboratorio di cianotipia Blu come il sole (11-14 anni)<\/a><\/h3><\/div><\/div>\n\t\t\t\t\t\t\t<\/div><\/div><\/div><div class=\"tmb tmb-woocommerce enhanced-atc atc-typography-inherit tmb-iso-w2 tmb-iso-h4 tmb-light tmb-overlay-text-anim tmb-overlay-anim tmb-content-left tmb-image-anim tmb-bordered  grid-cat-453 tmb-id-20397 tmb-content-under tmb-media-first tmb-no-bg\" ><div class=\"t-inside no-anim\" ><div class=\"t-entry-visual\"><div class=\"t-entry-visual-tc\"><div class=\"t-entry-visual-cont\"><div class=\"dummy\" style=\"padding-top: 100%;\"><\/div><a role=\"button\" tabindex=\"-1\" href=\"https:\/\/www.pedagogia.it\/stripes\/prodotto\/laboratorio-di-cianotipia-blu-come-il-sole-15-18-anni\/\" class=\"pushed\" target=\"_self\" data-lb-index=\"5\"><div class=\"t-entry-visual-overlay\"><div class=\"t-entry-visual-overlay-in style-dark-bg\" style=\"opacity: 0.5;\"><\/div><\/div><img decoding=\"async\" class=\"wp-image-20386\" src=\"https:\/\/www.pedagogia.it\/stripes\/wp-content\/uploads\/sites\/7\/2023\/09\/PDP_laboratori.jpg\" width=\"400\" height=\"400\" alt=\"\" srcset=\"https:\/\/www.pedagogia.it\/stripes\/wp-content\/uploads\/sites\/7\/2023\/09\/PDP_laboratori.jpg 400w, https:\/\/www.pedagogia.it\/stripes\/wp-content\/uploads\/sites\/7\/2023\/09\/PDP_laboratori-300x300.jpg 300w, https:\/\/www.pedagogia.it\/stripes\/wp-content\/uploads\/sites\/7\/2023\/09\/PDP_laboratori-150x150.jpg 150w, https:\/\/www.pedagogia.it\/stripes\/wp-content\/uploads\/sites\/7\/2023\/09\/PDP_laboratori-350x350.jpg 350w, https:\/\/www.pedagogia.it\/stripes\/wp-content\/uploads\/sites\/7\/2023\/09\/PDP_laboratori-348x348.jpg 348w, https:\/\/www.pedagogia.it\/stripes\/wp-content\/uploads\/sites\/7\/2023\/09\/PDP_laboratori-100x100.jpg 100w, https:\/\/www.pedagogia.it\/stripes\/wp-content\/uploads\/sites\/7\/2023\/09\/PDP_laboratori-60x60.jpg 60w, https:\/\/www.pedagogia.it\/stripes\/wp-content\/uploads\/sites\/7\/2023\/09\/PDP_laboratori-90x90.jpg 90w\" sizes=\"(max-width: 400px) 100vw, 400px\" \/><\/a><div class=\"add-to-cart-overlay\"><a href=\"https:\/\/www.pedagogia.it\/stripes\/prodotto\/laboratorio-di-cianotipia-blu-come-il-sole-15-18-anni\/\" aria-describedby=\"woocommerce_loop_add_to_cart_link_describedby_20397\" data-quantity=\"1\" class=\"product_type_simple add_to_cart_button product_button_loop\" data-product_id=\"20397\" data-product_sku=\"\" aria-label=\"Aggiungi al carrello: &quot;Laboratorio di cianotipia Blu come il sole (15-18 anni)&quot;\" rel=\"nofollow\" data-success_message=\"&quot;Laboratorio di cianotipia Blu come il sole (15-18 anni)&quot; \u00e8 stato aggiunto al tuo carrello\"><span class=\"add_to_cart_text\">Select options<\/span><span class=\"view-cart added_to_cart\"><\/span><\/a>\n\t<span id=\"woocommerce_loop_add_to_cart_link_describedby_20397\" class=\"screen-reader-text\">\n\t\t\t<\/span>\n<\/div><\/div>\n\t\t\t\t\t<\/div>\n\t\t\t\t<\/div><div class=\"t-entry-text\">\n\t\t\t\t\t\t\t\t\t<div class=\"t-entry-text-tc single-block-padding\"><div class=\"t-entry\"><h3 class=\"t-entry-title h6 title-scale \"><a href=\"https:\/\/www.pedagogia.it\/stripes\/prodotto\/laboratorio-di-cianotipia-blu-come-il-sole-15-18-anni\/\" target=\"_self\">Laboratorio di cianotipia Blu come il sole (15-18 anni)<\/a><\/h3><\/div><\/div>\n\t\t\t\t\t\t\t<\/div><\/div><\/div><div class=\"tmb tmb-woocommerce enhanced-atc atc-typography-inherit tmb-iso-w2 tmb-iso-h4 tmb-light tmb-overlay-text-anim tmb-overlay-anim tmb-content-left tmb-image-anim tmb-bordered  grid-cat-453 tmb-id-20398 tmb-content-under tmb-media-first tmb-no-bg\" ><div class=\"t-inside no-anim\" ><div class=\"t-entry-visual\"><div class=\"t-entry-visual-tc\"><div class=\"t-entry-visual-cont\"><div class=\"dummy\" style=\"padding-top: 100%;\"><\/div><a role=\"button\" tabindex=\"-1\" href=\"https:\/\/www.pedagogia.it\/stripes\/prodotto\/laboratorio-di-musica-come-suona-la-natura-1-3-anni\/\" class=\"pushed\" target=\"_self\" data-lb-index=\"6\"><div class=\"t-entry-visual-overlay\"><div class=\"t-entry-visual-overlay-in style-dark-bg\" style=\"opacity: 0.5;\"><\/div><\/div><img decoding=\"async\" class=\"wp-image-20386\" src=\"https:\/\/www.pedagogia.it\/stripes\/wp-content\/uploads\/sites\/7\/2023\/09\/PDP_laboratori.jpg\" width=\"400\" height=\"400\" alt=\"\" srcset=\"https:\/\/www.pedagogia.it\/stripes\/wp-content\/uploads\/sites\/7\/2023\/09\/PDP_laboratori.jpg 400w, https:\/\/www.pedagogia.it\/stripes\/wp-content\/uploads\/sites\/7\/2023\/09\/PDP_laboratori-300x300.jpg 300w, https:\/\/www.pedagogia.it\/stripes\/wp-content\/uploads\/sites\/7\/2023\/09\/PDP_laboratori-150x150.jpg 150w, https:\/\/www.pedagogia.it\/stripes\/wp-content\/uploads\/sites\/7\/2023\/09\/PDP_laboratori-350x350.jpg 350w, https:\/\/www.pedagogia.it\/stripes\/wp-content\/uploads\/sites\/7\/2023\/09\/PDP_laboratori-348x348.jpg 348w, https:\/\/www.pedagogia.it\/stripes\/wp-content\/uploads\/sites\/7\/2023\/09\/PDP_laboratori-100x100.jpg 100w, https:\/\/www.pedagogia.it\/stripes\/wp-content\/uploads\/sites\/7\/2023\/09\/PDP_laboratori-60x60.jpg 60w, https:\/\/www.pedagogia.it\/stripes\/wp-content\/uploads\/sites\/7\/2023\/09\/PDP_laboratori-90x90.jpg 90w\" sizes=\"(max-width: 400px) 100vw, 400px\" \/><\/a><div class=\"add-to-cart-overlay\"><a href=\"https:\/\/www.pedagogia.it\/stripes\/prodotto\/laboratorio-di-musica-come-suona-la-natura-1-3-anni\/\" aria-describedby=\"woocommerce_loop_add_to_cart_link_describedby_20398\" data-quantity=\"1\" class=\"product_type_simple product_button_loop\" data-product_id=\"20398\" data-product_sku=\"\" aria-label=\"Leggi di pi\u00f9 su &quot;Laboratorio di musica Come suona la Natura (1-3 anni)&quot;\" rel=\"nofollow\" data-success_message=\"\"><span class=\"add_to_cart_text\">Select options<\/span><span class=\"view-cart added_to_cart\"><\/span><\/a>\n\t<span id=\"woocommerce_loop_add_to_cart_link_describedby_20398\" class=\"screen-reader-text\">\n\t\t\t<\/span>\n<\/div><\/div>\n\t\t\t\t\t<\/div>\n\t\t\t\t<\/div><div class=\"t-entry-text\">\n\t\t\t\t\t\t\t\t\t<div class=\"t-entry-text-tc single-block-padding\"><div class=\"t-entry\"><h3 class=\"t-entry-title h6 title-scale \"><a href=\"https:\/\/www.pedagogia.it\/stripes\/prodotto\/laboratorio-di-musica-come-suona-la-natura-1-3-anni\/\" target=\"_self\">Laboratorio di musica Come suona la Natura (1-3 anni)<\/a><\/h3><\/div><\/div>\n\t\t\t\t\t\t\t<\/div><\/div><\/div><div class=\"tmb tmb-woocommerce enhanced-atc atc-typography-inherit tmb-iso-w2 tmb-iso-h4 tmb-light tmb-overlay-text-anim tmb-overlay-anim tmb-content-left tmb-image-anim tmb-bordered  grid-cat-453 tmb-id-20399 tmb-content-under tmb-media-first tmb-no-bg\" ><div class=\"t-inside no-anim\" ><div class=\"t-entry-visual\"><div class=\"t-entry-visual-tc\"><div class=\"t-entry-visual-cont\"><div class=\"dummy\" style=\"padding-top: 100%;\"><\/div><a role=\"button\" tabindex=\"-1\" href=\"https:\/\/www.pedagogia.it\/stripes\/prodotto\/laboratorio-di-musica-come-suona-la-natura-4-6-anni\/\" class=\"pushed\" target=\"_self\" data-lb-index=\"7\"><div class=\"t-entry-visual-overlay\"><div class=\"t-entry-visual-overlay-in style-dark-bg\" style=\"opacity: 0.5;\"><\/div><\/div><img decoding=\"async\" class=\"wp-image-20386\" src=\"https:\/\/www.pedagogia.it\/stripes\/wp-content\/uploads\/sites\/7\/2023\/09\/PDP_laboratori.jpg\" width=\"400\" height=\"400\" alt=\"\" srcset=\"https:\/\/www.pedagogia.it\/stripes\/wp-content\/uploads\/sites\/7\/2023\/09\/PDP_laboratori.jpg 400w, https:\/\/www.pedagogia.it\/stripes\/wp-content\/uploads\/sites\/7\/2023\/09\/PDP_laboratori-300x300.jpg 300w, https:\/\/www.pedagogia.it\/stripes\/wp-content\/uploads\/sites\/7\/2023\/09\/PDP_laboratori-150x150.jpg 150w, https:\/\/www.pedagogia.it\/stripes\/wp-content\/uploads\/sites\/7\/2023\/09\/PDP_laboratori-350x350.jpg 350w, https:\/\/www.pedagogia.it\/stripes\/wp-content\/uploads\/sites\/7\/2023\/09\/PDP_laboratori-348x348.jpg 348w, https:\/\/www.pedagogia.it\/stripes\/wp-content\/uploads\/sites\/7\/2023\/09\/PDP_laboratori-100x100.jpg 100w, https:\/\/www.pedagogia.it\/stripes\/wp-content\/uploads\/sites\/7\/2023\/09\/PDP_laboratori-60x60.jpg 60w, https:\/\/www.pedagogia.it\/stripes\/wp-content\/uploads\/sites\/7\/2023\/09\/PDP_laboratori-90x90.jpg 90w\" sizes=\"(max-width: 400px) 100vw, 400px\" \/><\/a><div class=\"add-to-cart-overlay\"><a href=\"https:\/\/www.pedagogia.it\/stripes\/prodotto\/laboratorio-di-musica-come-suona-la-natura-4-6-anni\/\" aria-describedby=\"woocommerce_loop_add_to_cart_link_describedby_20399\" data-quantity=\"1\" class=\"product_type_simple add_to_cart_button product_button_loop\" data-product_id=\"20399\" data-product_sku=\"\" aria-label=\"Aggiungi al carrello: &quot;Laboratorio di musica Come suona la Natura (4-6 anni)&quot;\" rel=\"nofollow\" data-success_message=\"&quot;Laboratorio di musica Come suona la Natura (4-6 anni)&quot; \u00e8 stato aggiunto al tuo carrello\"><span class=\"add_to_cart_text\">Select options<\/span><span class=\"view-cart added_to_cart\"><\/span><\/a>\n\t<span id=\"woocommerce_loop_add_to_cart_link_describedby_20399\" class=\"screen-reader-text\">\n\t\t\t<\/span>\n<\/div><\/div>\n\t\t\t\t\t<\/div>\n\t\t\t\t<\/div><div class=\"t-entry-text\">\n\t\t\t\t\t\t\t\t\t<div class=\"t-entry-text-tc single-block-padding\"><div class=\"t-entry\"><h3 class=\"t-entry-title h6 title-scale \"><a href=\"https:\/\/www.pedagogia.it\/stripes\/prodotto\/laboratorio-di-musica-come-suona-la-natura-4-6-anni\/\" target=\"_self\">Laboratorio di musica Come suona la Natura (4-6 anni)<\/a><\/h3><\/div><\/div>\n\t\t\t\t\t\t\t<\/div><\/div><\/div>\t\t<\/div>\t\n\t\n\n\t<\/div>\t\t\t\t<\/div>\n<\/div><\/div><\/div><\/div><\/div><div class=\"wpb_column pos-top pos-center align_left column_parent col-lg-4 boomapps_vccolumn single-internal-gutter\"><div class=\"uncol style-light\"  ><div class=\"uncoltable\"><div class=\"uncell  boomapps_vccolumn no-block-padding\" ><div class=\"uncont\" ><div class=\"uncode-single-media  text-left\"><div class=\"single-wrapper\" style=\"max-width: 100%;\"><div class=\"tmb tmb-light  tmb-media-first tmb-media-last tmb-content-overlay tmb-no-bg tmb-lightbox\"><div class=\"t-inside\"><div class=\"t-entry-visual\"><div class=\"t-entry-visual-tc\"><div class=\"uncode-single-media-wrapper\"><div class=\"dummy\" style=\"padding-top: 141.5%;\"><\/div><a href=\"https:\/\/www.pedagogia.it\/stripes\/wp-content\/uploads\/sites\/7\/2018\/05\/PDP_inaugurazione_2023_rev4.jpg\" class=\"pushed\" data-active=\"1\" data-lbox=\"ilightbox_single-20402\" data-options=\"width:1240,height:1754,thumbnail: 'https:\/\/www.pedagogia.it\/stripes\/wp-content\/uploads\/sites\/7\/2018\/05\/PDP_inaugurazione_2023_rev4-212x300.jpg'\"><img decoding=\"async\" class=\"wp-image-20402\" src=\"https:\/\/www.pedagogia.it\/stripes\/wp-content\/uploads\/sites\/7\/2018\/05\/PDP_inaugurazione_2023_rev4.jpg\" width=\"1240\" height=\"1754\" alt=\"\" srcset=\"https:\/\/www.pedagogia.it\/stripes\/wp-content\/uploads\/sites\/7\/2018\/05\/PDP_inaugurazione_2023_rev4.jpg 1240w, https:\/\/www.pedagogia.it\/stripes\/wp-content\/uploads\/sites\/7\/2018\/05\/PDP_inaugurazione_2023_rev4-212x300.jpg 212w, https:\/\/www.pedagogia.it\/stripes\/wp-content\/uploads\/sites\/7\/2018\/05\/PDP_inaugurazione_2023_rev4-724x1024.jpg 724w, https:\/\/www.pedagogia.it\/stripes\/wp-content\/uploads\/sites\/7\/2018\/05\/PDP_inaugurazione_2023_rev4-768x1086.jpg 768w, https:\/\/www.pedagogia.it\/stripes\/wp-content\/uploads\/sites\/7\/2018\/05\/PDP_inaugurazione_2023_rev4-1086x1536.jpg 1086w, https:\/\/www.pedagogia.it\/stripes\/wp-content\/uploads\/sites\/7\/2018\/05\/PDP_inaugurazione_2023_rev4-350x495.jpg 350w, https:\/\/www.pedagogia.it\/stripes\/wp-content\/uploads\/sites\/7\/2018\/05\/PDP_inaugurazione_2023_rev4-600x849.jpg 600w, https:\/\/www.pedagogia.it\/stripes\/wp-content\/uploads\/sites\/7\/2018\/05\/PDP_inaugurazione_2023_rev4-42x60.jpg 42w, https:\/\/www.pedagogia.it\/stripes\/wp-content\/uploads\/sites\/7\/2018\/05\/PDP_inaugurazione_2023_rev4-64x90.jpg 64w\" sizes=\"(max-width: 1240px) 100vw, 1240px\" \/><\/a><\/div>\n\t\t\t\t\t<\/div>\n\t\t\t\t<\/div><\/div><\/div><\/div><\/div><\/div><\/div><\/div><\/div><\/div><script id=\"script-row-unique-0\" data-row=\"script-row-unique-0\" type=\"text\/javascript\" class=\"vc_controls\">UNCODE.initRow(document.getElementById(\"row-unique-0\"));<\/script><\/div><\/div><\/div><div data-parent=\"true\" class=\"vc_row row-container boomapps_vcrow\" id=\"row-unique-1\"><div class=\"row limit-width row-parent\"><div class=\"wpb_row row-inner\"><div class=\"wpb_column pos-top pos-center align_left column_parent col-lg-8 boomapps_vccolumn single-internal-gutter\"><div class=\"uncol style-light\"  ><div class=\"uncoltable\"><div class=\"uncell  boomapps_vccolumn no-block-padding\" ><div class=\"uncont\" ><div class=\"vc_custom_heading_wrap \"><div class=\"heading-text el-text\" ><h2 class=\"h2\" ><span><span style=\"color: #38b1b4;font-size: 24pt\"><strong>IL POSTO DELLE PAROLE<\/strong><\/span><br \/><\/span><span>Centro di consulenza clinica e psico-pedagogica<\/span><\/h2><\/div><div class=\"clear\"><\/div><\/div><div class=\"uncode_text_column\" ><p><strong>Il Posto delle Parole<\/strong>, centro di consulenza clinica e psico-pedagogica, nasce dall\u2019esperienza pluriennale nei servizi alla persona della Cooperativa Sociale STRIPES.<br \/>\nIl Centro \u00e8 costituito da un\u2019equipe multiprofessionale che offre attivit\u00e0 psico-terapeutiche diagnostiche, formative e di consulenza. E\u2019 un luogo nel quale \u00e8 possibile affrontare differenti tematiche e forme di disagio in un clima di ascolto, incontro e sostegno. E\u2019 aperto a tutte le persone interessate di ogni fascia di et\u00e0.<\/p>\n<p><strong>Il Centro offre:<\/strong><\/p>\n<ul>\n<li>Consulenza psicologica e psicoterapia<\/li>\n<li>Consulenza pedagogica e supporto educativo<\/li>\n<li>Consulenza logopedica<\/li>\n<li>Consulenza neuropsicomotoria e psicomotoria<\/li>\n<li>Consulenza alla coppia<\/li>\n<li>Mediazione familiare<\/li>\n<li>Coordinazione genitoriale<\/li>\n<li>Consulenze e valutazioni con Neuropsichiatra Infantile e dell\u2019Adolescenza<\/li>\n<li>Consulenza psichiatrica<\/li>\n<li>Neuroepsicomotricit\u00e0 individuale e di gruppo<\/li>\n<li>Coordinazione Genitoriale<\/li>\n<\/ul>\n<p><strong>Il Centro propone anche:<\/strong><\/p>\n<ul>\n<li>Coaching<\/li>\n<li>Arteterapia<\/li>\n<li>Drammaterapia<\/li>\n<li>Musicoterapia<\/li>\n<li>Mindfullness e training autogeno<\/li>\n<li>Incontri formativi e culturali<\/li>\n<\/ul>\n<p>&nbsp;<\/p>\n<p><strong>L\u2019equipe degli operatori<\/strong> della coop. Soc. Stripes \u00e8 autorizzata da ATS citt\u00e0 metropolitana Milano<br \/>\n(per la regione Lombardia) per la valutazione, prima certificazione diagnostica e trattamento DSA<br \/>\n(Disturbi Specifici Apprendimento).<\/p>\n<p>Centro accreditato per i voucher di sostegno famiglie (Sercop) e i voucher di valutazione\/prima<br \/>\ncertificazione diagnostica DSA (Sercop \/ Comune di Rho).<br \/>\nL\u2019equipe degli operatori della coop. Soc. Stripes \u00e8 Ente erogatore di percorsi personalizzati in<br \/>\nfavore di preadolescenti, adolescenti e giovani in condizione di disagio e delle loro famiglie \u2013 #UP \u2013<br \/>\nPercorsi per crescere alla grande (Regione Lombardia).<\/p>\n<\/div><span class=\"btn-container\" ><a role=\"button\"  href=\"https:\/\/www.pedagogia.it\/stripes\/i-professionisti-dei-centri-di-consulenza-psicopedagogica\/\" class=\"custom-link btn border-width-0 btn-button_color-178616 btn-icon-left\" title=\"I PROFESSIONISTI DEI CENTRI DI CONSULENZA PSICOPEDAGOGICA\">Scopri tutti i professionisti<\/a><\/span><\/div><\/div><\/div><\/div><\/div><div class=\"wpb_column pos-top pos-center align_left column_parent col-lg-4 boomapps_vccolumn single-internal-gutter\"><div class=\"uncol style-light\"  ><div class=\"uncoltable\"><div class=\"uncell  boomapps_vccolumn single-block-padding style-color-gyho-bg has-bg\" ><div class=\"uncont\" ><div class=\"uncode-single-media  text-left\"><div class=\"single-wrapper\" style=\"max-width: 100%;\"><div class=\"tmb tmb-light  tmb-media-first tmb-media-last tmb-content-overlay tmb-no-bg\"><div class=\"t-inside\"><div class=\"t-entry-visual\"><div class=\"t-entry-visual-tc\"><div class=\"uncode-single-media-wrapper\"><img decoding=\"async\" class=\"wp-image-20410\" src=\"https:\/\/www.pedagogia.it\/stripes\/wp-content\/uploads\/sites\/7\/2018\/05\/LOGO_PDP_DEF.png\" width=\"1032\" height=\"429\" alt=\"\" srcset=\"https:\/\/www.pedagogia.it\/stripes\/wp-content\/uploads\/sites\/7\/2018\/05\/LOGO_PDP_DEF.png 1032w, https:\/\/www.pedagogia.it\/stripes\/wp-content\/uploads\/sites\/7\/2018\/05\/LOGO_PDP_DEF-300x125.png 300w, https:\/\/www.pedagogia.it\/stripes\/wp-content\/uploads\/sites\/7\/2018\/05\/LOGO_PDP_DEF-1024x426.png 1024w, https:\/\/www.pedagogia.it\/stripes\/wp-content\/uploads\/sites\/7\/2018\/05\/LOGO_PDP_DEF-768x319.png 768w, https:\/\/www.pedagogia.it\/stripes\/wp-content\/uploads\/sites\/7\/2018\/05\/LOGO_PDP_DEF-350x145.png 350w, https:\/\/www.pedagogia.it\/stripes\/wp-content\/uploads\/sites\/7\/2018\/05\/LOGO_PDP_DEF-600x249.png 600w, https:\/\/www.pedagogia.it\/stripes\/wp-content\/uploads\/sites\/7\/2018\/05\/LOGO_PDP_DEF-144x60.png 144w, https:\/\/www.pedagogia.it\/stripes\/wp-content\/uploads\/sites\/7\/2018\/05\/LOGO_PDP_DEF-217x90.png 217w\" sizes=\"(max-width: 1032px) 100vw, 1032px\" \/><\/div>\n\t\t\t\t\t<\/div>\n\t\t\t\t<\/div><\/div><\/div><\/div><\/div><span class=\"btn-container\" ><a role=\"button\"  href=\"https:\/\/www.pedagogia.it\/stripes\/wp-content\/uploads\/sites\/7\/2024\/03\/brochure-PdP_2023.pdf\" class=\"custom-link btn btn-lg border-width-0 btn-button_color-200914 btn-icon-left\" target=\"_blank\">Scarica la brochure<\/a><\/span><div class=\"uncode-single-media  text-left\"><div class=\"single-wrapper\" style=\"max-width: 100%;\"><a class=\"single-media-link\" href=\"https:\/\/www.facebook.com\/ilpostodelleparolerhovanzago\/\"><div class=\"tmb tmb-light  tmb-media-first tmb-media-last tmb-content-overlay tmb-no-bg\"><div class=\"t-inside\"><div class=\"t-entry-visual\"><div class=\"t-entry-visual-tc\"><div class=\"uncode-single-media-wrapper\"><img decoding=\"async\" class=\"wp-image-12005\" src=\"https:\/\/www.pedagogia.it\/stripes\/wp-content\/uploads\/sites\/7\/2021\/07\/logo-facebook.png\" width=\"408\" height=\"124\" alt=\"\" srcset=\"https:\/\/www.pedagogia.it\/stripes\/wp-content\/uploads\/sites\/7\/2021\/07\/logo-facebook.png 408w, https:\/\/www.pedagogia.it\/stripes\/wp-content\/uploads\/sites\/7\/2021\/07\/logo-facebook-300x91.png 300w\" sizes=\"(max-width: 408px) 100vw, 408px\" \/><\/div>\n\t\t\t\t\t<\/div>\n\t\t\t\t<\/div><\/div><\/div><\/a><\/div><\/div><div class=\"empty-space empty-double\" ><span class=\"empty-space-inner\"><\/span><\/div>\n<div class=\"uncode_text_column\" ><\/p>\n<p style=\"text-align: center;\"><span style=\"font-size: 24pt;\"><strong>LABORATORI 2025<\/strong><\/span><\/p>\n<p>\n<\/div><div class=\"uncode_text_column\" ><\/p>\n<p style=\"text-align: center\"><span style=\"font-size: 24pt;color: #38b1b4\">YOGA <\/span><strong>GENITORIALITA&#8217;<br \/>\n<\/strong>PSICOMOTRICITA&#8217; <span style=\"font-size: 14pt\"><span style=\"color: #38b1b4\">MINDFULNESS<\/span><br \/>\n<\/span><span style=\"font-size: 18pt;color: #38b1b4\">MUSICA <\/span><strong>SUPPORTO ALLO STUDIO<\/strong><\/p>\n<\/div><\/div><\/div><\/div><\/div><\/div><script id=\"script-row-unique-1\" data-row=\"script-row-unique-1\" type=\"text\/javascript\" class=\"vc_controls\">UNCODE.initRow(document.getElementById(\"row-unique-1\"));<\/script><\/div><\/div><\/div><div data-parent=\"true\" class=\"vc_row row-container boomapps_vcrow\" id=\"row-unique-2\"><div class=\"row limit-width row-parent\"><div class=\"wpb_row row-inner\"><div class=\"wpb_column pos-top pos-center align_left column_parent col-lg-12 boomapps_vccolumn single-internal-gutter\"><div class=\"uncol style-light\"  ><div class=\"uncoltable\"><div class=\"uncell  boomapps_vccolumn no-block-padding\" ><div class=\"uncont\" ><div class=\"un-media-gallery owl-carousel-wrapper\">\n\t\t\n\t\n\t<div class=\"owl-carousel-container owl-carousel-loading single-gutter\" >\n\t\t\t\t\t\t\t\t\t<div id=\"gallery-646480\" class=\"owl-carousel owl-element owl-height-auto\" data-navmobile=\"false\" data-navspeed=\"400\" data-autoplay=\"true\" data-timeout=\"3000\" data-stagepadding=\"0\" data-lg=\"4\" data-md=\"4\" data-sm=\"1\">\n<div class=\"tmb tmb-carousel tmb-iso-h4 tmb-light tmb-overlay-text-anim tmb-overlay-anim tmb-overlay-middle tmb-overlay-text-left tmb-image-anim tmb-bordered tmb-id-20435  tmb-img-ratio tmb-media-first tmb-media-last tmb-content-overlay tmb-no-bg tmb-lightbox\" ><div class=\"t-inside no-anim\" ><div class=\"t-entry-visual\"><div class=\"t-entry-visual-tc\"><div class=\"t-entry-visual-cont\"><div class=\"dummy\" style=\"padding-top: 100%;\"><\/div><a href=\"https:\/\/www.pedagogia.it\/stripes\/wp-content\/uploads\/sites\/7\/2018\/05\/377561212_820730469845404_6075894112977457455_n.jpg\"  class=\"pushed\" data-active=\"1\" data-lbox=\"ilightbox_gallery-646480\" data-options=\"width:2048,height:1365,thumbnail: 'https:\/\/www.pedagogia.it\/stripes\/wp-content\/uploads\/sites\/7\/2018\/05\/377561212_820730469845404_6075894112977457455_n-300x200.jpg'\" data-lb-index=\"0\"><div class=\"t-entry-visual-overlay\"><div class=\"t-entry-visual-overlay-in style-dark-bg\" style=\"opacity: 0.5;\"><\/div><\/div><img decoding=\"async\" class=\"wp-image-20435\" src=\"https:\/\/www.pedagogia.it\/stripes\/wp-content\/uploads\/sites\/7\/2018\/05\/377561212_820730469845404_6075894112977457455_n-uai-1365x1365.jpg\" width=\"1365\" height=\"1365\" alt=\"\" \/><\/a><\/div>\n\t\t\t\t\t<\/div>\n\t\t\t\t<\/div><\/div><\/div><div class=\"tmb tmb-carousel tmb-iso-h4 tmb-light tmb-overlay-text-anim tmb-overlay-anim tmb-overlay-middle tmb-overlay-text-left tmb-image-anim tmb-bordered tmb-id-21085  tmb-img-ratio tmb-media-first tmb-media-last tmb-content-overlay tmb-no-bg tmb-lightbox\" ><div class=\"t-inside no-anim\" ><div class=\"t-entry-visual\"><div class=\"t-entry-visual-tc\"><div class=\"t-entry-visual-cont\"><div class=\"dummy\" style=\"padding-top: 100%;\"><\/div><a href=\"https:\/\/www.pedagogia.it\/stripes\/wp-content\/uploads\/sites\/7\/2018\/05\/1-2.jpg\"  class=\"pushed\" data-active=\"1\" data-lbox=\"ilightbox_gallery-646480\" data-options=\"width:2048,height:1365,thumbnail: 'https:\/\/www.pedagogia.it\/stripes\/wp-content\/uploads\/sites\/7\/2018\/05\/1-2-300x200.jpg'\" data-lb-index=\"1\"><div class=\"t-entry-visual-overlay\"><div class=\"t-entry-visual-overlay-in style-dark-bg\" style=\"opacity: 0.5;\"><\/div><\/div><img decoding=\"async\" class=\"wp-image-21085\" src=\"https:\/\/www.pedagogia.it\/stripes\/wp-content\/uploads\/sites\/7\/2018\/05\/1-2-uai-1365x1365.jpg\" width=\"1365\" height=\"1365\" alt=\"\" \/><\/a><\/div>\n\t\t\t\t\t<\/div>\n\t\t\t\t<\/div><\/div><\/div><div class=\"tmb tmb-carousel tmb-iso-h4 tmb-light tmb-overlay-text-anim tmb-overlay-anim tmb-overlay-middle tmb-overlay-text-left tmb-image-anim tmb-bordered tmb-id-20436  tmb-img-ratio tmb-media-first tmb-media-last tmb-content-overlay tmb-no-bg tmb-lightbox\" ><div class=\"t-inside no-anim\" ><div class=\"t-entry-visual\"><div class=\"t-entry-visual-tc\"><div class=\"t-entry-visual-cont\"><div class=\"dummy\" style=\"padding-top: 100%;\"><\/div><a href=\"https:\/\/www.pedagogia.it\/stripes\/wp-content\/uploads\/sites\/7\/2018\/05\/378985512_820730406512077_1513083098775708391_n.jpg\"  class=\"pushed\" data-active=\"1\" data-lbox=\"ilightbox_gallery-646480\" data-options=\"width:1364,height:2048,thumbnail: 'https:\/\/www.pedagogia.it\/stripes\/wp-content\/uploads\/sites\/7\/2018\/05\/378985512_820730406512077_1513083098775708391_n-200x300.jpg'\" data-lb-index=\"2\"><div class=\"t-entry-visual-overlay\"><div class=\"t-entry-visual-overlay-in style-dark-bg\" style=\"opacity: 0.5;\"><\/div><\/div><img decoding=\"async\" class=\"wp-image-20436\" src=\"https:\/\/www.pedagogia.it\/stripes\/wp-content\/uploads\/sites\/7\/2018\/05\/378985512_820730406512077_1513083098775708391_n-uai-1364x1364.jpg\" width=\"1364\" height=\"1364\" alt=\"\" \/><\/a><\/div>\n\t\t\t\t\t<\/div>\n\t\t\t\t<\/div><\/div><\/div><div class=\"tmb tmb-carousel tmb-iso-h4 tmb-light tmb-overlay-text-anim tmb-overlay-anim tmb-overlay-middle tmb-overlay-text-left tmb-image-anim tmb-bordered tmb-id-20433  tmb-img-ratio tmb-media-first tmb-media-last tmb-content-overlay tmb-no-bg tmb-lightbox\" ><div class=\"t-inside no-anim\" ><div class=\"t-entry-visual\"><div class=\"t-entry-visual-tc\"><div class=\"t-entry-visual-cont\"><div class=\"dummy\" style=\"padding-top: 100%;\"><\/div><a href=\"https:\/\/www.pedagogia.it\/stripes\/wp-content\/uploads\/sites\/7\/2018\/05\/377581617_820730436512074_2601950073710658577_n.jpg\"  class=\"pushed\" data-active=\"1\" data-lbox=\"ilightbox_gallery-646480\" data-options=\"width:1364,height:2048,thumbnail: 'https:\/\/www.pedagogia.it\/stripes\/wp-content\/uploads\/sites\/7\/2018\/05\/377581617_820730436512074_2601950073710658577_n-200x300.jpg'\" data-lb-index=\"3\"><div class=\"t-entry-visual-overlay\"><div class=\"t-entry-visual-overlay-in style-dark-bg\" style=\"opacity: 0.5;\"><\/div><\/div><img decoding=\"async\" class=\"wp-image-20433\" src=\"https:\/\/www.pedagogia.it\/stripes\/wp-content\/uploads\/sites\/7\/2018\/05\/377581617_820730436512074_2601950073710658577_n-uai-1364x1364.jpg\" width=\"1364\" height=\"1364\" alt=\"\" \/><\/a><\/div>\n\t\t\t\t\t<\/div>\n\t\t\t\t<\/div><\/div><\/div><div class=\"tmb tmb-carousel tmb-iso-h4 tmb-light tmb-overlay-text-anim tmb-overlay-anim tmb-overlay-middle tmb-overlay-text-left tmb-image-anim tmb-bordered tmb-id-21086  tmb-img-ratio tmb-media-first tmb-media-last tmb-content-overlay tmb-no-bg tmb-lightbox\" ><div class=\"t-inside no-anim\" ><div class=\"t-entry-visual\"><div class=\"t-entry-visual-tc\"><div class=\"t-entry-visual-cont\"><div class=\"dummy\" style=\"padding-top: 100%;\"><\/div><a href=\"https:\/\/www.pedagogia.it\/stripes\/wp-content\/uploads\/sites\/7\/2018\/05\/2-2.jpg\"  class=\"pushed\" data-active=\"1\" data-lbox=\"ilightbox_gallery-646480\" data-options=\"width:2048,height:1365,thumbnail: 'https:\/\/www.pedagogia.it\/stripes\/wp-content\/uploads\/sites\/7\/2018\/05\/2-2-300x200.jpg'\" data-lb-index=\"4\"><div class=\"t-entry-visual-overlay\"><div class=\"t-entry-visual-overlay-in style-dark-bg\" style=\"opacity: 0.5;\"><\/div><\/div><img decoding=\"async\" class=\"wp-image-21086\" src=\"https:\/\/www.pedagogia.it\/stripes\/wp-content\/uploads\/sites\/7\/2018\/05\/2-2-uai-1365x1365.jpg\" width=\"1365\" height=\"1365\" alt=\"\" \/><\/a><\/div>\n\t\t\t\t\t<\/div>\n\t\t\t\t<\/div><\/div><\/div><div class=\"tmb tmb-carousel tmb-iso-h4 tmb-light tmb-overlay-text-anim tmb-overlay-anim tmb-overlay-middle tmb-overlay-text-left tmb-image-anim tmb-bordered tmb-id-20434  tmb-img-ratio tmb-media-first tmb-media-last tmb-content-overlay tmb-no-bg tmb-lightbox\" ><div class=\"t-inside no-anim\" ><div class=\"t-entry-visual\"><div class=\"t-entry-visual-tc\"><div class=\"t-entry-visual-cont\"><div class=\"dummy\" style=\"padding-top: 100%;\"><\/div><a href=\"https:\/\/www.pedagogia.it\/stripes\/wp-content\/uploads\/sites\/7\/2018\/05\/377832867_820730473178737_274709944308594761_n.jpg\"  class=\"pushed\" data-active=\"1\" data-lbox=\"ilightbox_gallery-646480\" data-options=\"width:2048,height:1365,thumbnail: 'https:\/\/www.pedagogia.it\/stripes\/wp-content\/uploads\/sites\/7\/2018\/05\/377832867_820730473178737_274709944308594761_n-300x200.jpg'\" data-lb-index=\"5\"><div class=\"t-entry-visual-overlay\"><div class=\"t-entry-visual-overlay-in style-dark-bg\" style=\"opacity: 0.5;\"><\/div><\/div><img decoding=\"async\" class=\"wp-image-20434\" src=\"https:\/\/www.pedagogia.it\/stripes\/wp-content\/uploads\/sites\/7\/2018\/05\/377832867_820730473178737_274709944308594761_n-uai-1365x1365.jpg\" width=\"1365\" height=\"1365\" alt=\"\" \/><\/a><\/div>\n\t\t\t\t\t<\/div>\n\t\t\t\t<\/div><\/div><\/div>\t\t\t<\/div>\n\t\t\t\t\t<\/div>\n\n\t\n\t\n\t\n<\/div>\n\n<\/div><\/div><\/div><\/div><\/div><script id=\"script-row-unique-2\" data-row=\"script-row-unique-2\" type=\"text\/javascript\" class=\"vc_controls\">UNCODE.initRow(document.getElementById(\"row-unique-2\"));<\/script><\/div><\/div><\/div><div data-parent=\"true\" class=\"vc_row row-container boomapps_vcrow\" id=\"row-unique-3\"><div class=\"row limit-width row-parent\"><div class=\"wpb_row row-inner\"><div class=\"wpb_column pos-top pos-center align_left column_parent col-lg-12 boomapps_vccolumn single-internal-gutter\"><div class=\"uncol style-light\"  ><div class=\"uncoltable\"><div class=\"uncell  boomapps_vccolumn no-block-padding\" ><div class=\"uncont\" ><div class=\"divider-wrapper \"  >\n    <hr class=\"unseparator separator-no-padding\"  \/>\n<\/div>\n<\/div><\/div><\/div><\/div><\/div><script id=\"script-row-unique-3\" data-row=\"script-row-unique-3\" type=\"text\/javascript\" class=\"vc_controls\">UNCODE.initRow(document.getElementById(\"row-unique-3\"));<\/script><\/div><\/div><\/div><div data-parent=\"true\" class=\"vc_row inverted-device-order row-container boomapps_vcrow\" id=\"row-unique-4\"><div class=\"row single-top-padding no-bottom-padding single-h-padding limit-width row-parent\"><div class=\"wpb_row auto-height-device row-inner\"><div class=\"wpb_column pos-top pos-center align_center column_parent col-lg-12 boomapps_vccolumn single-internal-gutter\"><div class=\"uncol style-light\"  ><div class=\"uncoltable\"><div class=\"uncell  boomapps_vccolumn single-block-padding style-color-gyho-bg has-bg\" ><div class=\"uncont\" ><div class=\"vc_custom_heading_wrap \"><div class=\"heading-text el-text\" ><h2 class=\"h2\" ><span><span style=\"font-size: 18pt;color: #00bbbc\"><strong>LE INIZIATIVE DEL CENTRO<\/strong><\/span><\/span><\/h2><\/div><div class=\"clear\"><\/div><\/div><\/div><\/div><\/div><\/div><\/div><script id=\"script-row-unique-4\" data-row=\"script-row-unique-4\" type=\"text\/javascript\" class=\"vc_controls\">UNCODE.initRow(document.getElementById(\"row-unique-4\"));<\/script><\/div><\/div><\/div><div data-parent=\"true\" class=\"vc_row row-container boomapps_vcrow\" id=\"row-unique-5\"><div class=\"row limit-width row-parent\"><div class=\"wpb_row row-inner\"><div class=\"wpb_column pos-middle pos-center align_right column_parent col-lg-12 boomapps_vccolumn desktop-hidden tablet-hidden mobile-hidden single-internal-gutter\"><div class=\"uncol style-light\"  ><div class=\"uncoltable\"><div class=\"uncell  boomapps_vccolumn single-block-padding style-color-gyho-bg has-bg\" ><div class=\"uncont\" ><div id=\"gallery-158299\" class=\"un-media-gallery isotope-system isotope-general-light grid-general-light\">\n\t\t\t\t\t\n\t\n\t<div class=\"isotope-wrapper grid-wrapper single-gutter\" >\n\t\t\t\t\t\t\t\t\t<div class=\"isotope-container isotope-layout style-masonry\" data-type=\"masonry\" data-layout=\"masonry\" data-lg=\"1000\" data-md=\"600\" data-sm=\"480\">\n<div class=\"tmb tmb-iso-w3 tmb-iso-h4 tmb-light tmb-overlay-text-anim tmb-overlay-anim tmb-overlay-middle tmb-overlay-text-center tmb-image-anim tmb-bordered tmb-id-23802  tmb-img-ratio tmb-media-first tmb-media-last tmb-content-overlay tmb-no-bg tmb-lightbox\" ><div class=\"t-inside no-anim\" ><div class=\"t-entry-visual\"><div class=\"t-entry-visual-tc\"><div class=\"t-entry-visual-cont\"><div class=\"dummy\" style=\"padding-top: 100%;\"><\/div><a href=\"https:\/\/www.pedagogia.it\/stripes\/wp-content\/uploads\/sites\/7\/2018\/05\/11.jpg\"  class=\"pushed\" data-active=\"1\" data-lbox=\"ilightbox_gallery-158299\" data-options=\"width:1080,height:1080,thumbnail: 'https:\/\/www.pedagogia.it\/stripes\/wp-content\/uploads\/sites\/7\/2018\/05\/11-300x300.jpg'\" data-lb-index=\"0\"><div class=\"t-entry-visual-overlay\"><div class=\"t-entry-visual-overlay-in style-dark-bg\" style=\"opacity: 0.5;\"><\/div><\/div><img decoding=\"async\" class=\"wp-image-23802\" src=\"https:\/\/www.pedagogia.it\/stripes\/wp-content\/uploads\/sites\/7\/2018\/05\/11.jpg\" width=\"1080\" height=\"1080\" alt=\"\" srcset=\"https:\/\/www.pedagogia.it\/stripes\/wp-content\/uploads\/sites\/7\/2018\/05\/11.jpg 1080w, https:\/\/www.pedagogia.it\/stripes\/wp-content\/uploads\/sites\/7\/2018\/05\/11-300x300.jpg 300w, https:\/\/www.pedagogia.it\/stripes\/wp-content\/uploads\/sites\/7\/2018\/05\/11-1024x1024.jpg 1024w, https:\/\/www.pedagogia.it\/stripes\/wp-content\/uploads\/sites\/7\/2018\/05\/11-150x150.jpg 150w, https:\/\/www.pedagogia.it\/stripes\/wp-content\/uploads\/sites\/7\/2018\/05\/11-768x768.jpg 768w, https:\/\/www.pedagogia.it\/stripes\/wp-content\/uploads\/sites\/7\/2018\/05\/11-400x400.jpg 400w, https:\/\/www.pedagogia.it\/stripes\/wp-content\/uploads\/sites\/7\/2018\/05\/11-350x350.jpg 350w, https:\/\/www.pedagogia.it\/stripes\/wp-content\/uploads\/sites\/7\/2018\/05\/11-348x348.jpg 348w, https:\/\/www.pedagogia.it\/stripes\/wp-content\/uploads\/sites\/7\/2018\/05\/11-600x600.jpg 600w, https:\/\/www.pedagogia.it\/stripes\/wp-content\/uploads\/sites\/7\/2018\/05\/11-100x100.jpg 100w, https:\/\/www.pedagogia.it\/stripes\/wp-content\/uploads\/sites\/7\/2018\/05\/11-60x60.jpg 60w, https:\/\/www.pedagogia.it\/stripes\/wp-content\/uploads\/sites\/7\/2018\/05\/11-90x90.jpg 90w\" sizes=\"(max-width: 1080px) 100vw, 1080px\" \/><\/a><\/div>\n\t\t\t\t\t<\/div>\n\t\t\t\t<\/div><\/div><\/div><div class=\"tmb tmb-iso-w3 tmb-iso-h4 tmb-light tmb-overlay-text-anim tmb-overlay-anim tmb-overlay-middle tmb-overlay-text-center tmb-image-anim tmb-bordered tmb-id-23803  tmb-img-ratio tmb-media-first tmb-media-last tmb-content-overlay tmb-no-bg tmb-lightbox\" ><div class=\"t-inside no-anim\" ><div class=\"t-entry-visual\"><div class=\"t-entry-visual-tc\"><div class=\"t-entry-visual-cont\"><div class=\"dummy\" style=\"padding-top: 100%;\"><\/div><a href=\"https:\/\/www.pedagogia.it\/stripes\/wp-content\/uploads\/sites\/7\/2018\/05\/12.jpg\"  class=\"pushed\" data-active=\"1\" data-lbox=\"ilightbox_gallery-158299\" data-options=\"width:1080,height:1080,thumbnail: 'https:\/\/www.pedagogia.it\/stripes\/wp-content\/uploads\/sites\/7\/2018\/05\/12-300x300.jpg'\" data-lb-index=\"1\"><div class=\"t-entry-visual-overlay\"><div class=\"t-entry-visual-overlay-in style-dark-bg\" style=\"opacity: 0.5;\"><\/div><\/div><img decoding=\"async\" class=\"wp-image-23803\" src=\"https:\/\/www.pedagogia.it\/stripes\/wp-content\/uploads\/sites\/7\/2018\/05\/12.jpg\" width=\"1080\" height=\"1080\" alt=\"\" srcset=\"https:\/\/www.pedagogia.it\/stripes\/wp-content\/uploads\/sites\/7\/2018\/05\/12.jpg 1080w, https:\/\/www.pedagogia.it\/stripes\/wp-content\/uploads\/sites\/7\/2018\/05\/12-300x300.jpg 300w, https:\/\/www.pedagogia.it\/stripes\/wp-content\/uploads\/sites\/7\/2018\/05\/12-1024x1024.jpg 1024w, https:\/\/www.pedagogia.it\/stripes\/wp-content\/uploads\/sites\/7\/2018\/05\/12-150x150.jpg 150w, https:\/\/www.pedagogia.it\/stripes\/wp-content\/uploads\/sites\/7\/2018\/05\/12-768x768.jpg 768w, https:\/\/www.pedagogia.it\/stripes\/wp-content\/uploads\/sites\/7\/2018\/05\/12-400x400.jpg 400w, https:\/\/www.pedagogia.it\/stripes\/wp-content\/uploads\/sites\/7\/2018\/05\/12-350x350.jpg 350w, https:\/\/www.pedagogia.it\/stripes\/wp-content\/uploads\/sites\/7\/2018\/05\/12-348x348.jpg 348w, https:\/\/www.pedagogia.it\/stripes\/wp-content\/uploads\/sites\/7\/2018\/05\/12-600x600.jpg 600w, https:\/\/www.pedagogia.it\/stripes\/wp-content\/uploads\/sites\/7\/2018\/05\/12-100x100.jpg 100w, https:\/\/www.pedagogia.it\/stripes\/wp-content\/uploads\/sites\/7\/2018\/05\/12-60x60.jpg 60w, https:\/\/www.pedagogia.it\/stripes\/wp-content\/uploads\/sites\/7\/2018\/05\/12-90x90.jpg 90w\" sizes=\"(max-width: 1080px) 100vw, 1080px\" \/><\/a><\/div>\n\t\t\t\t\t<\/div>\n\t\t\t\t<\/div><\/div><\/div><div class=\"tmb tmb-iso-w3 tmb-iso-h4 tmb-light tmb-overlay-text-anim tmb-overlay-anim tmb-overlay-middle tmb-overlay-text-center tmb-image-anim tmb-bordered tmb-id-21310  tmb-img-ratio tmb-media-first tmb-media-last tmb-content-overlay tmb-no-bg tmb-lightbox\" ><div class=\"t-inside no-anim\" ><div class=\"t-entry-visual\"><div class=\"t-entry-visual-tc\"><div class=\"t-entry-visual-cont\"><div class=\"dummy\" style=\"padding-top: 100%;\"><\/div><a href=\"https:\/\/www.pedagogia.it\/stripes\/wp-content\/uploads\/sites\/7\/2018\/05\/PdP_BabyYoga.jpg\"  class=\"pushed\" data-active=\"1\" data-lbox=\"ilightbox_gallery-158299\" data-options=\"width:1080,height:1080,thumbnail: 'https:\/\/www.pedagogia.it\/stripes\/wp-content\/uploads\/sites\/7\/2018\/05\/PdP_BabyYoga-300x300.jpg'\" data-lb-index=\"2\"><div class=\"t-entry-visual-overlay\"><div class=\"t-entry-visual-overlay-in style-dark-bg\" style=\"opacity: 0.5;\"><\/div><\/div><img decoding=\"async\" class=\"wp-image-21310\" src=\"https:\/\/www.pedagogia.it\/stripes\/wp-content\/uploads\/sites\/7\/2018\/05\/PdP_BabyYoga.jpg\" width=\"1080\" height=\"1080\" alt=\"\" srcset=\"https:\/\/www.pedagogia.it\/stripes\/wp-content\/uploads\/sites\/7\/2018\/05\/PdP_BabyYoga.jpg 1080w, https:\/\/www.pedagogia.it\/stripes\/wp-content\/uploads\/sites\/7\/2018\/05\/PdP_BabyYoga-300x300.jpg 300w, https:\/\/www.pedagogia.it\/stripes\/wp-content\/uploads\/sites\/7\/2018\/05\/PdP_BabyYoga-1024x1024.jpg 1024w, https:\/\/www.pedagogia.it\/stripes\/wp-content\/uploads\/sites\/7\/2018\/05\/PdP_BabyYoga-150x150.jpg 150w, https:\/\/www.pedagogia.it\/stripes\/wp-content\/uploads\/sites\/7\/2018\/05\/PdP_BabyYoga-768x768.jpg 768w, https:\/\/www.pedagogia.it\/stripes\/wp-content\/uploads\/sites\/7\/2018\/05\/PdP_BabyYoga-400x400.jpg 400w, https:\/\/www.pedagogia.it\/stripes\/wp-content\/uploads\/sites\/7\/2018\/05\/PdP_BabyYoga-350x350.jpg 350w, https:\/\/www.pedagogia.it\/stripes\/wp-content\/uploads\/sites\/7\/2018\/05\/PdP_BabyYoga-348x348.jpg 348w, https:\/\/www.pedagogia.it\/stripes\/wp-content\/uploads\/sites\/7\/2018\/05\/PdP_BabyYoga-600x600.jpg 600w, https:\/\/www.pedagogia.it\/stripes\/wp-content\/uploads\/sites\/7\/2018\/05\/PdP_BabyYoga-100x100.jpg 100w, https:\/\/www.pedagogia.it\/stripes\/wp-content\/uploads\/sites\/7\/2018\/05\/PdP_BabyYoga-60x60.jpg 60w, https:\/\/www.pedagogia.it\/stripes\/wp-content\/uploads\/sites\/7\/2018\/05\/PdP_BabyYoga-90x90.jpg 90w\" sizes=\"(max-width: 1080px) 100vw, 1080px\" \/><\/a><\/div>\n\t\t\t\t\t<\/div>\n\t\t\t\t<\/div><\/div><\/div><div class=\"tmb tmb-iso-w3 tmb-iso-h4 tmb-light tmb-overlay-text-anim tmb-overlay-anim tmb-overlay-middle tmb-overlay-text-center tmb-image-anim tmb-bordered tmb-id-21311  tmb-img-ratio tmb-media-first tmb-media-last tmb-content-overlay tmb-no-bg tmb-lightbox\" ><div class=\"t-inside no-anim\" ><div class=\"t-entry-visual\"><div class=\"t-entry-visual-tc\"><div class=\"t-entry-visual-cont\"><div class=\"dummy\" style=\"padding-top: 100%;\"><\/div><a href=\"https:\/\/www.pedagogia.it\/stripes\/wp-content\/uploads\/sites\/7\/2018\/05\/PdP_Famiglie.jpg\"  class=\"pushed\" data-active=\"1\" data-lbox=\"ilightbox_gallery-158299\" data-options=\"width:1080,height:1080,thumbnail: 'https:\/\/www.pedagogia.it\/stripes\/wp-content\/uploads\/sites\/7\/2018\/05\/PdP_Famiglie-300x300.jpg'\" data-lb-index=\"3\"><div class=\"t-entry-visual-overlay\"><div class=\"t-entry-visual-overlay-in style-dark-bg\" style=\"opacity: 0.5;\"><\/div><\/div><img decoding=\"async\" class=\"wp-image-21311\" src=\"https:\/\/www.pedagogia.it\/stripes\/wp-content\/uploads\/sites\/7\/2018\/05\/PdP_Famiglie.jpg\" width=\"1080\" height=\"1080\" alt=\"\" srcset=\"https:\/\/www.pedagogia.it\/stripes\/wp-content\/uploads\/sites\/7\/2018\/05\/PdP_Famiglie.jpg 1080w, https:\/\/www.pedagogia.it\/stripes\/wp-content\/uploads\/sites\/7\/2018\/05\/PdP_Famiglie-300x300.jpg 300w, https:\/\/www.pedagogia.it\/stripes\/wp-content\/uploads\/sites\/7\/2018\/05\/PdP_Famiglie-1024x1024.jpg 1024w, https:\/\/www.pedagogia.it\/stripes\/wp-content\/uploads\/sites\/7\/2018\/05\/PdP_Famiglie-150x150.jpg 150w, https:\/\/www.pedagogia.it\/stripes\/wp-content\/uploads\/sites\/7\/2018\/05\/PdP_Famiglie-768x768.jpg 768w, https:\/\/www.pedagogia.it\/stripes\/wp-content\/uploads\/sites\/7\/2018\/05\/PdP_Famiglie-400x400.jpg 400w, https:\/\/www.pedagogia.it\/stripes\/wp-content\/uploads\/sites\/7\/2018\/05\/PdP_Famiglie-350x350.jpg 350w, https:\/\/www.pedagogia.it\/stripes\/wp-content\/uploads\/sites\/7\/2018\/05\/PdP_Famiglie-348x348.jpg 348w, https:\/\/www.pedagogia.it\/stripes\/wp-content\/uploads\/sites\/7\/2018\/05\/PdP_Famiglie-600x600.jpg 600w, https:\/\/www.pedagogia.it\/stripes\/wp-content\/uploads\/sites\/7\/2018\/05\/PdP_Famiglie-100x100.jpg 100w, https:\/\/www.pedagogia.it\/stripes\/wp-content\/uploads\/sites\/7\/2018\/05\/PdP_Famiglie-60x60.jpg 60w, https:\/\/www.pedagogia.it\/stripes\/wp-content\/uploads\/sites\/7\/2018\/05\/PdP_Famiglie-90x90.jpg 90w\" sizes=\"(max-width: 1080px) 100vw, 1080px\" \/><\/a><\/div>\n\t\t\t\t\t<\/div>\n\t\t\t\t<\/div><\/div><\/div><div class=\"tmb tmb-iso-w3 tmb-iso-h4 tmb-light tmb-overlay-text-anim tmb-overlay-anim tmb-overlay-middle tmb-overlay-text-center tmb-image-anim tmb-bordered tmb-id-21312  tmb-img-ratio tmb-media-first tmb-media-last tmb-content-overlay tmb-no-bg tmb-lightbox\" ><div class=\"t-inside no-anim\" ><div class=\"t-entry-visual\"><div class=\"t-entry-visual-tc\"><div class=\"t-entry-visual-cont\"><div class=\"dummy\" style=\"padding-top: 100%;\"><\/div><a href=\"https:\/\/www.pedagogia.it\/stripes\/wp-content\/uploads\/sites\/7\/2018\/05\/PdP_Mamme.jpg\"  class=\"pushed\" data-active=\"1\" data-lbox=\"ilightbox_gallery-158299\" data-options=\"width:1080,height:1080,thumbnail: 'https:\/\/www.pedagogia.it\/stripes\/wp-content\/uploads\/sites\/7\/2018\/05\/PdP_Mamme-300x300.jpg'\" data-lb-index=\"4\"><div class=\"t-entry-visual-overlay\"><div class=\"t-entry-visual-overlay-in style-dark-bg\" style=\"opacity: 0.5;\"><\/div><\/div><img decoding=\"async\" class=\"wp-image-21312\" src=\"https:\/\/www.pedagogia.it\/stripes\/wp-content\/uploads\/sites\/7\/2018\/05\/PdP_Mamme.jpg\" width=\"1080\" height=\"1080\" alt=\"\" srcset=\"https:\/\/www.pedagogia.it\/stripes\/wp-content\/uploads\/sites\/7\/2018\/05\/PdP_Mamme.jpg 1080w, https:\/\/www.pedagogia.it\/stripes\/wp-content\/uploads\/sites\/7\/2018\/05\/PdP_Mamme-300x300.jpg 300w, https:\/\/www.pedagogia.it\/stripes\/wp-content\/uploads\/sites\/7\/2018\/05\/PdP_Mamme-1024x1024.jpg 1024w, https:\/\/www.pedagogia.it\/stripes\/wp-content\/uploads\/sites\/7\/2018\/05\/PdP_Mamme-150x150.jpg 150w, https:\/\/www.pedagogia.it\/stripes\/wp-content\/uploads\/sites\/7\/2018\/05\/PdP_Mamme-768x768.jpg 768w, https:\/\/www.pedagogia.it\/stripes\/wp-content\/uploads\/sites\/7\/2018\/05\/PdP_Mamme-400x400.jpg 400w, https:\/\/www.pedagogia.it\/stripes\/wp-content\/uploads\/sites\/7\/2018\/05\/PdP_Mamme-350x350.jpg 350w, https:\/\/www.pedagogia.it\/stripes\/wp-content\/uploads\/sites\/7\/2018\/05\/PdP_Mamme-348x348.jpg 348w, https:\/\/www.pedagogia.it\/stripes\/wp-content\/uploads\/sites\/7\/2018\/05\/PdP_Mamme-600x600.jpg 600w, https:\/\/www.pedagogia.it\/stripes\/wp-content\/uploads\/sites\/7\/2018\/05\/PdP_Mamme-100x100.jpg 100w, https:\/\/www.pedagogia.it\/stripes\/wp-content\/uploads\/sites\/7\/2018\/05\/PdP_Mamme-60x60.jpg 60w, https:\/\/www.pedagogia.it\/stripes\/wp-content\/uploads\/sites\/7\/2018\/05\/PdP_Mamme-90x90.jpg 90w\" sizes=\"(max-width: 1080px) 100vw, 1080px\" \/><\/a><\/div>\n\t\t\t\t\t<\/div>\n\t\t\t\t<\/div><\/div><\/div><div class=\"tmb tmb-iso-w3 tmb-iso-h4 tmb-light tmb-overlay-text-anim tmb-overlay-anim tmb-overlay-middle tmb-overlay-text-center tmb-image-anim tmb-bordered tmb-id-21315  tmb-img-ratio tmb-media-first tmb-media-last tmb-content-overlay tmb-no-bg tmb-lightbox\" ><div class=\"t-inside no-anim\" ><div class=\"t-entry-visual\"><div class=\"t-entry-visual-tc\"><div class=\"t-entry-visual-cont\"><div class=\"dummy\" style=\"padding-top: 100%;\"><\/div><a href=\"https:\/\/www.pedagogia.it\/stripes\/wp-content\/uploads\/sites\/7\/2018\/05\/PdP_Musica.jpg\"  class=\"pushed\" data-active=\"1\" data-lbox=\"ilightbox_gallery-158299\" data-options=\"width:1080,height:1080,thumbnail: 'https:\/\/www.pedagogia.it\/stripes\/wp-content\/uploads\/sites\/7\/2018\/05\/PdP_Musica-300x300.jpg'\" data-lb-index=\"5\"><div class=\"t-entry-visual-overlay\"><div class=\"t-entry-visual-overlay-in style-dark-bg\" style=\"opacity: 0.5;\"><\/div><\/div><img decoding=\"async\" class=\"wp-image-21315\" src=\"https:\/\/www.pedagogia.it\/stripes\/wp-content\/uploads\/sites\/7\/2018\/05\/PdP_Musica.jpg\" width=\"1080\" height=\"1080\" alt=\"\" srcset=\"https:\/\/www.pedagogia.it\/stripes\/wp-content\/uploads\/sites\/7\/2018\/05\/PdP_Musica.jpg 1080w, https:\/\/www.pedagogia.it\/stripes\/wp-content\/uploads\/sites\/7\/2018\/05\/PdP_Musica-300x300.jpg 300w, https:\/\/www.pedagogia.it\/stripes\/wp-content\/uploads\/sites\/7\/2018\/05\/PdP_Musica-1024x1024.jpg 1024w, https:\/\/www.pedagogia.it\/stripes\/wp-content\/uploads\/sites\/7\/2018\/05\/PdP_Musica-150x150.jpg 150w, https:\/\/www.pedagogia.it\/stripes\/wp-content\/uploads\/sites\/7\/2018\/05\/PdP_Musica-768x768.jpg 768w, https:\/\/www.pedagogia.it\/stripes\/wp-content\/uploads\/sites\/7\/2018\/05\/PdP_Musica-400x400.jpg 400w, https:\/\/www.pedagogia.it\/stripes\/wp-content\/uploads\/sites\/7\/2018\/05\/PdP_Musica-350x350.jpg 350w, https:\/\/www.pedagogia.it\/stripes\/wp-content\/uploads\/sites\/7\/2018\/05\/PdP_Musica-348x348.jpg 348w, https:\/\/www.pedagogia.it\/stripes\/wp-content\/uploads\/sites\/7\/2018\/05\/PdP_Musica-600x600.jpg 600w, https:\/\/www.pedagogia.it\/stripes\/wp-content\/uploads\/sites\/7\/2018\/05\/PdP_Musica-100x100.jpg 100w, https:\/\/www.pedagogia.it\/stripes\/wp-content\/uploads\/sites\/7\/2018\/05\/PdP_Musica-60x60.jpg 60w, https:\/\/www.pedagogia.it\/stripes\/wp-content\/uploads\/sites\/7\/2018\/05\/PdP_Musica-90x90.jpg 90w\" sizes=\"(max-width: 1080px) 100vw, 1080px\" \/><\/a><\/div>\n\t\t\t\t\t<\/div>\n\t\t\t\t<\/div><\/div><\/div><div class=\"tmb tmb-iso-w3 tmb-iso-h4 tmb-light tmb-overlay-text-anim tmb-overlay-anim tmb-overlay-middle tmb-overlay-text-center tmb-image-anim tmb-bordered tmb-id-21317  tmb-img-ratio tmb-media-first tmb-media-last tmb-content-overlay tmb-no-bg tmb-lightbox\" ><div class=\"t-inside no-anim\" ><div class=\"t-entry-visual\"><div class=\"t-entry-visual-tc\"><div class=\"t-entry-visual-cont\"><div class=\"dummy\" style=\"padding-top: 100%;\"><\/div><a href=\"https:\/\/www.pedagogia.it\/stripes\/wp-content\/uploads\/sites\/7\/2018\/05\/PdP_SupportoStudio.jpg\"  class=\"pushed\" data-active=\"1\" data-lbox=\"ilightbox_gallery-158299\" data-options=\"width:1080,height:1080,thumbnail: 'https:\/\/www.pedagogia.it\/stripes\/wp-content\/uploads\/sites\/7\/2018\/05\/PdP_SupportoStudio-300x300.jpg'\" data-lb-index=\"6\"><div class=\"t-entry-visual-overlay\"><div class=\"t-entry-visual-overlay-in style-dark-bg\" style=\"opacity: 0.5;\"><\/div><\/div><img decoding=\"async\" class=\"wp-image-21317\" src=\"https:\/\/www.pedagogia.it\/stripes\/wp-content\/uploads\/sites\/7\/2018\/05\/PdP_SupportoStudio.jpg\" width=\"1080\" height=\"1080\" alt=\"\" srcset=\"https:\/\/www.pedagogia.it\/stripes\/wp-content\/uploads\/sites\/7\/2018\/05\/PdP_SupportoStudio.jpg 1080w, https:\/\/www.pedagogia.it\/stripes\/wp-content\/uploads\/sites\/7\/2018\/05\/PdP_SupportoStudio-300x300.jpg 300w, https:\/\/www.pedagogia.it\/stripes\/wp-content\/uploads\/sites\/7\/2018\/05\/PdP_SupportoStudio-1024x1024.jpg 1024w, https:\/\/www.pedagogia.it\/stripes\/wp-content\/uploads\/sites\/7\/2018\/05\/PdP_SupportoStudio-150x150.jpg 150w, https:\/\/www.pedagogia.it\/stripes\/wp-content\/uploads\/sites\/7\/2018\/05\/PdP_SupportoStudio-768x768.jpg 768w, https:\/\/www.pedagogia.it\/stripes\/wp-content\/uploads\/sites\/7\/2018\/05\/PdP_SupportoStudio-400x400.jpg 400w, https:\/\/www.pedagogia.it\/stripes\/wp-content\/uploads\/sites\/7\/2018\/05\/PdP_SupportoStudio-350x350.jpg 350w, https:\/\/www.pedagogia.it\/stripes\/wp-content\/uploads\/sites\/7\/2018\/05\/PdP_SupportoStudio-348x348.jpg 348w, https:\/\/www.pedagogia.it\/stripes\/wp-content\/uploads\/sites\/7\/2018\/05\/PdP_SupportoStudio-600x600.jpg 600w, https:\/\/www.pedagogia.it\/stripes\/wp-content\/uploads\/sites\/7\/2018\/05\/PdP_SupportoStudio-100x100.jpg 100w, https:\/\/www.pedagogia.it\/stripes\/wp-content\/uploads\/sites\/7\/2018\/05\/PdP_SupportoStudio-60x60.jpg 60w, https:\/\/www.pedagogia.it\/stripes\/wp-content\/uploads\/sites\/7\/2018\/05\/PdP_SupportoStudio-90x90.jpg 90w\" sizes=\"(max-width: 1080px) 100vw, 1080px\" \/><\/a><\/div>\n\t\t\t\t\t<\/div>\n\t\t\t\t<\/div><\/div><\/div><div class=\"tmb tmb-iso-w3 tmb-iso-h4 tmb-light tmb-overlay-text-anim tmb-overlay-anim tmb-overlay-middle tmb-overlay-text-center tmb-image-anim tmb-bordered tmb-id-21325  tmb-img-ratio tmb-media-first tmb-media-last tmb-content-overlay tmb-no-bg tmb-lightbox\" ><div class=\"t-inside no-anim\" ><div class=\"t-entry-visual\"><div class=\"t-entry-visual-tc\"><div class=\"t-entry-visual-cont\"><div class=\"dummy\" style=\"padding-top: 100%;\"><\/div><a href=\"https:\/\/www.pedagogia.it\/stripes\/wp-content\/uploads\/sites\/7\/2018\/05\/PDP_generici_quadrati-1-copia.jpg\"  class=\"pushed\" data-active=\"1\" data-lbox=\"ilightbox_gallery-158299\" data-options=\"width:1080,height:1080,thumbnail: 'https:\/\/www.pedagogia.it\/stripes\/wp-content\/uploads\/sites\/7\/2018\/05\/PDP_generici_quadrati-1-copia-300x300.jpg'\" data-lb-index=\"7\"><div class=\"t-entry-visual-overlay\"><div class=\"t-entry-visual-overlay-in style-dark-bg\" style=\"opacity: 0.5;\"><\/div><\/div><img decoding=\"async\" class=\"wp-image-21325\" src=\"https:\/\/www.pedagogia.it\/stripes\/wp-content\/uploads\/sites\/7\/2018\/05\/PDP_generici_quadrati-1-copia.jpg\" width=\"1080\" height=\"1080\" alt=\"\" srcset=\"https:\/\/www.pedagogia.it\/stripes\/wp-content\/uploads\/sites\/7\/2018\/05\/PDP_generici_quadrati-1-copia.jpg 1080w, https:\/\/www.pedagogia.it\/stripes\/wp-content\/uploads\/sites\/7\/2018\/05\/PDP_generici_quadrati-1-copia-300x300.jpg 300w, https:\/\/www.pedagogia.it\/stripes\/wp-content\/uploads\/sites\/7\/2018\/05\/PDP_generici_quadrati-1-copia-1024x1024.jpg 1024w, https:\/\/www.pedagogia.it\/stripes\/wp-content\/uploads\/sites\/7\/2018\/05\/PDP_generici_quadrati-1-copia-150x150.jpg 150w, https:\/\/www.pedagogia.it\/stripes\/wp-content\/uploads\/sites\/7\/2018\/05\/PDP_generici_quadrati-1-copia-768x768.jpg 768w, https:\/\/www.pedagogia.it\/stripes\/wp-content\/uploads\/sites\/7\/2018\/05\/PDP_generici_quadrati-1-copia-400x400.jpg 400w, https:\/\/www.pedagogia.it\/stripes\/wp-content\/uploads\/sites\/7\/2018\/05\/PDP_generici_quadrati-1-copia-350x350.jpg 350w, https:\/\/www.pedagogia.it\/stripes\/wp-content\/uploads\/sites\/7\/2018\/05\/PDP_generici_quadrati-1-copia-348x348.jpg 348w, https:\/\/www.pedagogia.it\/stripes\/wp-content\/uploads\/sites\/7\/2018\/05\/PDP_generici_quadrati-1-copia-600x600.jpg 600w, https:\/\/www.pedagogia.it\/stripes\/wp-content\/uploads\/sites\/7\/2018\/05\/PDP_generici_quadrati-1-copia-100x100.jpg 100w, https:\/\/www.pedagogia.it\/stripes\/wp-content\/uploads\/sites\/7\/2018\/05\/PDP_generici_quadrati-1-copia-60x60.jpg 60w, https:\/\/www.pedagogia.it\/stripes\/wp-content\/uploads\/sites\/7\/2018\/05\/PDP_generici_quadrati-1-copia-90x90.jpg 90w\" sizes=\"(max-width: 1080px) 100vw, 1080px\" \/><\/a><\/div>\n\t\t\t\t\t<\/div>\n\t\t\t\t<\/div><\/div><\/div><div class=\"tmb tmb-iso-w3 tmb-iso-h4 tmb-light tmb-overlay-text-anim tmb-overlay-anim tmb-overlay-middle tmb-overlay-text-center tmb-image-anim tmb-bordered tmb-id-21326  tmb-img-ratio tmb-media-first tmb-media-last tmb-content-overlay tmb-no-bg tmb-lightbox\" ><div class=\"t-inside no-anim\" ><div class=\"t-entry-visual\"><div class=\"t-entry-visual-tc\"><div class=\"t-entry-visual-cont\"><div class=\"dummy\" style=\"padding-top: 100%;\"><\/div><a href=\"https:\/\/www.pedagogia.it\/stripes\/wp-content\/uploads\/sites\/7\/2018\/05\/PDP_generici_quadrati-1.jpg\"  class=\"pushed\" data-active=\"1\" data-lbox=\"ilightbox_gallery-158299\" data-options=\"width:1080,height:1080,thumbnail: 'https:\/\/www.pedagogia.it\/stripes\/wp-content\/uploads\/sites\/7\/2018\/05\/PDP_generici_quadrati-1-300x300.jpg'\" data-lb-index=\"8\"><div class=\"t-entry-visual-overlay\"><div class=\"t-entry-visual-overlay-in style-dark-bg\" style=\"opacity: 0.5;\"><\/div><\/div><img decoding=\"async\" class=\"wp-image-21326\" src=\"https:\/\/www.pedagogia.it\/stripes\/wp-content\/uploads\/sites\/7\/2018\/05\/PDP_generici_quadrati-1.jpg\" width=\"1080\" height=\"1080\" alt=\"\" srcset=\"https:\/\/www.pedagogia.it\/stripes\/wp-content\/uploads\/sites\/7\/2018\/05\/PDP_generici_quadrati-1.jpg 1080w, https:\/\/www.pedagogia.it\/stripes\/wp-content\/uploads\/sites\/7\/2018\/05\/PDP_generici_quadrati-1-300x300.jpg 300w, https:\/\/www.pedagogia.it\/stripes\/wp-content\/uploads\/sites\/7\/2018\/05\/PDP_generici_quadrati-1-1024x1024.jpg 1024w, https:\/\/www.pedagogia.it\/stripes\/wp-content\/uploads\/sites\/7\/2018\/05\/PDP_generici_quadrati-1-150x150.jpg 150w, https:\/\/www.pedagogia.it\/stripes\/wp-content\/uploads\/sites\/7\/2018\/05\/PDP_generici_quadrati-1-768x768.jpg 768w, https:\/\/www.pedagogia.it\/stripes\/wp-content\/uploads\/sites\/7\/2018\/05\/PDP_generici_quadrati-1-400x400.jpg 400w, https:\/\/www.pedagogia.it\/stripes\/wp-content\/uploads\/sites\/7\/2018\/05\/PDP_generici_quadrati-1-350x350.jpg 350w, https:\/\/www.pedagogia.it\/stripes\/wp-content\/uploads\/sites\/7\/2018\/05\/PDP_generici_quadrati-1-348x348.jpg 348w, https:\/\/www.pedagogia.it\/stripes\/wp-content\/uploads\/sites\/7\/2018\/05\/PDP_generici_quadrati-1-600x600.jpg 600w, https:\/\/www.pedagogia.it\/stripes\/wp-content\/uploads\/sites\/7\/2018\/05\/PDP_generici_quadrati-1-100x100.jpg 100w, https:\/\/www.pedagogia.it\/stripes\/wp-content\/uploads\/sites\/7\/2018\/05\/PDP_generici_quadrati-1-60x60.jpg 60w, https:\/\/www.pedagogia.it\/stripes\/wp-content\/uploads\/sites\/7\/2018\/05\/PDP_generici_quadrati-1-90x90.jpg 90w\" sizes=\"(max-width: 1080px) 100vw, 1080px\" \/><\/a><\/div>\n\t\t\t\t\t<\/div>\n\t\t\t\t<\/div><\/div><\/div><div class=\"tmb tmb-iso-w3 tmb-iso-h4 tmb-light tmb-overlay-text-anim tmb-overlay-anim tmb-overlay-middle tmb-overlay-text-center tmb-image-anim tmb-bordered tmb-id-21327  tmb-img-ratio tmb-media-first tmb-media-last tmb-content-overlay tmb-no-bg tmb-lightbox\" ><div class=\"t-inside no-anim\" ><div class=\"t-entry-visual\"><div class=\"t-entry-visual-tc\"><div class=\"t-entry-visual-cont\"><div class=\"dummy\" style=\"padding-top: 100%;\"><\/div><a href=\"https:\/\/www.pedagogia.it\/stripes\/wp-content\/uploads\/sites\/7\/2018\/05\/2.jpg\"  class=\"pushed\" data-active=\"1\" data-lbox=\"ilightbox_gallery-158299\" data-options=\"width:1080,height:1080,thumbnail: 'https:\/\/www.pedagogia.it\/stripes\/wp-content\/uploads\/sites\/7\/2018\/05\/2-300x300.jpg'\" data-lb-index=\"9\"><div class=\"t-entry-visual-overlay\"><div class=\"t-entry-visual-overlay-in style-dark-bg\" style=\"opacity: 0.5;\"><\/div><\/div><img decoding=\"async\" class=\"wp-image-21327\" src=\"https:\/\/www.pedagogia.it\/stripes\/wp-content\/uploads\/sites\/7\/2018\/05\/2.jpg\" width=\"1080\" height=\"1080\" alt=\"\" srcset=\"https:\/\/www.pedagogia.it\/stripes\/wp-content\/uploads\/sites\/7\/2018\/05\/2.jpg 1080w, https:\/\/www.pedagogia.it\/stripes\/wp-content\/uploads\/sites\/7\/2018\/05\/2-300x300.jpg 300w, https:\/\/www.pedagogia.it\/stripes\/wp-content\/uploads\/sites\/7\/2018\/05\/2-1024x1024.jpg 1024w, https:\/\/www.pedagogia.it\/stripes\/wp-content\/uploads\/sites\/7\/2018\/05\/2-150x150.jpg 150w, https:\/\/www.pedagogia.it\/stripes\/wp-content\/uploads\/sites\/7\/2018\/05\/2-768x768.jpg 768w, https:\/\/www.pedagogia.it\/stripes\/wp-content\/uploads\/sites\/7\/2018\/05\/2-400x400.jpg 400w, https:\/\/www.pedagogia.it\/stripes\/wp-content\/uploads\/sites\/7\/2018\/05\/2-350x350.jpg 350w, https:\/\/www.pedagogia.it\/stripes\/wp-content\/uploads\/sites\/7\/2018\/05\/2-348x348.jpg 348w, https:\/\/www.pedagogia.it\/stripes\/wp-content\/uploads\/sites\/7\/2018\/05\/2-600x600.jpg 600w, https:\/\/www.pedagogia.it\/stripes\/wp-content\/uploads\/sites\/7\/2018\/05\/2-100x100.jpg 100w, https:\/\/www.pedagogia.it\/stripes\/wp-content\/uploads\/sites\/7\/2018\/05\/2-60x60.jpg 60w, https:\/\/www.pedagogia.it\/stripes\/wp-content\/uploads\/sites\/7\/2018\/05\/2-90x90.jpg 90w\" sizes=\"(max-width: 1080px) 100vw, 1080px\" \/><\/a><\/div>\n\t\t\t\t\t<\/div>\n\t\t\t\t<\/div><\/div><\/div><div class=\"tmb tmb-iso-w3 tmb-iso-h4 tmb-light tmb-overlay-text-anim tmb-overlay-anim tmb-overlay-middle tmb-overlay-text-center tmb-image-anim tmb-bordered tmb-id-21042  tmb-img-ratio tmb-media-first tmb-media-last tmb-content-overlay tmb-no-bg tmb-lightbox\" ><div class=\"t-inside no-anim\" ><div class=\"t-entry-visual\"><div class=\"t-entry-visual-tc\"><div class=\"t-entry-visual-cont\"><div class=\"dummy\" style=\"padding-top: 100%;\"><\/div><a href=\"https:\/\/www.pedagogia.it\/stripes\/wp-content\/uploads\/sites\/7\/2018\/05\/Volantino-PDP_Screening-gratuito-dislessia_APRILE_2024-2_page-0001.jpg\"  class=\"pushed\" data-active=\"1\" data-lbox=\"ilightbox_gallery-158299\" data-options=\"width:1241,height:1754,thumbnail: 'https:\/\/www.pedagogia.it\/stripes\/wp-content\/uploads\/sites\/7\/2018\/05\/Volantino-PDP_Screening-gratuito-dislessia_APRILE_2024-2_page-0001-212x300.jpg'\" data-lb-index=\"10\"><div class=\"t-entry-visual-overlay\"><div class=\"t-entry-visual-overlay-in style-dark-bg\" style=\"opacity: 0.5;\"><\/div><\/div><img decoding=\"async\" class=\"wp-image-21042\" src=\"https:\/\/www.pedagogia.it\/stripes\/wp-content\/uploads\/sites\/7\/2018\/05\/Volantino-PDP_Screening-gratuito-dislessia_APRILE_2024-2_page-0001-uai-1241x1241.jpg\" width=\"1241\" height=\"1241\" alt=\"\" \/><\/a><\/div>\n\t\t\t\t\t<\/div>\n\t\t\t\t<\/div><\/div><\/div>\t\t\t<\/div>\n\t\t\t\t\t<\/div>\n\n\t\n\t\n\t\n<\/div>\n\n<\/div><\/div><\/div><\/div><\/div><script id=\"script-row-unique-5\" data-row=\"script-row-unique-5\" type=\"text\/javascript\" class=\"vc_controls\">UNCODE.initRow(document.getElementById(\"row-unique-5\"));<\/script><\/div><\/div><\/div><div data-parent=\"true\" class=\"vc_row row-container boomapps_vcrow\" id=\"row-unique-6\"><div class=\"row no-top-padding no-bottom-padding single-h-padding limit-width row-parent\"><div class=\"wpb_row row-inner\"><div class=\"wpb_column pos-top pos-center align_left column_parent col-lg-12 boomapps_vccolumn half-internal-gutter\"><div class=\"uncol style-light\"  ><div class=\"uncoltable\"><div class=\"uncell  boomapps_vccolumn single-block-padding style-color-gyho-bg has-bg\" ><div class=\"uncont\" ><div class=\"un-media-gallery owl-carousel-wrapper\">\n\t\t\n\t\n\t<div class=\"owl-carousel-container owl-carousel-loading single-gutter\" >\n\t\t\t\t\t\t\t\t\t<div id=\"gallery-189105\" class=\"owl-carousel owl-element owl-height-auto\" data-navmobile=\"false\" data-navspeed=\"400\" data-autoplay=\"true\" data-timeout=\"3000\" data-stagepadding=\"0\" data-lg=\"4\" data-md=\"4\" data-sm=\"2\">\n<div class=\"tmb tmb-carousel tmb-iso-h4 tmb-light tmb-overlay-text-anim tmb-overlay-anim tmb-overlay-middle tmb-overlay-text-left tmb-image-anim tmb-bordered tmb-id-25714  tmb-media-first tmb-media-last tmb-content-overlay tmb-no-bg tmb-lightbox\" ><div class=\"t-inside no-anim\" ><div class=\"t-entry-visual\"><div class=\"t-entry-visual-tc\"><div class=\"t-entry-visual-cont\"><div class=\"dummy\" style=\"padding-top: 141.3%;\"><\/div><a href=\"https:\/\/www.pedagogia.it\/stripes\/wp-content\/uploads\/sites\/7\/2018\/05\/PDP_Supporto_studio_page-0001.jpg\"  class=\"pushed\" data-active=\"1\" data-lbox=\"ilightbox_gallery-189105\" data-options=\"width:1241,height:1754,thumbnail: 'https:\/\/www.pedagogia.it\/stripes\/wp-content\/uploads\/sites\/7\/2018\/05\/PDP_Supporto_studio_page-0001-212x300.jpg'\" data-lb-index=\"0\"><div class=\"t-entry-visual-overlay\"><div class=\"t-entry-visual-overlay-in style-dark-bg\" style=\"opacity: 0.5;\"><\/div><\/div><img decoding=\"async\" class=\"wp-image-25714\" src=\"https:\/\/www.pedagogia.it\/stripes\/wp-content\/uploads\/sites\/7\/2018\/05\/PDP_Supporto_studio_page-0001.jpg\" width=\"1241\" height=\"1754\" alt=\"\" srcset=\"https:\/\/www.pedagogia.it\/stripes\/wp-content\/uploads\/sites\/7\/2018\/05\/PDP_Supporto_studio_page-0001.jpg 1241w, https:\/\/www.pedagogia.it\/stripes\/wp-content\/uploads\/sites\/7\/2018\/05\/PDP_Supporto_studio_page-0001-212x300.jpg 212w, https:\/\/www.pedagogia.it\/stripes\/wp-content\/uploads\/sites\/7\/2018\/05\/PDP_Supporto_studio_page-0001-725x1024.jpg 725w, https:\/\/www.pedagogia.it\/stripes\/wp-content\/uploads\/sites\/7\/2018\/05\/PDP_Supporto_studio_page-0001-768x1085.jpg 768w, https:\/\/www.pedagogia.it\/stripes\/wp-content\/uploads\/sites\/7\/2018\/05\/PDP_Supporto_studio_page-0001-1087x1536.jpg 1087w, https:\/\/www.pedagogia.it\/stripes\/wp-content\/uploads\/sites\/7\/2018\/05\/PDP_Supporto_studio_page-0001-8x12.jpg 8w, https:\/\/www.pedagogia.it\/stripes\/wp-content\/uploads\/sites\/7\/2018\/05\/PDP_Supporto_studio_page-0001-350x495.jpg 350w, https:\/\/www.pedagogia.it\/stripes\/wp-content\/uploads\/sites\/7\/2018\/05\/PDP_Supporto_studio_page-0001-600x848.jpg 600w\" sizes=\"(max-width: 1241px) 100vw, 1241px\" \/><\/a><\/div>\n\t\t\t\t\t<\/div>\n\t\t\t\t<\/div><\/div><\/div><div class=\"tmb tmb-carousel tmb-iso-h4 tmb-light tmb-overlay-text-anim tmb-overlay-anim tmb-overlay-middle tmb-overlay-text-left tmb-image-anim tmb-bordered tmb-id-25715  tmb-media-first tmb-media-last tmb-content-overlay tmb-no-bg tmb-lightbox\" ><div class=\"t-inside no-anim\" ><div class=\"t-entry-visual\"><div class=\"t-entry-visual-tc\"><div class=\"t-entry-visual-cont\"><div class=\"dummy\" style=\"padding-top: 141.3%;\"><\/div><a href=\"https:\/\/www.pedagogia.it\/stripes\/wp-content\/uploads\/sites\/7\/2018\/05\/PDP_neuropsicomotricita_gruppo_2025_5_6_anni_page-0001.jpg\"  class=\"pushed\" data-active=\"1\" data-lbox=\"ilightbox_gallery-189105\" data-options=\"width:1241,height:1754,thumbnail: 'https:\/\/www.pedagogia.it\/stripes\/wp-content\/uploads\/sites\/7\/2018\/05\/PDP_neuropsicomotricita_gruppo_2025_5_6_anni_page-0001-212x300.jpg'\" data-lb-index=\"1\"><div class=\"t-entry-visual-overlay\"><div class=\"t-entry-visual-overlay-in style-dark-bg\" style=\"opacity: 0.5;\"><\/div><\/div><img decoding=\"async\" class=\"wp-image-25715\" src=\"https:\/\/www.pedagogia.it\/stripes\/wp-content\/uploads\/sites\/7\/2018\/05\/PDP_neuropsicomotricita_gruppo_2025_5_6_anni_page-0001.jpg\" width=\"1241\" height=\"1754\" alt=\"\" srcset=\"https:\/\/www.pedagogia.it\/stripes\/wp-content\/uploads\/sites\/7\/2018\/05\/PDP_neuropsicomotricita_gruppo_2025_5_6_anni_page-0001.jpg 1241w, https:\/\/www.pedagogia.it\/stripes\/wp-content\/uploads\/sites\/7\/2018\/05\/PDP_neuropsicomotricita_gruppo_2025_5_6_anni_page-0001-212x300.jpg 212w, https:\/\/www.pedagogia.it\/stripes\/wp-content\/uploads\/sites\/7\/2018\/05\/PDP_neuropsicomotricita_gruppo_2025_5_6_anni_page-0001-725x1024.jpg 725w, https:\/\/www.pedagogia.it\/stripes\/wp-content\/uploads\/sites\/7\/2018\/05\/PDP_neuropsicomotricita_gruppo_2025_5_6_anni_page-0001-768x1085.jpg 768w, https:\/\/www.pedagogia.it\/stripes\/wp-content\/uploads\/sites\/7\/2018\/05\/PDP_neuropsicomotricita_gruppo_2025_5_6_anni_page-0001-1087x1536.jpg 1087w, https:\/\/www.pedagogia.it\/stripes\/wp-content\/uploads\/sites\/7\/2018\/05\/PDP_neuropsicomotricita_gruppo_2025_5_6_anni_page-0001-8x12.jpg 8w, https:\/\/www.pedagogia.it\/stripes\/wp-content\/uploads\/sites\/7\/2018\/05\/PDP_neuropsicomotricita_gruppo_2025_5_6_anni_page-0001-350x495.jpg 350w, https:\/\/www.pedagogia.it\/stripes\/wp-content\/uploads\/sites\/7\/2018\/05\/PDP_neuropsicomotricita_gruppo_2025_5_6_anni_page-0001-600x848.jpg 600w\" sizes=\"(max-width: 1241px) 100vw, 1241px\" \/><\/a><\/div>\n\t\t\t\t\t<\/div>\n\t\t\t\t<\/div><\/div><\/div><div class=\"tmb tmb-carousel tmb-iso-h4 tmb-light tmb-overlay-text-anim tmb-overlay-anim tmb-overlay-middle tmb-overlay-text-left tmb-image-anim tmb-bordered tmb-id-25716  tmb-media-first tmb-media-last tmb-content-overlay tmb-no-bg tmb-lightbox\" ><div class=\"t-inside no-anim\" ><div class=\"t-entry-visual\"><div class=\"t-entry-visual-tc\"><div class=\"t-entry-visual-cont\"><div class=\"dummy\" style=\"padding-top: 141.3%;\"><\/div><a href=\"https:\/\/www.pedagogia.it\/stripes\/wp-content\/uploads\/sites\/7\/2018\/05\/PDP_neuropsicomotricita_gruppo_2025_3_4_anni_page-0001.jpg\"  class=\"pushed\" data-active=\"1\" data-lbox=\"ilightbox_gallery-189105\" data-options=\"width:1241,height:1754,thumbnail: 'https:\/\/www.pedagogia.it\/stripes\/wp-content\/uploads\/sites\/7\/2018\/05\/PDP_neuropsicomotricita_gruppo_2025_3_4_anni_page-0001-212x300.jpg'\" data-lb-index=\"2\"><div class=\"t-entry-visual-overlay\"><div class=\"t-entry-visual-overlay-in style-dark-bg\" style=\"opacity: 0.5;\"><\/div><\/div><img decoding=\"async\" class=\"wp-image-25716\" src=\"https:\/\/www.pedagogia.it\/stripes\/wp-content\/uploads\/sites\/7\/2018\/05\/PDP_neuropsicomotricita_gruppo_2025_3_4_anni_page-0001.jpg\" width=\"1241\" height=\"1754\" alt=\"\" srcset=\"https:\/\/www.pedagogia.it\/stripes\/wp-content\/uploads\/sites\/7\/2018\/05\/PDP_neuropsicomotricita_gruppo_2025_3_4_anni_page-0001.jpg 1241w, https:\/\/www.pedagogia.it\/stripes\/wp-content\/uploads\/sites\/7\/2018\/05\/PDP_neuropsicomotricita_gruppo_2025_3_4_anni_page-0001-212x300.jpg 212w, https:\/\/www.pedagogia.it\/stripes\/wp-content\/uploads\/sites\/7\/2018\/05\/PDP_neuropsicomotricita_gruppo_2025_3_4_anni_page-0001-725x1024.jpg 725w, https:\/\/www.pedagogia.it\/stripes\/wp-content\/uploads\/sites\/7\/2018\/05\/PDP_neuropsicomotricita_gruppo_2025_3_4_anni_page-0001-768x1085.jpg 768w, https:\/\/www.pedagogia.it\/stripes\/wp-content\/uploads\/sites\/7\/2018\/05\/PDP_neuropsicomotricita_gruppo_2025_3_4_anni_page-0001-1087x1536.jpg 1087w, https:\/\/www.pedagogia.it\/stripes\/wp-content\/uploads\/sites\/7\/2018\/05\/PDP_neuropsicomotricita_gruppo_2025_3_4_anni_page-0001-8x12.jpg 8w, https:\/\/www.pedagogia.it\/stripes\/wp-content\/uploads\/sites\/7\/2018\/05\/PDP_neuropsicomotricita_gruppo_2025_3_4_anni_page-0001-350x495.jpg 350w, https:\/\/www.pedagogia.it\/stripes\/wp-content\/uploads\/sites\/7\/2018\/05\/PDP_neuropsicomotricita_gruppo_2025_3_4_anni_page-0001-600x848.jpg 600w\" sizes=\"(max-width: 1241px) 100vw, 1241px\" \/><\/a><\/div>\n\t\t\t\t\t<\/div>\n\t\t\t\t<\/div><\/div><\/div><div class=\"tmb tmb-carousel tmb-iso-h4 tmb-light tmb-overlay-text-anim tmb-overlay-anim tmb-overlay-middle tmb-overlay-text-left tmb-image-anim tmb-bordered tmb-id-25717  tmb-media-first tmb-media-last tmb-content-overlay tmb-no-bg tmb-lightbox\" ><div class=\"t-inside no-anim\" ><div class=\"t-entry-visual\"><div class=\"t-entry-visual-tc\"><div class=\"t-entry-visual-cont\"><div class=\"dummy\" style=\"padding-top: 141.3%;\"><\/div><a href=\"https:\/\/www.pedagogia.it\/stripes\/wp-content\/uploads\/sites\/7\/2018\/05\/PDP_che-_rabbia_rev2_page-0001.jpg\"  class=\"pushed\" data-active=\"1\" data-lbox=\"ilightbox_gallery-189105\" data-options=\"width:1241,height:1754,thumbnail: 'https:\/\/www.pedagogia.it\/stripes\/wp-content\/uploads\/sites\/7\/2018\/05\/PDP_che-_rabbia_rev2_page-0001-212x300.jpg'\" data-lb-index=\"3\"><div class=\"t-entry-visual-overlay\"><div class=\"t-entry-visual-overlay-in style-dark-bg\" style=\"opacity: 0.5;\"><\/div><\/div><img decoding=\"async\" class=\"wp-image-25717\" src=\"https:\/\/www.pedagogia.it\/stripes\/wp-content\/uploads\/sites\/7\/2018\/05\/PDP_che-_rabbia_rev2_page-0001.jpg\" width=\"1241\" height=\"1754\" alt=\"\" srcset=\"https:\/\/www.pedagogia.it\/stripes\/wp-content\/uploads\/sites\/7\/2018\/05\/PDP_che-_rabbia_rev2_page-0001.jpg 1241w, https:\/\/www.pedagogia.it\/stripes\/wp-content\/uploads\/sites\/7\/2018\/05\/PDP_che-_rabbia_rev2_page-0001-212x300.jpg 212w, https:\/\/www.pedagogia.it\/stripes\/wp-content\/uploads\/sites\/7\/2018\/05\/PDP_che-_rabbia_rev2_page-0001-725x1024.jpg 725w, https:\/\/www.pedagogia.it\/stripes\/wp-content\/uploads\/sites\/7\/2018\/05\/PDP_che-_rabbia_rev2_page-0001-768x1085.jpg 768w, https:\/\/www.pedagogia.it\/stripes\/wp-content\/uploads\/sites\/7\/2018\/05\/PDP_che-_rabbia_rev2_page-0001-1087x1536.jpg 1087w, https:\/\/www.pedagogia.it\/stripes\/wp-content\/uploads\/sites\/7\/2018\/05\/PDP_che-_rabbia_rev2_page-0001-8x12.jpg 8w, https:\/\/www.pedagogia.it\/stripes\/wp-content\/uploads\/sites\/7\/2018\/05\/PDP_che-_rabbia_rev2_page-0001-350x495.jpg 350w, https:\/\/www.pedagogia.it\/stripes\/wp-content\/uploads\/sites\/7\/2018\/05\/PDP_che-_rabbia_rev2_page-0001-600x848.jpg 600w\" sizes=\"(max-width: 1241px) 100vw, 1241px\" \/><\/a><\/div>\n\t\t\t\t\t<\/div>\n\t\t\t\t<\/div><\/div><\/div>\t\t\t<\/div>\n\t\t\t\t\t<\/div>\n\n\t\n\t\n\t\n<\/div>\n\n<div class=\"divider-wrapper \"  >\n    <hr class=\"unseparator separator-no-padding\"  \/>\n<\/div>\n<\/div><\/div><\/div><\/div><\/div><script id=\"script-row-unique-6\" data-row=\"script-row-unique-6\" type=\"text\/javascript\" class=\"vc_controls\">UNCODE.initRow(document.getElementById(\"row-unique-6\"));<\/script><\/div><\/div><\/div><div data-parent=\"true\" class=\"vc_row inverted-device-order row-container boomapps_vcrow\" id=\"row-unique-7\"><div class=\"row limit-width row-parent\"><div class=\"wpb_row auto-height-device row-inner\"><div class=\"wpb_column pos-top pos-center align_center column_parent col-lg-12 boomapps_vccolumn desktop-hidden tablet-hidden mobile-hidden single-internal-gutter\"><div class=\"uncol style-light\"  ><div class=\"uncoltable\"><div class=\"uncell  boomapps_vccolumn single-block-padding style-color-gyho-bg has-bg\" ><div class=\"uncont\" ><div class=\"vc_custom_heading_wrap \"><div class=\"heading-text el-text\" ><h2 class=\"h2\" ><span><span style=\"font-size: 18pt;color: #00bbbc\"><strong>EVENTI CONCLUSI<\/strong><\/span><\/span><\/h2><\/div><div class=\"clear\"><\/div><\/div><\/div><\/div><\/div><\/div><\/div><script id=\"script-row-unique-7\" data-row=\"script-row-unique-7\" type=\"text\/javascript\" class=\"vc_controls\">UNCODE.initRow(document.getElementById(\"row-unique-7\"));<\/script><\/div><\/div><\/div><div data-parent=\"true\" class=\"vc_row row-container boomapps_vcrow\" id=\"row-unique-8\"><div class=\"row limit-width row-parent\"><div class=\"wpb_row row-inner\"><div class=\"wpb_column pos-top pos-center align_left column_parent col-lg-12 boomapps_vccolumn desktop-hidden tablet-hidden mobile-hidden single-internal-gutter\"><div class=\"uncol style-light\"  ><div class=\"uncoltable\"><div class=\"uncell  boomapps_vccolumn single-block-padding style-color-gyho-bg has-bg\" ><div class=\"uncont\" ><div class=\"un-media-gallery owl-carousel-wrapper\">\n\t\t\n\t\n\t<div class=\"owl-carousel-container owl-carousel-loading single-gutter\" >\n\t\t\t\t\t\t\t\t\t<div id=\"gallery-948478\" class=\"owl-carousel owl-element owl-height-auto\" data-navmobile=\"false\" data-navspeed=\"400\" data-autoplay=\"true\" data-timeout=\"3000\" data-stagepadding=\"0\" data-lg=\"4\" data-md=\"3\" data-sm=\"1\">\n<div class=\"tmb tmb-carousel tmb-iso-h4 tmb-light tmb-overlay-text-anim tmb-overlay-anim tmb-overlay-middle tmb-overlay-text-left tmb-image-anim tmb-bordered tmb-id-20566  tmb-media-first tmb-media-last tmb-content-overlay tmb-no-bg tmb-lightbox\" ><div class=\"t-inside no-anim\" ><div class=\"t-entry-visual\"><div class=\"t-entry-visual-tc\"><div class=\"t-entry-visual-cont\"><div class=\"dummy\" style=\"padding-top: 141.3%;\"><\/div><a href=\"https:\/\/www.pedagogia.it\/stripes\/wp-content\/uploads\/sites\/7\/2018\/05\/PDP_MUSICA_E_POESIA_rev5_page-0001.jpg\"  class=\"pushed\" data-active=\"1\" data-lbox=\"ilightbox_gallery-948478\" data-options=\"width:1241,height:1754,thumbnail: 'https:\/\/www.pedagogia.it\/stripes\/wp-content\/uploads\/sites\/7\/2018\/05\/PDP_MUSICA_E_POESIA_rev5_page-0001-212x300.jpg'\" data-lb-index=\"0\"><div class=\"t-entry-visual-overlay\"><div class=\"t-entry-visual-overlay-in style-dark-bg\" style=\"opacity: 0.5;\"><\/div><\/div><img decoding=\"async\" class=\"wp-image-20566\" src=\"https:\/\/www.pedagogia.it\/stripes\/wp-content\/uploads\/sites\/7\/2018\/05\/PDP_MUSICA_E_POESIA_rev5_page-0001.jpg\" width=\"1241\" height=\"1754\" alt=\"\" srcset=\"https:\/\/www.pedagogia.it\/stripes\/wp-content\/uploads\/sites\/7\/2018\/05\/PDP_MUSICA_E_POESIA_rev5_page-0001.jpg 1241w, https:\/\/www.pedagogia.it\/stripes\/wp-content\/uploads\/sites\/7\/2018\/05\/PDP_MUSICA_E_POESIA_rev5_page-0001-212x300.jpg 212w, https:\/\/www.pedagogia.it\/stripes\/wp-content\/uploads\/sites\/7\/2018\/05\/PDP_MUSICA_E_POESIA_rev5_page-0001-725x1024.jpg 725w, https:\/\/www.pedagogia.it\/stripes\/wp-content\/uploads\/sites\/7\/2018\/05\/PDP_MUSICA_E_POESIA_rev5_page-0001-768x1085.jpg 768w, https:\/\/www.pedagogia.it\/stripes\/wp-content\/uploads\/sites\/7\/2018\/05\/PDP_MUSICA_E_POESIA_rev5_page-0001-1087x1536.jpg 1087w, https:\/\/www.pedagogia.it\/stripes\/wp-content\/uploads\/sites\/7\/2018\/05\/PDP_MUSICA_E_POESIA_rev5_page-0001-350x495.jpg 350w, https:\/\/www.pedagogia.it\/stripes\/wp-content\/uploads\/sites\/7\/2018\/05\/PDP_MUSICA_E_POESIA_rev5_page-0001-600x848.jpg 600w, https:\/\/www.pedagogia.it\/stripes\/wp-content\/uploads\/sites\/7\/2018\/05\/PDP_MUSICA_E_POESIA_rev5_page-0001-42x60.jpg 42w, https:\/\/www.pedagogia.it\/stripes\/wp-content\/uploads\/sites\/7\/2018\/05\/PDP_MUSICA_E_POESIA_rev5_page-0001-64x90.jpg 64w\" sizes=\"(max-width: 1241px) 100vw, 1241px\" \/><\/a><\/div>\n\t\t\t\t\t<\/div>\n\t\t\t\t<\/div><\/div><\/div><div class=\"tmb tmb-carousel tmb-iso-h4 tmb-light tmb-overlay-text-anim tmb-overlay-anim tmb-overlay-middle tmb-overlay-text-left tmb-image-anim tmb-bordered tmb-id-20564  tmb-media-first tmb-media-last tmb-content-overlay tmb-no-bg tmb-lightbox\" ><div class=\"t-inside no-anim\" ><div class=\"t-entry-visual\"><div class=\"t-entry-visual-tc\"><div class=\"t-entry-visual-cont\"><div class=\"dummy\" style=\"padding-top: 141.3%;\"><\/div><a href=\"https:\/\/www.pedagogia.it\/stripes\/wp-content\/uploads\/sites\/7\/2018\/05\/PDP_MIndfulness_2023_rev2_page-0001.jpg\"  class=\"pushed\" data-active=\"1\" data-lbox=\"ilightbox_gallery-948478\" data-options=\"width:1241,height:1754,thumbnail: 'https:\/\/www.pedagogia.it\/stripes\/wp-content\/uploads\/sites\/7\/2018\/05\/PDP_MIndfulness_2023_rev2_page-0001-212x300.jpg'\" data-lb-index=\"1\"><div class=\"t-entry-visual-overlay\"><div class=\"t-entry-visual-overlay-in style-dark-bg\" style=\"opacity: 0.5;\"><\/div><\/div><img decoding=\"async\" class=\"wp-image-20564\" src=\"https:\/\/www.pedagogia.it\/stripes\/wp-content\/uploads\/sites\/7\/2018\/05\/PDP_MIndfulness_2023_rev2_page-0001.jpg\" width=\"1241\" height=\"1754\" alt=\"\" srcset=\"https:\/\/www.pedagogia.it\/stripes\/wp-content\/uploads\/sites\/7\/2018\/05\/PDP_MIndfulness_2023_rev2_page-0001.jpg 1241w, https:\/\/www.pedagogia.it\/stripes\/wp-content\/uploads\/sites\/7\/2018\/05\/PDP_MIndfulness_2023_rev2_page-0001-212x300.jpg 212w, https:\/\/www.pedagogia.it\/stripes\/wp-content\/uploads\/sites\/7\/2018\/05\/PDP_MIndfulness_2023_rev2_page-0001-725x1024.jpg 725w, https:\/\/www.pedagogia.it\/stripes\/wp-content\/uploads\/sites\/7\/2018\/05\/PDP_MIndfulness_2023_rev2_page-0001-768x1085.jpg 768w, https:\/\/www.pedagogia.it\/stripes\/wp-content\/uploads\/sites\/7\/2018\/05\/PDP_MIndfulness_2023_rev2_page-0001-1087x1536.jpg 1087w, https:\/\/www.pedagogia.it\/stripes\/wp-content\/uploads\/sites\/7\/2018\/05\/PDP_MIndfulness_2023_rev2_page-0001-350x495.jpg 350w, https:\/\/www.pedagogia.it\/stripes\/wp-content\/uploads\/sites\/7\/2018\/05\/PDP_MIndfulness_2023_rev2_page-0001-600x848.jpg 600w, https:\/\/www.pedagogia.it\/stripes\/wp-content\/uploads\/sites\/7\/2018\/05\/PDP_MIndfulness_2023_rev2_page-0001-42x60.jpg 42w, https:\/\/www.pedagogia.it\/stripes\/wp-content\/uploads\/sites\/7\/2018\/05\/PDP_MIndfulness_2023_rev2_page-0001-64x90.jpg 64w\" sizes=\"(max-width: 1241px) 100vw, 1241px\" \/><\/a><\/div>\n\t\t\t\t\t<\/div>\n\t\t\t\t<\/div><\/div><\/div><div class=\"tmb tmb-carousel tmb-iso-h4 tmb-light tmb-overlay-text-anim tmb-overlay-anim tmb-overlay-middle tmb-overlay-text-left tmb-image-anim tmb-bordered tmb-id-20562  tmb-media-first tmb-media-last tmb-content-overlay tmb-no-bg tmb-lightbox\" ><div class=\"t-inside no-anim\" ><div class=\"t-entry-visual\"><div class=\"t-entry-visual-tc\"><div class=\"t-entry-visual-cont\"><div class=\"dummy\" style=\"padding-top: 141.3%;\"><\/div><a href=\"https:\/\/www.pedagogia.it\/stripes\/wp-content\/uploads\/sites\/7\/2018\/05\/PDP_SUONI_rev3_page-0001.jpg\"  class=\"pushed\" data-active=\"1\" data-lbox=\"ilightbox_gallery-948478\" data-options=\"width:1241,height:1754,thumbnail: 'https:\/\/www.pedagogia.it\/stripes\/wp-content\/uploads\/sites\/7\/2018\/05\/PDP_SUONI_rev3_page-0001-212x300.jpg'\" data-lb-index=\"2\"><div class=\"t-entry-visual-overlay\"><div class=\"t-entry-visual-overlay-in style-dark-bg\" style=\"opacity: 0.5;\"><\/div><\/div><img decoding=\"async\" class=\"wp-image-20562\" src=\"https:\/\/www.pedagogia.it\/stripes\/wp-content\/uploads\/sites\/7\/2018\/05\/PDP_SUONI_rev3_page-0001.jpg\" width=\"1241\" height=\"1754\" alt=\"\" srcset=\"https:\/\/www.pedagogia.it\/stripes\/wp-content\/uploads\/sites\/7\/2018\/05\/PDP_SUONI_rev3_page-0001.jpg 1241w, https:\/\/www.pedagogia.it\/stripes\/wp-content\/uploads\/sites\/7\/2018\/05\/PDP_SUONI_rev3_page-0001-212x300.jpg 212w, https:\/\/www.pedagogia.it\/stripes\/wp-content\/uploads\/sites\/7\/2018\/05\/PDP_SUONI_rev3_page-0001-725x1024.jpg 725w, https:\/\/www.pedagogia.it\/stripes\/wp-content\/uploads\/sites\/7\/2018\/05\/PDP_SUONI_rev3_page-0001-768x1085.jpg 768w, https:\/\/www.pedagogia.it\/stripes\/wp-content\/uploads\/sites\/7\/2018\/05\/PDP_SUONI_rev3_page-0001-1087x1536.jpg 1087w, https:\/\/www.pedagogia.it\/stripes\/wp-content\/uploads\/sites\/7\/2018\/05\/PDP_SUONI_rev3_page-0001-350x495.jpg 350w, https:\/\/www.pedagogia.it\/stripes\/wp-content\/uploads\/sites\/7\/2018\/05\/PDP_SUONI_rev3_page-0001-600x848.jpg 600w, https:\/\/www.pedagogia.it\/stripes\/wp-content\/uploads\/sites\/7\/2018\/05\/PDP_SUONI_rev3_page-0001-42x60.jpg 42w, https:\/\/www.pedagogia.it\/stripes\/wp-content\/uploads\/sites\/7\/2018\/05\/PDP_SUONI_rev3_page-0001-64x90.jpg 64w\" sizes=\"(max-width: 1241px) 100vw, 1241px\" \/><\/a><\/div>\n\t\t\t\t\t<\/div>\n\t\t\t\t<\/div><\/div><\/div><div class=\"tmb tmb-carousel tmb-iso-h4 tmb-light tmb-overlay-text-anim tmb-overlay-anim tmb-overlay-middle tmb-overlay-text-left tmb-image-anim tmb-bordered tmb-id-20548  tmb-media-first tmb-media-last tmb-content-overlay tmb-no-bg tmb-lightbox\" ><div class=\"t-inside no-anim\" ><div class=\"t-entry-visual\"><div class=\"t-entry-visual-tc\"><div class=\"t-entry-visual-cont\"><div class=\"dummy\" style=\"padding-top: 141.3%;\"><\/div><a href=\"https:\/\/www.pedagogia.it\/stripes\/wp-content\/uploads\/sites\/7\/2018\/05\/Volantino-PDP_SUPPORTO_STUDIO_DSA_medie_rev2_page-0001.jpg\"  class=\"pushed\" data-active=\"1\" data-lbox=\"ilightbox_gallery-948478\" data-options=\"width:1241,height:1754,thumbnail: 'https:\/\/www.pedagogia.it\/stripes\/wp-content\/uploads\/sites\/7\/2018\/05\/Volantino-PDP_SUPPORTO_STUDIO_DSA_medie_rev2_page-0001-212x300.jpg'\" data-lb-index=\"3\"><div class=\"t-entry-visual-overlay\"><div class=\"t-entry-visual-overlay-in style-dark-bg\" style=\"opacity: 0.5;\"><\/div><\/div><img decoding=\"async\" class=\"wp-image-20548\" src=\"https:\/\/www.pedagogia.it\/stripes\/wp-content\/uploads\/sites\/7\/2018\/05\/Volantino-PDP_SUPPORTO_STUDIO_DSA_medie_rev2_page-0001.jpg\" width=\"1241\" height=\"1754\" alt=\"\" srcset=\"https:\/\/www.pedagogia.it\/stripes\/wp-content\/uploads\/sites\/7\/2018\/05\/Volantino-PDP_SUPPORTO_STUDIO_DSA_medie_rev2_page-0001.jpg 1241w, https:\/\/www.pedagogia.it\/stripes\/wp-content\/uploads\/sites\/7\/2018\/05\/Volantino-PDP_SUPPORTO_STUDIO_DSA_medie_rev2_page-0001-212x300.jpg 212w, https:\/\/www.pedagogia.it\/stripes\/wp-content\/uploads\/sites\/7\/2018\/05\/Volantino-PDP_SUPPORTO_STUDIO_DSA_medie_rev2_page-0001-725x1024.jpg 725w, https:\/\/www.pedagogia.it\/stripes\/wp-content\/uploads\/sites\/7\/2018\/05\/Volantino-PDP_SUPPORTO_STUDIO_DSA_medie_rev2_page-0001-768x1085.jpg 768w, https:\/\/www.pedagogia.it\/stripes\/wp-content\/uploads\/sites\/7\/2018\/05\/Volantino-PDP_SUPPORTO_STUDIO_DSA_medie_rev2_page-0001-1087x1536.jpg 1087w, https:\/\/www.pedagogia.it\/stripes\/wp-content\/uploads\/sites\/7\/2018\/05\/Volantino-PDP_SUPPORTO_STUDIO_DSA_medie_rev2_page-0001-350x495.jpg 350w, https:\/\/www.pedagogia.it\/stripes\/wp-content\/uploads\/sites\/7\/2018\/05\/Volantino-PDP_SUPPORTO_STUDIO_DSA_medie_rev2_page-0001-600x848.jpg 600w, https:\/\/www.pedagogia.it\/stripes\/wp-content\/uploads\/sites\/7\/2018\/05\/Volantino-PDP_SUPPORTO_STUDIO_DSA_medie_rev2_page-0001-42x60.jpg 42w, https:\/\/www.pedagogia.it\/stripes\/wp-content\/uploads\/sites\/7\/2018\/05\/Volantino-PDP_SUPPORTO_STUDIO_DSA_medie_rev2_page-0001-64x90.jpg 64w\" sizes=\"(max-width: 1241px) 100vw, 1241px\" \/><\/a><\/div>\n\t\t\t\t\t<\/div>\n\t\t\t\t<\/div><\/div><\/div><div class=\"tmb tmb-carousel tmb-iso-h4 tmb-light tmb-overlay-text-anim tmb-overlay-anim tmb-overlay-middle tmb-overlay-text-left tmb-image-anim tmb-bordered tmb-id-20513  tmb-media-first tmb-media-last tmb-content-overlay tmb-no-bg tmb-lightbox\" ><div class=\"t-inside no-anim\" ><div class=\"t-entry-visual\"><div class=\"t-entry-visual-tc\"><div class=\"t-entry-visual-cont\"><div class=\"dummy\" style=\"padding-top: 141.5%;\"><\/div><a href=\"https:\/\/www.pedagogia.it\/stripes\/wp-content\/uploads\/sites\/7\/2018\/05\/PDP_SUPPORTO_STUDIO_DSA_rev2.jpg\"  class=\"pushed\" data-active=\"1\" data-lbox=\"ilightbox_gallery-948478\" data-options=\"width:1240,height:1754,thumbnail: 'https:\/\/www.pedagogia.it\/stripes\/wp-content\/uploads\/sites\/7\/2018\/05\/PDP_SUPPORTO_STUDIO_DSA_rev2-212x300.jpg'\" data-lb-index=\"4\"><div class=\"t-entry-visual-overlay\"><div class=\"t-entry-visual-overlay-in style-dark-bg\" style=\"opacity: 0.5;\"><\/div><\/div><img decoding=\"async\" class=\"wp-image-20513\" src=\"https:\/\/www.pedagogia.it\/stripes\/wp-content\/uploads\/sites\/7\/2018\/05\/PDP_SUPPORTO_STUDIO_DSA_rev2.jpg\" width=\"1240\" height=\"1754\" alt=\"\" srcset=\"https:\/\/www.pedagogia.it\/stripes\/wp-content\/uploads\/sites\/7\/2018\/05\/PDP_SUPPORTO_STUDIO_DSA_rev2.jpg 1240w, https:\/\/www.pedagogia.it\/stripes\/wp-content\/uploads\/sites\/7\/2018\/05\/PDP_SUPPORTO_STUDIO_DSA_rev2-212x300.jpg 212w, https:\/\/www.pedagogia.it\/stripes\/wp-content\/uploads\/sites\/7\/2018\/05\/PDP_SUPPORTO_STUDIO_DSA_rev2-724x1024.jpg 724w, https:\/\/www.pedagogia.it\/stripes\/wp-content\/uploads\/sites\/7\/2018\/05\/PDP_SUPPORTO_STUDIO_DSA_rev2-768x1086.jpg 768w, https:\/\/www.pedagogia.it\/stripes\/wp-content\/uploads\/sites\/7\/2018\/05\/PDP_SUPPORTO_STUDIO_DSA_rev2-1086x1536.jpg 1086w, https:\/\/www.pedagogia.it\/stripes\/wp-content\/uploads\/sites\/7\/2018\/05\/PDP_SUPPORTO_STUDIO_DSA_rev2-350x495.jpg 350w, https:\/\/www.pedagogia.it\/stripes\/wp-content\/uploads\/sites\/7\/2018\/05\/PDP_SUPPORTO_STUDIO_DSA_rev2-600x849.jpg 600w, https:\/\/www.pedagogia.it\/stripes\/wp-content\/uploads\/sites\/7\/2018\/05\/PDP_SUPPORTO_STUDIO_DSA_rev2-42x60.jpg 42w, https:\/\/www.pedagogia.it\/stripes\/wp-content\/uploads\/sites\/7\/2018\/05\/PDP_SUPPORTO_STUDIO_DSA_rev2-64x90.jpg 64w\" sizes=\"(max-width: 1240px) 100vw, 1240px\" \/><\/a><\/div>\n\t\t\t\t\t<\/div>\n\t\t\t\t<\/div><\/div><\/div>\t\t\t<\/div>\n\t\t\t\t\t<\/div>\n\n\t\n\t\n\t\n<\/div>\n\n<\/div><\/div><\/div><\/div><\/div><script id=\"script-row-unique-8\" data-row=\"script-row-unique-8\" type=\"text\/javascript\" class=\"vc_controls\">UNCODE.initRow(document.getElementById(\"row-unique-8\"));<\/script><\/div><\/div><\/div><div data-parent=\"true\" class=\"vc_row inverted-device-order row-container boomapps_vcrow\" id=\"row-unique-9\"><div class=\"row no-top-padding single-bottom-padding single-h-padding limit-width row-parent\"><div class=\"wpb_row auto-height-device row-inner\"><div class=\"wpb_column pos-middle pos-center align_left column_parent col-lg-6 boomapps_vccolumn single-internal-gutter\"><div class=\"uncol style-light\"  ><div class=\"uncoltable\"><div class=\"uncell  boomapps_vccolumn no-block-padding\" ><div class=\"uncont\" ><div class=\"uncode_text_column\" ><p><span style=\"font-size: 14pt\"><strong>INFO E CONTATTI<\/strong><\/span><\/p>\n<p><strong>RHO<\/strong> &#8211; Via San Domenico Savio 6<\/p>\n<p>Telefono: 345 4573307<\/p>\n<p>E-mail: <span style=\"text-decoration: underline\">ilpostodelleparole@pedagogia.it<\/span><\/p>\n<\/div><\/div><\/div><\/div><\/div><\/div><div class=\"wpb_column pos-top pos-center align_left column_parent col-lg-6 boomapps_vccolumn single-internal-gutter\"><div class=\"uncol style-light\"  ><div class=\"uncoltable\"><div class=\"uncell  boomapps_vccolumn no-block-padding\" ><div class=\"uncont\" ><div class=\"uncode-single-media  text-left\"><div class=\"single-wrapper\" style=\"max-width: 100%;\"><a class=\"single-media-link\" href=\"https:\/\/www.google.it\/maps\/place\/Il+posto+delle+parole\/@45.5304525,9.0295361,19.07z\/data=!4m6!3m5!1s0x4786ed9033298ddb:0xe2f092308c56f15e!8m2!3d45.530613!4d9.02937!16s%2Fg%2F11t6g7bf7y?hl=it&amp;entry=ttu&amp;g_ep=EgoyMDI1MDMxMi4wIKXMDSoASAFQAw%3D%3D\" target=\"_blank\"><div class=\"tmb tmb-light  tmb-media-first tmb-media-last tmb-content-overlay tmb-no-bg\"><div class=\"t-inside\"><div class=\"t-entry-visual\"><div class=\"t-entry-visual-tc\"><div class=\"uncode-single-media-wrapper\"><img decoding=\"async\" class=\"wp-image-23657\" src=\"https:\/\/www.pedagogia.it\/stripes\/wp-content\/uploads\/sites\/7\/2018\/05\/CARTINA.jpg\" width=\"1334\" height=\"1067\" alt=\"\" srcset=\"https:\/\/www.pedagogia.it\/stripes\/wp-content\/uploads\/sites\/7\/2018\/05\/CARTINA.jpg 1334w, https:\/\/www.pedagogia.it\/stripes\/wp-content\/uploads\/sites\/7\/2018\/05\/CARTINA-300x240.jpg 300w, https:\/\/www.pedagogia.it\/stripes\/wp-content\/uploads\/sites\/7\/2018\/05\/CARTINA-1024x819.jpg 1024w, https:\/\/www.pedagogia.it\/stripes\/wp-content\/uploads\/sites\/7\/2018\/05\/CARTINA-768x614.jpg 768w, https:\/\/www.pedagogia.it\/stripes\/wp-content\/uploads\/sites\/7\/2018\/05\/CARTINA-350x280.jpg 350w, https:\/\/www.pedagogia.it\/stripes\/wp-content\/uploads\/sites\/7\/2018\/05\/CARTINA-600x480.jpg 600w, https:\/\/www.pedagogia.it\/stripes\/wp-content\/uploads\/sites\/7\/2018\/05\/CARTINA-75x60.jpg 75w, https:\/\/www.pedagogia.it\/stripes\/wp-content\/uploads\/sites\/7\/2018\/05\/CARTINA-113x90.jpg 113w\" sizes=\"(max-width: 1334px) 100vw, 1334px\" \/><\/div>\n\t\t\t\t\t<\/div>\n\t\t\t\t<\/div><\/div><\/div><\/a><\/div><\/div><\/div><\/div><\/div><\/div><\/div><script id=\"script-row-unique-9\" data-row=\"script-row-unique-9\" type=\"text\/javascript\" class=\"vc_controls\">UNCODE.initRow(document.getElementById(\"row-unique-9\"));<\/script><\/div><\/div><\/div><div data-parent=\"true\" class=\"vc_row row-container boomapps_vcrow\" id=\"row-unique-10\"><div class=\"row limit-width row-parent\"><div class=\"wpb_row row-inner\"><div class=\"wpb_column pos-top pos-center align_left column_parent col-lg-12 boomapps_vccolumn single-internal-gutter\"><div class=\"uncol style-light\"  ><div class=\"uncoltable\"><div class=\"uncell  boomapps_vccolumn no-block-padding\" ><div class=\"uncont\" ><span class=\"btn-container\" ><a role=\"button\"  href=\"https:\/\/www.pedagogia.it\/stripes\/consulenza-psicopedagogica\/\" class=\"custom-link btn border-width-0 btn-color-wvjs btn-icon-left\" title=\"CENTRI DI CONSULENZA PSICOPEDAGOGICA\">TORNA AI CENTRI<\/a><\/span><\/div><\/div><\/div><\/div><\/div><script id=\"script-row-unique-10\" data-row=\"script-row-unique-10\" type=\"text\/javascript\" class=\"vc_controls\">UNCODE.initRow(document.getElementById(\"row-unique-10\"));<\/script><\/div><\/div><\/div><div data-parent=\"true\" class=\"vc_row row-container boomapps_vcrow\" id=\"row-unique-11\"><div class=\"row limit-width row-parent\"><div class=\"wpb_row row-inner\"><div class=\"wpb_column pos-top pos-center align_left column_parent col-lg-12 boomapps_vccolumn single-internal-gutter\"><div class=\"uncol style-light\"  ><div class=\"uncoltable\"><div class=\"uncell  boomapps_vccolumn no-block-padding\" ><div class=\"uncont\" ><\/div><\/div><\/div><\/div><\/div><script id=\"script-row-unique-11\" data-row=\"script-row-unique-11\" type=\"text\/javascript\" class=\"vc_controls\">UNCODE.initRow(document.getElementById(\"row-unique-11\"));<\/script><\/div><\/div><\/div><div data-parent=\"true\" class=\"vc_row row-container boomapps_vcrow\" id=\"row-unique-12\"><div class=\"row limit-width row-parent\"><div class=\"wpb_row row-inner\"><div class=\"wpb_column pos-top pos-center align_left column_parent col-lg-12 boomapps_vccolumn single-internal-gutter\"><div class=\"uncol style-light\"  ><div class=\"uncoltable\"><div class=\"uncell  boomapps_vccolumn no-block-padding\" ><div class=\"uncont\" ><\/div><\/div><\/div><\/div><\/div><script id=\"script-row-unique-12\" data-row=\"script-row-unique-12\" type=\"text\/javascript\" class=\"vc_controls\">UNCODE.initRow(document.getElementById(\"row-unique-12\"));<\/script><\/div><\/div><\/div>\n<\/div>","protected":false},"excerpt":{"rendered":"<p><a href=\\\\\\\\\\\\\\\\\\\\\\\\\\\\\\\"https:\/\/maps.app.goo.gl\/KeTcmFa3FLMYQrFdA\\\\\\\\\\\\\\\\\\\\\\\\\\\\\\\" target=\\\\\\\\\\\\\\\\\\\\\\\\\\\\\\\"_blank\\\\\\\\\\\\\\\\\\\\\\\\\\\\\\\">Via San Domenico Savio 6 &#8211; Rho<\/a><\/p>\n<p>Telefono: 345 4573307<\/p>\n<p>Mail: <a href=\\\\\\\\\\\\\\\\\\\\\\\\\\\\\\\"mailto:ilpostodelleparole@pedagogia.it\\\\\\\\\\\\\\\\\\\\\\\\\\\\\\\">ilpostodelleparole@pedagogia.it<\/a><\/p>\n","protected":false},"author":235,"featured_media":23772,"comment_status":"closed","ping_status":"open","sticky":false,"template":"","format":"standard","meta":{"give_campaign_id":0,"om_disable_all_campaigns":false,"_monsterinsights_skip_tracking":false,"_monsterinsights_sitenote_active":false,"_monsterinsights_sitenote_note":"","_monsterinsights_sitenote_category":0,"footnotes":""},"categories":[18,161],"tags":[],"class_list":["post-687","post","type-post","status-publish","format-standard","has-post-thumbnail","hentry","category-sfei_in_evidenza","category-centri-di-consulenza"],"aioseo_notices":[],"yoast_head":"<!-- This site is optimized with the Yoast SEO plugin v27.2 - https:\/\/yoast.com\/product\/yoast-seo-wordpress\/ -->\n<title>IL POSTO DELLE PAROLE - Stripes Cooperativa Sociale ONLUS<\/title>\n<meta name=\"robots\" content=\"index, follow, max-snippet:-1, max-image-preview:large, max-video-preview:-1\" \/>\n<link rel=\"canonical\" href=\"https:\/\/www.pedagogia.it\/stripes\/posto-delle-parole\/\" \/>\n<meta property=\"og:locale\" content=\"it_IT\" \/>\n<meta property=\"og:type\" content=\"article\" \/>\n<meta property=\"og:title\" content=\"IL POSTO DELLE PAROLE - Stripes Cooperativa Sociale ONLUS\" \/>\n<meta property=\"og:description\" content=\"Via San Domenico Savio 6 - Rho Telefono: 345 4573307 Mail: ilpostodelleparole@pedagogia.it\" \/>\n<meta property=\"og:url\" content=\"https:\/\/www.pedagogia.it\/stripes\/posto-delle-parole\/\" \/>\n<meta property=\"og:site_name\" content=\"Stripes Cooperativa Sociale ONLUS\" \/>\n<meta property=\"article:published_time\" content=\"2018-05-23T14:27:45+00:00\" \/>\n<meta property=\"article:modified_time\" content=\"2025-11-14T10:18:09+00:00\" \/>\n<meta property=\"og:image\" content=\"https:\/\/www.pedagogia.it\/stripes\/wp-content\/uploads\/sites\/7\/2019\/05\/3.jpg\" \/>\n\t<meta property=\"og:image:width\" content=\"500\" \/>\n\t<meta property=\"og:image:height\" content=\"500\" \/>\n\t<meta property=\"og:image:type\" content=\"image\/jpeg\" \/>\n<meta name=\"author\" content=\"Raul Jannone\" \/>\n<meta name=\"twitter:card\" content=\"summary_large_image\" \/>\n<meta name=\"twitter:label1\" content=\"Scritto da\" \/>\n\t<meta name=\"twitter:data1\" content=\"maracolombo\" \/>\n\t<meta name=\"twitter:label2\" content=\"Tempo di lettura stimato\" \/>\n\t<meta name=\"twitter:data2\" content=\"4 minuti\" \/>\n<script type=\"application\/ld+json\" class=\"yoast-schema-graph\">{\"@context\":\"https:\/\/schema.org\",\"@graph\":[{\"@type\":\"Article\",\"@id\":\"https:\/\/www.pedagogia.it\/stripes\/posto-delle-parole\/#article\",\"isPartOf\":{\"@id\":\"https:\/\/www.pedagogia.it\/stripes\/posto-delle-parole\/\"},\"author\":{\"name\":\"maracolombo\",\"@id\":\"https:\/\/www.pedagogia.it\/stripes\/#\/schema\/person\/c3931223708062d2bcd243fb82d0ece9\"},\"headline\":\"IL POSTO DELLE PAROLE\",\"datePublished\":\"2018-05-23T14:27:45+00:00\",\"dateModified\":\"2025-11-14T10:18:09+00:00\",\"mainEntityOfPage\":{\"@id\":\"https:\/\/www.pedagogia.it\/stripes\/posto-delle-parole\/\"},\"wordCount\":1522,\"image\":{\"@id\":\"https:\/\/www.pedagogia.it\/stripes\/posto-delle-parole\/#primaryimage\"},\"thumbnailUrl\":\"https:\/\/www.pedagogia.it\/stripes\/wp-content\/uploads\/sites\/7\/2019\/05\/3.jpg\",\"articleSection\":[\"SfeI in evidenza\",\"Centri di consulenza\"],\"inLanguage\":\"it-IT\"},{\"@type\":\"WebPage\",\"@id\":\"https:\/\/www.pedagogia.it\/stripes\/posto-delle-parole\/\",\"url\":\"https:\/\/www.pedagogia.it\/stripes\/posto-delle-parole\/\",\"name\":\"IL POSTO DELLE PAROLE - Stripes Cooperativa Sociale ONLUS\",\"isPartOf\":{\"@id\":\"https:\/\/www.pedagogia.it\/stripes\/#website\"},\"primaryImageOfPage\":{\"@id\":\"https:\/\/www.pedagogia.it\/stripes\/posto-delle-parole\/#primaryimage\"},\"image\":{\"@id\":\"https:\/\/www.pedagogia.it\/stripes\/posto-delle-parole\/#primaryimage\"},\"thumbnailUrl\":\"https:\/\/www.pedagogia.it\/stripes\/wp-content\/uploads\/sites\/7\/2019\/05\/3.jpg\",\"datePublished\":\"2018-05-23T14:27:45+00:00\",\"dateModified\":\"2025-11-14T10:18:09+00:00\",\"author\":{\"@id\":\"https:\/\/www.pedagogia.it\/stripes\/#\/schema\/person\/c3931223708062d2bcd243fb82d0ece9\"},\"breadcrumb\":{\"@id\":\"https:\/\/www.pedagogia.it\/stripes\/posto-delle-parole\/#breadcrumb\"},\"inLanguage\":\"it-IT\",\"potentialAction\":[{\"@type\":\"ReadAction\",\"target\":[\"https:\/\/www.pedagogia.it\/stripes\/posto-delle-parole\/\"]}]},{\"@type\":\"ImageObject\",\"inLanguage\":\"it-IT\",\"@id\":\"https:\/\/www.pedagogia.it\/stripes\/posto-delle-parole\/#primaryimage\",\"url\":\"https:\/\/www.pedagogia.it\/stripes\/wp-content\/uploads\/sites\/7\/2019\/05\/3.jpg\",\"contentUrl\":\"https:\/\/www.pedagogia.it\/stripes\/wp-content\/uploads\/sites\/7\/2019\/05\/3.jpg\",\"width\":500,\"height\":500},{\"@type\":\"BreadcrumbList\",\"@id\":\"https:\/\/www.pedagogia.it\/stripes\/posto-delle-parole\/#breadcrumb\",\"itemListElement\":[{\"@type\":\"ListItem\",\"position\":1,\"name\":\"Home\",\"item\":\"https:\/\/www.pedagogia.it\/stripes\/\"},{\"@type\":\"ListItem\",\"position\":2,\"name\":\"IL POSTO DELLE PAROLE\"}]},{\"@type\":\"WebSite\",\"@id\":\"https:\/\/www.pedagogia.it\/stripes\/#website\",\"url\":\"https:\/\/www.pedagogia.it\/stripes\/\",\"name\":\"Stripes Cooperativa Sociale ONLUS\",\"description\":\"\",\"potentialAction\":[{\"@type\":\"SearchAction\",\"target\":{\"@type\":\"EntryPoint\",\"urlTemplate\":\"https:\/\/www.pedagogia.it\/stripes\/?s={search_term_string}\"},\"query-input\":{\"@type\":\"PropertyValueSpecification\",\"valueRequired\":true,\"valueName\":\"search_term_string\"}}],\"inLanguage\":\"it-IT\"},{\"@type\":\"Person\",\"@id\":\"https:\/\/www.pedagogia.it\/stripes\/#\/schema\/person\/c3931223708062d2bcd243fb82d0ece9\",\"name\":\"maracolombo\",\"image\":{\"@type\":\"ImageObject\",\"inLanguage\":\"it-IT\",\"@id\":\"https:\/\/secure.gravatar.com\/avatar\/41e0ef966845c69af6e15fbbc059dac8078c1a5bd13ef103c3dd43007d08aec1?s=96&d=mm&r=ga412a0bc00134ae2702e216ce4f0e031\",\"url\":\"https:\/\/secure.gravatar.com\/avatar\/41e0ef966845c69af6e15fbbc059dac8078c1a5bd13ef103c3dd43007d08aec1?s=96&d=mm&r=g\",\"contentUrl\":\"https:\/\/secure.gravatar.com\/avatar\/41e0ef966845c69af6e15fbbc059dac8078c1a5bd13ef103c3dd43007d08aec1?s=96&d=mm&r=g\",\"caption\":\"maracolombo\"},\"url\":\"https:\/\/www.pedagogia.it\/stripes\/author\/maracolombo\/\"}]}<\/script>\n<!-- \/ Yoast SEO plugin. -->","yoast_head_json":{"title":"IL POSTO DELLE PAROLE - Stripes Cooperativa Sociale ONLUS","robots":{"index":"index","follow":"follow","max-snippet":"max-snippet:-1","max-image-preview":"max-image-preview:large","max-video-preview":"max-video-preview:-1"},"canonical":"https:\/\/www.pedagogia.it\/stripes\/posto-delle-parole\/","og_locale":"it_IT","og_type":"article","og_title":"IL POSTO DELLE PAROLE - Stripes Cooperativa Sociale ONLUS","og_description":"Via San Domenico Savio 6 - Rho Telefono: 345 4573307 Mail: ilpostodelleparole@pedagogia.it","og_url":"https:\/\/www.pedagogia.it\/stripes\/posto-delle-parole\/","og_site_name":"Stripes Cooperativa Sociale ONLUS","article_published_time":"2018-05-23T14:27:45+00:00","article_modified_time":"2025-11-14T10:18:09+00:00","og_image":[{"width":500,"height":500,"url":"https:\/\/www.pedagogia.it\/stripes\/wp-content\/uploads\/sites\/7\/2019\/05\/3.jpg","type":"image\/jpeg"}],"author":"Raul Jannone","twitter_card":"summary_large_image","twitter_misc":{"Scritto da":"maracolombo","Tempo di lettura stimato":"4 minuti"},"schema":{"@context":"https:\/\/schema.org","@graph":[{"@type":"Article","@id":"https:\/\/www.pedagogia.it\/stripes\/posto-delle-parole\/#article","isPartOf":{"@id":"https:\/\/www.pedagogia.it\/stripes\/posto-delle-parole\/"},"author":{"name":"maracolombo","@id":"https:\/\/www.pedagogia.it\/stripes\/#\/schema\/person\/c3931223708062d2bcd243fb82d0ece9"},"headline":"IL POSTO DELLE PAROLE","datePublished":"2018-05-23T14:27:45+00:00","dateModified":"2025-11-14T10:18:09+00:00","mainEntityOfPage":{"@id":"https:\/\/www.pedagogia.it\/stripes\/posto-delle-parole\/"},"wordCount":1522,"image":{"@id":"https:\/\/www.pedagogia.it\/stripes\/posto-delle-parole\/#primaryimage"},"thumbnailUrl":"https:\/\/www.pedagogia.it\/stripes\/wp-content\/uploads\/sites\/7\/2019\/05\/3.jpg","articleSection":["SfeI in evidenza","Centri di consulenza"],"inLanguage":"it-IT"},{"@type":"WebPage","@id":"https:\/\/www.pedagogia.it\/stripes\/posto-delle-parole\/","url":"https:\/\/www.pedagogia.it\/stripes\/posto-delle-parole\/","name":"IL POSTO DELLE PAROLE - Stripes Cooperativa Sociale ONLUS","isPartOf":{"@id":"https:\/\/www.pedagogia.it\/stripes\/#website"},"primaryImageOfPage":{"@id":"https:\/\/www.pedagogia.it\/stripes\/posto-delle-parole\/#primaryimage"},"image":{"@id":"https:\/\/www.pedagogia.it\/stripes\/posto-delle-parole\/#primaryimage"},"thumbnailUrl":"https:\/\/www.pedagogia.it\/stripes\/wp-content\/uploads\/sites\/7\/2019\/05\/3.jpg","datePublished":"2018-05-23T14:27:45+00:00","dateModified":"2025-11-14T10:18:09+00:00","author":{"@id":"https:\/\/www.pedagogia.it\/stripes\/#\/schema\/person\/c3931223708062d2bcd243fb82d0ece9"},"breadcrumb":{"@id":"https:\/\/www.pedagogia.it\/stripes\/posto-delle-parole\/#breadcrumb"},"inLanguage":"it-IT","potentialAction":[{"@type":"ReadAction","target":["https:\/\/www.pedagogia.it\/stripes\/posto-delle-parole\/"]}]},{"@type":"ImageObject","inLanguage":"it-IT","@id":"https:\/\/www.pedagogia.it\/stripes\/posto-delle-parole\/#primaryimage","url":"https:\/\/www.pedagogia.it\/stripes\/wp-content\/uploads\/sites\/7\/2019\/05\/3.jpg","contentUrl":"https:\/\/www.pedagogia.it\/stripes\/wp-content\/uploads\/sites\/7\/2019\/05\/3.jpg","width":500,"height":500},{"@type":"BreadcrumbList","@id":"https:\/\/www.pedagogia.it\/stripes\/posto-delle-parole\/#breadcrumb","itemListElement":[{"@type":"ListItem","position":1,"name":"Home","item":"https:\/\/www.pedagogia.it\/stripes\/"},{"@type":"ListItem","position":2,"name":"IL POSTO DELLE PAROLE"}]},{"@type":"WebSite","@id":"https:\/\/www.pedagogia.it\/stripes\/#website","url":"https:\/\/www.pedagogia.it\/stripes\/","name":"Stripes Cooperativa Sociale ONLUS","description":"","potentialAction":[{"@type":"SearchAction","target":{"@type":"EntryPoint","urlTemplate":"https:\/\/www.pedagogia.it\/stripes\/?s={search_term_string}"},"query-input":{"@type":"PropertyValueSpecification","valueRequired":true,"valueName":"search_term_string"}}],"inLanguage":"it-IT"},{"@type":"Person","@id":"https:\/\/www.pedagogia.it\/stripes\/#\/schema\/person\/c3931223708062d2bcd243fb82d0ece9","name":"maracolombo","image":{"@type":"ImageObject","inLanguage":"it-IT","@id":"https:\/\/secure.gravatar.com\/avatar\/41e0ef966845c69af6e15fbbc059dac8078c1a5bd13ef103c3dd43007d08aec1?s=96&d=mm&r=ga412a0bc00134ae2702e216ce4f0e031","url":"https:\/\/secure.gravatar.com\/avatar\/41e0ef966845c69af6e15fbbc059dac8078c1a5bd13ef103c3dd43007d08aec1?s=96&d=mm&r=g","contentUrl":"https:\/\/secure.gravatar.com\/avatar\/41e0ef966845c69af6e15fbbc059dac8078c1a5bd13ef103c3dd43007d08aec1?s=96&d=mm&r=g","caption":"maracolombo"},"url":"https:\/\/www.pedagogia.it\/stripes\/author\/maracolombo\/"}]}},"authors":[],"_links":{"self":[{"href":"https:\/\/www.pedagogia.it\/stripes\/wp-json\/wp\/v2\/posts\/687","targetHints":{"allow":["GET"]}}],"collection":[{"href":"https:\/\/www.pedagogia.it\/stripes\/wp-json\/wp\/v2\/posts"}],"about":[{"href":"https:\/\/www.pedagogia.it\/stripes\/wp-json\/wp\/v2\/types\/post"}],"author":[{"embeddable":true,"href":"https:\/\/www.pedagogia.it\/stripes\/wp-json\/wp\/v2\/users\/235"}],"replies":[{"embeddable":true,"href":"https:\/\/www.pedagogia.it\/stripes\/wp-json\/wp\/v2\/comments?post=687"}],"version-history":[{"count":52,"href":"https:\/\/www.pedagogia.it\/stripes\/wp-json\/wp\/v2\/posts\/687\/revisions"}],"predecessor-version":[{"id":25766,"href":"https:\/\/www.pedagogia.it\/stripes\/wp-json\/wp\/v2\/posts\/687\/revisions\/25766"}],"wp:featuredmedia":[{"embeddable":true,"href":"https:\/\/www.pedagogia.it\/stripes\/wp-json\/wp\/v2\/media\/23772"}],"wp:attachment":[{"href":"https:\/\/www.pedagogia.it\/stripes\/wp-json\/wp\/v2\/media?parent=687"}],"wp:term":[{"taxonomy":"category","embeddable":true,"href":"https:\/\/www.pedagogia.it\/stripes\/wp-json\/wp\/v2\/categories?post=687"},{"taxonomy":"post_tag","embeddable":true,"href":"https:\/\/www.pedagogia.it\/stripes\/wp-json\/wp\/v2\/tags?post=687"}],"curies":[{"name":"wp","href":"https:\/\/api.w.org\/{rel}","templated":true}]}}