{"id":7478,"date":"2020-05-28T12:17:10","date_gmt":"2020-05-28T10:17:10","guid":{"rendered":"https:\/\/www.pedagogia.it\/stripes\/?p=7478"},"modified":"2022-03-30T13:12:16","modified_gmt":"2022-03-30T11:12:16","slug":"7478-2","status":"publish","type":"post","link":"https:\/\/www.pedagogia.it\/stripes\/7478-2\/","title":{"rendered":"San Pietro : Abitiamo il sociale"},"content":{"rendered":"<div class=\"wpb-content-wrapper\"><div data-parent=\"true\" class=\"vc_row row-container boomapps_vcrow\" id=\"row-unique-0\"><div class=\"row limit-width row-parent\"><div class=\"wpb_row row-inner\"><div class=\"wpb_column pos-top pos-center align_left column_parent col-lg-8 boomapps_vccolumn single-internal-gutter\"><div class=\"uncol style-light\"  ><div class=\"uncoltable\"><div class=\"uncell  boomapps_vccolumn no-block-padding\" ><div class=\"uncont\" ><div class=\"uncode_text_column\" ><\/p>\n<blockquote>\n<p>Il progetto <b>San Pietro: <\/b><strong><b>A<\/b><\/strong><strong>bitiamo il sociale<\/strong> prende il via grazie al lavoro di:<\/p>\n<\/blockquote>\n<blockquote>\n<p>Consorzio Cooperho in collaborazione con <a href=\"http:\/\/www.stripes.it\/\">Coop. Stripes Soc. Onlus<\/a>, Coop. A&amp;I con il contributo di Regione Lombardia Bando POR FSE 2014-2020 \u2013 Unione Europea<\/p>\n<\/blockquote>\n<p>&nbsp;<\/p>\n<h2 class=\"western\">IL PROGETTO<\/h2>\n<p align=\"justify\"><strong><span style=\"font-family: Liberation Serif, serif\">Il progetto promuove la realizzazione di \u201cLaboratori Sociali\u201d volti a sostenere e realizzare condizioni abitative non solo rispondenti a criteri di efficienza immobiliare, ma anche in grado di favorire una migliore qualit\u00e0 delle relazioni sociali e interpersonali. Il \u201cLaboratorio Sociale\u201d \u00e8 realizzato come uno spazio aperto, aperto al contributo di molteplici attori, pubblici (Comune e ALER) e privati (Terzo Settore) in cui si affronta con i cittadini il tema dell\u2019abitare con particolare attenzione alle tematiche sociali<\/span><\/strong><span style=\"font-family: Liberation Serif, serif\">\u00a0<\/span><\/p>\n<p align=\"justify\">La finalit\u00e0 del progetto \u201cSan Pietro: Abitiamo il Sociale\u201d \u00e8 quello di favorire la costruzione di una comunit\u00e0 abitativa nella Frazione di San Pietro all\u2019Olmo nel Comune di Cornaredo collegata ad un miglioramento della qualit\u00e0 abitativa e allo sviluppo di nuove modalit\u00e0 e nuovi strumenti di gestione.<\/p>\n<p align=\"justify\"><b>Obiettivo specifico<\/b> del progetto \u00e8 il contrasto a situazioni di morosit\u00e0 (spesso incolpevole), al degrado, alla marginalit\u00e0 e al senso di insicurezza, attraverso una gestione sociale e condivisa del bene, la lotta alla disoccupazione e la promozione dell\u2019autogestione come strumento, anche culturale, di cura e rispetto del proprio quartiere<\/p>\n<h2 class=\"western\" align=\"justify\"><span style=\"font-family: Liberation Sans, sans-serif\">LE ATTIVIT\u00c1<\/span><\/h2>\n<p>Le nostre attivit\u00e0 :<\/p>\n<ul type=\"square\">\n<li>Sensibilizzazione e coinvolgimento della popolazione del quartiere<\/li>\n<li>Laboratorio Sociale: L\u2019autogestione come strumento di coinvolgimento e partecipazione della cittadinanza<\/li>\n<li>\u201cPromozione dell\u2019autogestione\u201d: Laboratori di comunit\u00e0<\/li>\n<li>\u201cPrevenzione e contrasto alla morosit\u00e0\u201d: Educazione Finanziaria<\/li>\n<li>\u201cPrevenzione e contrasto alla morosit\u00e0\u201d: educazione energetica<\/li>\n<li>\u201cAbitare assistito e contrasto al disagio sociale\u201d: Custodia Sociale<\/li>\n<li>\u201cAbitare assistito e contrasto al disagio sociale\u201d: Animazione di quartiere<\/li>\n<li>\u201cAbitare assistito e contrasto al disagio sociale\u201d: Accesso ai servizi territoriali\/Sportello polifunzionale<\/li>\n<\/ul>\n<p>Seguici sulla pagina facebook:<\/p>\n<\/div><span class=\"btn-container\" ><a role=\"button\"  href=\"https:\/\/www.pedagogia.it\/stripes\/area-sviluppo-territorio\/\" class=\"custom-link btn border-width-0 btn-accent btn-round btn-shadow btn-icon-left btn-ripple-in btn-border-animated\" target=\"_blank\">SCOPRI GLI ALTRI PROGETTI DELL&#8217;AREA SVILUPPO E TERRITORIO<\/a><\/span><\/div><\/div><\/div><\/div><\/div><div class=\"wpb_column pos-top pos-center align_left column_parent col-lg-4 boomapps_vccolumn single-internal-gutter\"><div class=\"uncol style-light\"  ><div class=\"uncoltable\"><div class=\"uncell  vc_custom_1572537162843 boomapps_vccolumn single-block-padding style-color-gyho-bg has-bg\" style=\"padding-top: 5px ;padding-right: 5px ;padding-bottom: 5px ;padding-left: 5px ;\" ><div class=\"uncont\" ><div class=\"vc_custom_heading_wrap \"><div class=\"heading-text el-text\" ><\/p>\n<h2><em>Newsletter<\/em><\/h2>\n<p>\n<\/div><div class=\"clear\"><\/div><\/div>\n<div class=\"wpcf7 no-js\" id=\"wpcf7-f4424-o1\" lang=\"it-IT\" dir=\"ltr\" data-wpcf7-id=\"4424\">\n<div class=\"screen-reader-response\"><p role=\"status\" aria-live=\"polite\" aria-atomic=\"true\"><\/p> <ul><\/ul><\/div>\n<form action=\"\/stripes\/wp-json\/wp\/v2\/posts\/7478#wpcf7-f4424-o1\" method=\"post\" class=\"wpcf7-form init\" aria-label=\"Modulo di contatto\" novalidate=\"novalidate\" data-status=\"init\">\n<fieldset class=\"hidden-fields-container\"><input type=\"hidden\" name=\"_wpcf7\" value=\"4424\" \/><input type=\"hidden\" name=\"_wpcf7_version\" value=\"6.1.5\" \/><input type=\"hidden\" name=\"_wpcf7_locale\" value=\"it_IT\" \/><input type=\"hidden\" name=\"_wpcf7_unit_tag\" value=\"wpcf7-f4424-o1\" \/><input type=\"hidden\" name=\"_wpcf7_container_post\" value=\"0\" \/><input type=\"hidden\" name=\"_wpcf7_posted_data_hash\" value=\"\" \/><input type=\"hidden\" name=\"_wpcf7_recaptcha_response\" value=\"\" \/>\n<\/fieldset>\n<div id=\u201dtwo-column\u201d>\n\t<div id=\u201dleft\u201d>\n\t\t<p>First Name<br \/>\n<span class=\"wpcf7-form-control-wrap\" data-name=\"first-name\"><input size=\"40\" maxlength=\"400\" class=\"wpcf7-form-control wpcf7-text wpcf7-validates-as-required\" aria-required=\"true\" aria-invalid=\"false\" value=\"\" type=\"text\" name=\"first-name\" \/><\/span>\n\t\t<\/p>\n\t\t<p>Email<br \/>\n<span class=\"wpcf7-form-control-wrap\" data-name=\"your-email\"><input size=\"40\" maxlength=\"400\" class=\"wpcf7-form-control wpcf7-email wpcf7-validates-as-required wpcf7-text wpcf7-validates-as-email\" aria-required=\"true\" aria-invalid=\"false\" value=\"\" type=\"email\" name=\"your-email\" \/><\/span>\n\t\t<\/p>\n\t<\/div>\n\t<div id=\u201dright\u201d>\n\t\t<p>Last Name<br \/>\n<span class=\"wpcf7-form-control-wrap\" data-name=\"last-name\"><input size=\"40\" maxlength=\"400\" class=\"wpcf7-form-control wpcf7-text wpcf7-validates-as-required\" aria-required=\"true\" aria-invalid=\"false\" value=\"\" type=\"text\" name=\"last-name\" \/><\/span>\n\t\t<\/p>\n\t\t<p>Dichiaro di aver letto l'informativa della <a href=\"https:\/\/www.pedagogia.it\/stripes\/privacy-policy\/\">privacy<\/a> e di acconsentire al trattamento dei dati personali (richiesto)<br \/>\n<span class=\"wpcf7-form-control-wrap\" data-name=\"privacy\"><span class=\"wpcf7-form-control wpcf7-acceptance\"><span class=\"wpcf7-list-item\"><input type=\"checkbox\" name=\"privacy\" value=\"1\" aria-invalid=\"false\" \/><\/span><\/span><\/span>\n\t\t<\/p>\n\t<\/div>\n<\/div><div class=\"wpcf7-response-output\" aria-hidden=\"true\"><\/div>\n<\/form>\n<\/div>\n<\/div><\/div><\/div><\/div><\/div><script id=\"script-row-unique-0\" data-row=\"script-row-unique-0\" type=\"text\/javascript\" class=\"vc_controls\">UNCODE.initRow(document.getElementById(\"row-unique-0\"));<\/script><\/div><\/div><\/div>\n<\/div>","protected":false},"excerpt":{"rendered":"Il progetto San Pietro: Abitiamo il sociale prende il via grazie al lavoro di: Consorzio Cooperho in collaborazione con Coop. [...]","protected":false},"author":229,"featured_media":7480,"comment_status":"closed","ping_status":"open","sticky":false,"template":"","format":"standard","meta":{"give_campaign_id":0,"om_disable_all_campaigns":false,"_monsterinsights_skip_tracking":false,"_monsterinsights_sitenote_active":false,"_monsterinsights_sitenote_note":"","_monsterinsights_sitenote_category":0,"footnotes":""},"categories":[12],"tags":[285,286,380],"class_list":["post-7478","post","type-post","status-publish","format-standard","has-post-thumbnail","hentry","category-sviluppo-e-territorio","tag-sociale","tag-custodia","tag-progetti-conclusi"],"aioseo_notices":[],"yoast_head":"<!-- This site is optimized with the Yoast SEO plugin v27.2 - https:\/\/yoast.com\/product\/yoast-seo-wordpress\/ -->\n<title>San Pietro : Abitiamo il sociale - Stripes Cooperativa Sociale ONLUS<\/title>\n<meta name=\"robots\" content=\"index, follow, max-snippet:-1, max-image-preview:large, max-video-preview:-1\" \/>\n<link rel=\"canonical\" href=\"https:\/\/www.pedagogia.it\/stripes\/7478-2\/\" \/>\n<meta property=\"og:locale\" content=\"it_IT\" \/>\n<meta property=\"og:type\" content=\"article\" \/>\n<meta property=\"og:title\" content=\"San Pietro : Abitiamo il sociale - Stripes Cooperativa Sociale ONLUS\" \/>\n<meta property=\"og:url\" content=\"https:\/\/www.pedagogia.it\/stripes\/7478-2\/\" \/>\n<meta property=\"og:site_name\" content=\"Stripes Cooperativa Sociale ONLUS\" \/>\n<meta property=\"article:published_time\" content=\"2020-05-28T10:17:10+00:00\" \/>\n<meta property=\"article:modified_time\" content=\"2022-03-30T11:12:16+00:00\" \/>\n<meta property=\"og:image\" content=\"https:\/\/www.pedagogia.it\/stripes\/wp-content\/uploads\/sites\/7\/2020\/05\/foto-fb-abitiamo-il-sociale-1.png\" \/>\n\t<meta property=\"og:image:width\" content=\"800\" \/>\n\t<meta property=\"og:image:height\" content=\"628\" \/>\n\t<meta property=\"og:image:type\" content=\"image\/png\" \/>\n<meta name=\"author\" content=\"michelabrugali\" \/>\n<meta name=\"twitter:card\" content=\"summary_large_image\" \/>\n<meta name=\"twitter:label1\" content=\"Scritto da\" \/>\n\t<meta name=\"twitter:data1\" content=\"michelabrugali\" \/>\n\t<meta name=\"twitter:label2\" content=\"Tempo di lettura stimato\" \/>\n\t<meta name=\"twitter:data2\" content=\"2 minuti\" \/>\n<script type=\"application\/ld+json\" class=\"yoast-schema-graph\">{\"@context\":\"https:\/\/schema.org\",\"@graph\":[{\"@type\":\"Article\",\"@id\":\"https:\/\/www.pedagogia.it\/stripes\/7478-2\/#article\",\"isPartOf\":{\"@id\":\"https:\/\/www.pedagogia.it\/stripes\/7478-2\/\"},\"author\":{\"name\":\"michelabrugali\",\"@id\":\"https:\/\/www.pedagogia.it\/stripes\/#\/schema\/person\/e1190cc92e12f710204d31e3efc77c82\"},\"headline\":\"San Pietro : Abitiamo il sociale\",\"datePublished\":\"2020-05-28T10:17:10+00:00\",\"dateModified\":\"2022-03-30T11:12:16+00:00\",\"mainEntityOfPage\":{\"@id\":\"https:\/\/www.pedagogia.it\/stripes\/7478-2\/\"},\"wordCount\":412,\"image\":{\"@id\":\"https:\/\/www.pedagogia.it\/stripes\/7478-2\/#primaryimage\"},\"thumbnailUrl\":\"https:\/\/www.pedagogia.it\/stripes\/wp-content\/uploads\/sites\/7\/2020\/05\/foto-fb-abitiamo-il-sociale-1.png\",\"keywords\":[\"sociale\",\"custodia\",\"progetti conclusi\"],\"articleSection\":[\"sviluppo e territorio\"],\"inLanguage\":\"it-IT\"},{\"@type\":\"WebPage\",\"@id\":\"https:\/\/www.pedagogia.it\/stripes\/7478-2\/\",\"url\":\"https:\/\/www.pedagogia.it\/stripes\/7478-2\/\",\"name\":\"San Pietro : Abitiamo il sociale - Stripes Cooperativa Sociale ONLUS\",\"isPartOf\":{\"@id\":\"https:\/\/www.pedagogia.it\/stripes\/#website\"},\"primaryImageOfPage\":{\"@id\":\"https:\/\/www.pedagogia.it\/stripes\/7478-2\/#primaryimage\"},\"image\":{\"@id\":\"https:\/\/www.pedagogia.it\/stripes\/7478-2\/#primaryimage\"},\"thumbnailUrl\":\"https:\/\/www.pedagogia.it\/stripes\/wp-content\/uploads\/sites\/7\/2020\/05\/foto-fb-abitiamo-il-sociale-1.png\",\"datePublished\":\"2020-05-28T10:17:10+00:00\",\"dateModified\":\"2022-03-30T11:12:16+00:00\",\"author\":{\"@id\":\"https:\/\/www.pedagogia.it\/stripes\/#\/schema\/person\/e1190cc92e12f710204d31e3efc77c82\"},\"breadcrumb\":{\"@id\":\"https:\/\/www.pedagogia.it\/stripes\/7478-2\/#breadcrumb\"},\"inLanguage\":\"it-IT\",\"potentialAction\":[{\"@type\":\"ReadAction\",\"target\":[\"https:\/\/www.pedagogia.it\/stripes\/7478-2\/\"]}]},{\"@type\":\"ImageObject\",\"inLanguage\":\"it-IT\",\"@id\":\"https:\/\/www.pedagogia.it\/stripes\/7478-2\/#primaryimage\",\"url\":\"https:\/\/www.pedagogia.it\/stripes\/wp-content\/uploads\/sites\/7\/2020\/05\/foto-fb-abitiamo-il-sociale-1.png\",\"contentUrl\":\"https:\/\/www.pedagogia.it\/stripes\/wp-content\/uploads\/sites\/7\/2020\/05\/foto-fb-abitiamo-il-sociale-1.png\",\"width\":800,\"height\":628},{\"@type\":\"BreadcrumbList\",\"@id\":\"https:\/\/www.pedagogia.it\/stripes\/7478-2\/#breadcrumb\",\"itemListElement\":[{\"@type\":\"ListItem\",\"position\":1,\"name\":\"Home\",\"item\":\"https:\/\/www.pedagogia.it\/stripes\/\"},{\"@type\":\"ListItem\",\"position\":2,\"name\":\"San Pietro : Abitiamo il sociale\"}]},{\"@type\":\"WebSite\",\"@id\":\"https:\/\/www.pedagogia.it\/stripes\/#website\",\"url\":\"https:\/\/www.pedagogia.it\/stripes\/\",\"name\":\"Stripes Cooperativa Sociale ONLUS\",\"description\":\"\",\"potentialAction\":[{\"@type\":\"SearchAction\",\"target\":{\"@type\":\"EntryPoint\",\"urlTemplate\":\"https:\/\/www.pedagogia.it\/stripes\/?s={search_term_string}\"},\"query-input\":{\"@type\":\"PropertyValueSpecification\",\"valueRequired\":true,\"valueName\":\"search_term_string\"}}],\"inLanguage\":\"it-IT\"},{\"@type\":\"Person\",\"@id\":\"https:\/\/www.pedagogia.it\/stripes\/#\/schema\/person\/e1190cc92e12f710204d31e3efc77c82\",\"name\":\"michelabrugali\",\"image\":{\"@type\":\"ImageObject\",\"inLanguage\":\"it-IT\",\"@id\":\"https:\/\/secure.gravatar.com\/avatar\/8738d4d83cda34595c6e076f6b28c84f2e2e1941bb9f1f6d3e71438ec8047cd7?s=96&d=mm&r=g24d0c5dbb3103838321a694af4da30f3\",\"url\":\"https:\/\/secure.gravatar.com\/avatar\/8738d4d83cda34595c6e076f6b28c84f2e2e1941bb9f1f6d3e71438ec8047cd7?s=96&d=mm&r=g\",\"contentUrl\":\"https:\/\/secure.gravatar.com\/avatar\/8738d4d83cda34595c6e076f6b28c84f2e2e1941bb9f1f6d3e71438ec8047cd7?s=96&d=mm&r=g\",\"caption\":\"michelabrugali\"},\"url\":\"https:\/\/www.pedagogia.it\/stripes\/author\/michelabrugali\/\"}]}<\/script>\n<!-- \/ Yoast SEO plugin. -->","yoast_head_json":{"title":"San Pietro : Abitiamo il sociale - Stripes Cooperativa Sociale ONLUS","robots":{"index":"index","follow":"follow","max-snippet":"max-snippet:-1","max-image-preview":"max-image-preview:large","max-video-preview":"max-video-preview:-1"},"canonical":"https:\/\/www.pedagogia.it\/stripes\/7478-2\/","og_locale":"it_IT","og_type":"article","og_title":"San Pietro : Abitiamo il sociale - Stripes Cooperativa Sociale ONLUS","og_url":"https:\/\/www.pedagogia.it\/stripes\/7478-2\/","og_site_name":"Stripes Cooperativa Sociale ONLUS","article_published_time":"2020-05-28T10:17:10+00:00","article_modified_time":"2022-03-30T11:12:16+00:00","og_image":[{"width":800,"height":628,"url":"https:\/\/www.pedagogia.it\/stripes\/wp-content\/uploads\/sites\/7\/2020\/05\/foto-fb-abitiamo-il-sociale-1.png","type":"image\/png"}],"author":"michelabrugali","twitter_card":"summary_large_image","twitter_misc":{"Scritto da":"michelabrugali","Tempo di lettura stimato":"2 minuti"},"schema":{"@context":"https:\/\/schema.org","@graph":[{"@type":"Article","@id":"https:\/\/www.pedagogia.it\/stripes\/7478-2\/#article","isPartOf":{"@id":"https:\/\/www.pedagogia.it\/stripes\/7478-2\/"},"author":{"name":"michelabrugali","@id":"https:\/\/www.pedagogia.it\/stripes\/#\/schema\/person\/e1190cc92e12f710204d31e3efc77c82"},"headline":"San Pietro : Abitiamo il sociale","datePublished":"2020-05-28T10:17:10+00:00","dateModified":"2022-03-30T11:12:16+00:00","mainEntityOfPage":{"@id":"https:\/\/www.pedagogia.it\/stripes\/7478-2\/"},"wordCount":412,"image":{"@id":"https:\/\/www.pedagogia.it\/stripes\/7478-2\/#primaryimage"},"thumbnailUrl":"https:\/\/www.pedagogia.it\/stripes\/wp-content\/uploads\/sites\/7\/2020\/05\/foto-fb-abitiamo-il-sociale-1.png","keywords":["sociale","custodia","progetti conclusi"],"articleSection":["sviluppo e territorio"],"inLanguage":"it-IT"},{"@type":"WebPage","@id":"https:\/\/www.pedagogia.it\/stripes\/7478-2\/","url":"https:\/\/www.pedagogia.it\/stripes\/7478-2\/","name":"San Pietro : Abitiamo il sociale - Stripes Cooperativa Sociale ONLUS","isPartOf":{"@id":"https:\/\/www.pedagogia.it\/stripes\/#website"},"primaryImageOfPage":{"@id":"https:\/\/www.pedagogia.it\/stripes\/7478-2\/#primaryimage"},"image":{"@id":"https:\/\/www.pedagogia.it\/stripes\/7478-2\/#primaryimage"},"thumbnailUrl":"https:\/\/www.pedagogia.it\/stripes\/wp-content\/uploads\/sites\/7\/2020\/05\/foto-fb-abitiamo-il-sociale-1.png","datePublished":"2020-05-28T10:17:10+00:00","dateModified":"2022-03-30T11:12:16+00:00","author":{"@id":"https:\/\/www.pedagogia.it\/stripes\/#\/schema\/person\/e1190cc92e12f710204d31e3efc77c82"},"breadcrumb":{"@id":"https:\/\/www.pedagogia.it\/stripes\/7478-2\/#breadcrumb"},"inLanguage":"it-IT","potentialAction":[{"@type":"ReadAction","target":["https:\/\/www.pedagogia.it\/stripes\/7478-2\/"]}]},{"@type":"ImageObject","inLanguage":"it-IT","@id":"https:\/\/www.pedagogia.it\/stripes\/7478-2\/#primaryimage","url":"https:\/\/www.pedagogia.it\/stripes\/wp-content\/uploads\/sites\/7\/2020\/05\/foto-fb-abitiamo-il-sociale-1.png","contentUrl":"https:\/\/www.pedagogia.it\/stripes\/wp-content\/uploads\/sites\/7\/2020\/05\/foto-fb-abitiamo-il-sociale-1.png","width":800,"height":628},{"@type":"BreadcrumbList","@id":"https:\/\/www.pedagogia.it\/stripes\/7478-2\/#breadcrumb","itemListElement":[{"@type":"ListItem","position":1,"name":"Home","item":"https:\/\/www.pedagogia.it\/stripes\/"},{"@type":"ListItem","position":2,"name":"San Pietro : Abitiamo il sociale"}]},{"@type":"WebSite","@id":"https:\/\/www.pedagogia.it\/stripes\/#website","url":"https:\/\/www.pedagogia.it\/stripes\/","name":"Stripes Cooperativa Sociale ONLUS","description":"","potentialAction":[{"@type":"SearchAction","target":{"@type":"EntryPoint","urlTemplate":"https:\/\/www.pedagogia.it\/stripes\/?s={search_term_string}"},"query-input":{"@type":"PropertyValueSpecification","valueRequired":true,"valueName":"search_term_string"}}],"inLanguage":"it-IT"},{"@type":"Person","@id":"https:\/\/www.pedagogia.it\/stripes\/#\/schema\/person\/e1190cc92e12f710204d31e3efc77c82","name":"michelabrugali","image":{"@type":"ImageObject","inLanguage":"it-IT","@id":"https:\/\/secure.gravatar.com\/avatar\/8738d4d83cda34595c6e076f6b28c84f2e2e1941bb9f1f6d3e71438ec8047cd7?s=96&d=mm&r=g24d0c5dbb3103838321a694af4da30f3","url":"https:\/\/secure.gravatar.com\/avatar\/8738d4d83cda34595c6e076f6b28c84f2e2e1941bb9f1f6d3e71438ec8047cd7?s=96&d=mm&r=g","contentUrl":"https:\/\/secure.gravatar.com\/avatar\/8738d4d83cda34595c6e076f6b28c84f2e2e1941bb9f1f6d3e71438ec8047cd7?s=96&d=mm&r=g","caption":"michelabrugali"},"url":"https:\/\/www.pedagogia.it\/stripes\/author\/michelabrugali\/"}]}},"authors":[],"_links":{"self":[{"href":"https:\/\/www.pedagogia.it\/stripes\/wp-json\/wp\/v2\/posts\/7478","targetHints":{"allow":["GET"]}}],"collection":[{"href":"https:\/\/www.pedagogia.it\/stripes\/wp-json\/wp\/v2\/posts"}],"about":[{"href":"https:\/\/www.pedagogia.it\/stripes\/wp-json\/wp\/v2\/types\/post"}],"author":[{"embeddable":true,"href":"https:\/\/www.pedagogia.it\/stripes\/wp-json\/wp\/v2\/users\/229"}],"replies":[{"embeddable":true,"href":"https:\/\/www.pedagogia.it\/stripes\/wp-json\/wp\/v2\/comments?post=7478"}],"version-history":[{"count":0,"href":"https:\/\/www.pedagogia.it\/stripes\/wp-json\/wp\/v2\/posts\/7478\/revisions"}],"wp:featuredmedia":[{"embeddable":true,"href":"https:\/\/www.pedagogia.it\/stripes\/wp-json\/wp\/v2\/media\/7480"}],"wp:attachment":[{"href":"https:\/\/www.pedagogia.it\/stripes\/wp-json\/wp\/v2\/media?parent=7478"}],"wp:term":[{"taxonomy":"category","embeddable":true,"href":"https:\/\/www.pedagogia.it\/stripes\/wp-json\/wp\/v2\/categories?post=7478"},{"taxonomy":"post_tag","embeddable":true,"href":"https:\/\/www.pedagogia.it\/stripes\/wp-json\/wp\/v2\/tags?post=7478"}],"curies":[{"name":"wp","href":"https:\/\/api.w.org\/{rel}","templated":true}]}}