{"id":89,"date":"2018-04-13T14:40:24","date_gmt":"2018-04-13T12:40:24","guid":{"rendered":"http:\/\/www.pedagogia.it\/nuovostripes\/?p=89"},"modified":"2021-08-06T13:09:26","modified_gmt":"2021-08-06T11:09:26","slug":"servizi-integrativi-gestione","status":"publish","type":"post","link":"https:\/\/www.pedagogia.it\/stripes\/servizi-integrativi-gestione\/","title":{"rendered":"SERVIZI INTEGRATIVI IN GESTIONE"},"content":{"rendered":"<div class=\"wpb-content-wrapper\"><div data-parent=\"true\" class=\"vc_row row-container boomapps_vcrow\" id=\"row-unique-0\"><div class=\"row limit-width row-parent\"><div class=\"wpb_row row-inner\"><div class=\"wpb_column pos-top pos-center align_left column_parent col-lg-12 boomapps_vccolumn single-internal-gutter\"><div class=\"uncol style-light\"  ><div class=\"uncoltable\"><div class=\"uncell  boomapps_vccolumn no-block-padding\" ><div class=\"uncont\" ><div class=\"vc_custom_heading_wrap \"><div class=\"heading-text el-text\" ><h2 class=\"h2\" ><span>Servizi integrativi in gestione<\/span><\/h2><\/div><div class=\"clear\"><\/div><\/div><div class=\"uncode_text_column\" ><p><b>LA SEZIONE PRIMAVERA<br \/>\n<\/b><span style=\"font-weight: 400\">Servizio che accoglie bambini tra i due e tre anni le cui caratteristiche si possono <\/span><span style=\"font-weight: 400\">riassumere con queste tre diciture: <\/span><\/p>\n<ul>\n<li><span style=\"font-weight: 400\">una \u201cTERRA DI MEZZO\u201d tra l\u2019Asilo Nido e a Scuola dell\u2019Infanzia, <strong>una realt\u00e0 ibrida<\/strong>, dai contorni incerti sia dal punto di vista istituzionale perch\u00e9 si colloca \u201cfra\u201d e in parte \u201csi sovrappone\u201d a realt\u00e0 gi\u00e0 esistenti, che dal punto di vista pedagogico perch\u00e9 alla ricerca di una propria specificit\u00e0 in relazione ai bisogni dei bambini.<\/span><\/li>\n<li>Un \u201cPONTE VERSO LA SCUOLA DELL\u2019INFANZIA\u201d che attenua il <strong>passaggio del bambino da un contesto pi\u00f9 intimo ad uno pi\u00f9 orientato alla promozione dell\u2019autonomia<\/strong>.<\/li>\n<li>Un\u2019esperienza dal \u201cFIATO CORTO\u201d che<strong> dura solo un anno<\/strong>, e quando la fiducia delle famiglie viene faticosamente conquistata tutto ricomincia!<\/li>\n<\/ul>\n<p>\n<\/div><div class=\"divider-wrapper \"  >\n    <hr class=\"unseparator border-accent-color separator-no-padding\"  \/>\n<\/div>\n<div class=\"uncode_text_column\" ><p><b>IL CENTRO PRIMA INFANZIA<\/b><\/p>\n<p><b><\/b><span style=\"font-weight: 400\">\u00c8 un servizio che accoglie <strong>bambini da 6 o 12 mesi ai 3 anni<\/strong>, per un <strong>massimo di 4 ore consecutive al giorno e con una possibilit\u00e0 di frequenza differenziata da 2 a 5 giorni la settimana<\/strong>. Nonostante la normativa lo definisca come un servizio di assistenza educativa e socializzante, <span style=\"text-decoration: underline\">Stripes lo identifica come un servizio a tutti gli effetti educativo, di cura del benessere e delle relazioni tra piccoli e grandi<\/span>. Il centro prima infanzia nasce con l\u2019obiettivo di rispondere al<strong> bisogno crescente delle famiglie<\/strong> che in questi ultimi anni richiedono strutture e servizi integrativi al nido, flessibili dal punto di vista organizzativo e sostenibili da quello economico. Il ruolo dell\u2019educatore al centro prima infanzia \u00e8 sostanzialmente identico a quella dell\u2019educatore del nido con la difficolt\u00e0 o, considerandola con un\u2019altra lente, con l\u2019opportunit\u00e0 aggiunta di giocarsi ogni giorno la relazione e l\u2019incontro con gruppi di famiglie e bambini differenti. Al Centro Prima Infanzia sono stati approntati strumenti di documentazione, programmazione e verifica molto simili a quelli in uso nei Nidi d\u2019Infanzia ma pi\u00f9 <strong>funzionali alla tipologia del servizio<\/strong>, pi\u00f9 snelli e flessibili.<\/span><\/p>\n<p>\n<\/div><div class=\"divider-wrapper \"  >\n    <hr class=\"unseparator border-accent-color separator-no-padding\"  \/>\n<\/div>\n<div class=\"uncode_text_column\" ><p><b>IL TEMPO PER LE FAMIGLIE, IL TEMPO PER NOI<\/b><\/p>\n<p>E\u2019 un luogo di <strong>incontro e scambio per bambini 0-3 anni e i loro genitori, nonni, tate<\/strong>&#8230; uno spazio di benessere relazionale tra le diverse famiglie sostenuto da educatori professionisti. All\u2019interno del servizio, attivo nella fascia mattutina o pomeridiana il personale crea situazioni che favoriscono l\u2019ascolto, il confronto e il gioco tra adulti e tra adulti e bambini e dove il meraviglioso compito dell\u2019educare \u00e8 condiviso tra fatiche, dubbi e preoccupazioni.<\/p>\n<\/div><div class=\"divider-wrapper \"  >\n    <hr class=\"unseparator border-accent-color separator-no-padding\"  \/>\n<\/div>\n<div class=\"uncode_text_column\" ><p><b>CENTRO INFANZIA E FAMIGLIA<\/b><\/p>\n<p><span style=\"font-weight: 400\">Alcuni servizi dell\u2019area 0-6 si configurano anche come centro per l\u2019infanzia e la fa<\/span><span style=\"font-weight: 400\">miglia, luogo ricco di occasioni sociali e di momenti di apprendimento che affian<\/span><span style=\"font-weight: 400\">ca e <strong>coinvolge la famiglia e i bambini 0-6 anni attraverso iniziative<\/strong>, laboratori, corsi <\/span><span style=\"font-weight: 400\">e percorsi, feste e spettacoli durante il fine settimana promuovendo un clima di <\/span><span style=\"font-weight: 400\">incontro, gioco e condivisione.<\/span><\/p>\n<p class=\"p3\"><span class=\"s4\"><b>Tra le attivit\u00e0 pi\u00f9 diffuse nei diversi territori:<\/b><\/span><\/p>\n<ul>\n<li class=\"p2\"><span class=\"s5\"> laboratori creativi, musicali e teatrali per i bambini da 0 a 6 anni<\/span><\/li>\n<li class=\"p2\">corsi di inglese, musica, yoga, teatro, danza, psicomotricit\u00e0 per i bambini da 3 a 6 anni<\/li>\n<li class=\"p2\">laboratori e percorsi di robotica educativa per bambini da 3 a 6 anni<\/li>\n<li class=\"p2\">\u201ccine-serate\u201d, cena e gioco per i bambini dai 2 ai 6 anni<\/li>\n<li class=\"p2\">spettacoli musicali e teatrali per i bambini da 0 a 6 anni<\/li>\n<li class=\"p2\">campus estivi e invernali per bambini da 3 a 6 anni<\/li>\n<li class=\"p2\">incontri di condivisione e confronto sul tema della genitorialit\u00e0 per gli adulti<\/li>\n<\/ul>\n<p>\n<\/div><div class=\"divider-wrapper \"  >\n    <hr class=\"unseparator border-accent-color separator-no-padding\"  \/>\n<\/div>\n<div class=\"uncode_text_column\" ><p><b>SERVIZI INTEGRATIVI IN GESTIONE:<\/b><\/p>\n<p><span style=\"font-weight: 400\">I servizi integrativi si caratterizzano come:<\/span><\/p>\n<ul>\n<li><span style=\"font-weight: 400\"> Centro prima infanzia e Sezione primavera &#8211; <a href=\"https:\/\/www.pedagogia.it\/stripes\/lo-scrigno-vanzago\/\">\u201cLo Scrigno\u201d di Vanzago<\/a><\/span><\/li>\n<li><span style=\"font-weight: 400\"> Centro prima infanzia \u201cCip\u00ec\u201d &#8211; <a href=\"https:\/\/www.facebook.com\/Spazio-Terraluna-1711116789102317\/\">\u201cSpazio Terraluna\u201d di Settimo Milanese<\/a><\/span><\/li>\n<li><span style=\"font-weight: 400\"> Tempo per Noi &#8211; <a href=\"https:\/\/www.pedagogia.it\/stripes\/digital-open-day-asilo-nido-il-piccolo-principe-cesano\/\">\u201cIl Piccolo Principe\u201d di Cesano Maderno<\/a><\/span><\/li>\n<li><span style=\"font-weight: 400\"> Centro prima infanzia e Tempo per le famiglie &#8211; <a href=\"https:\/\/www.pedagogia.it\/stripes\/festeggia-da-noi\/\">\u201cIl veliero\u201d di Segrate<\/a>, Milano2<\/span><\/li>\n<li><span style=\"font-weight: 400\"> Centro prima infanzia e Tempo per le famiglie &#8211; <a href=\"https:\/\/youtu.be\/S380Mt6xbME\">\u201cil Girotondo\u201d di Carugate<\/a><\/span><\/li>\n<li><span style=\"font-weight: 400\"> Centro per l\u2019infanzia e la famiglia nell\u2019<a href=\"https:\/\/www.comune.desio.mb.it\/it\/news\/asili-nido-comunali-via-adamello-e-via-diaz-la-pres\">Asilo Nido di via Diaz di Desio<\/a><\/span><\/li>\n<li><span style=\"font-weight: 400\"> Centro per l\u2019infanzia e la famiglia nell\u2019<a href=\"https:\/\/comune.landriano.pv.it\/contenuti\/412717\/asilo-nido-comunale-crapa-pelata-2020-2021\">Asilo Nido di Landriano<\/a><\/span><\/li>\n<li><span style=\"font-weight: 400\"> Centro per l\u2019infanzia e la famiglia &#8211; &#8220;<a href=\"https:\/\/www.pedagogia.it\/stripes\/centro_per_linfanzia_biobab\/\">Biobab&#8221; di Bollate<\/a><\/span><\/li>\n<li><span style=\"font-weight: 400\"> Centro per l\u2019infanzia e la famiglia <a href=\"https:\/\/www.facebook.com\/lacoccinellacerromaggiore\/\">\u201cGli amici della coccinella\u201d di Cerro Maggiore<\/a><\/span><\/li>\n<\/ul>\n<p>\n<\/div><\/div><\/div><\/div><\/div><\/div><script id=\"script-row-unique-0\" data-row=\"script-row-unique-0\" type=\"text\/javascript\" class=\"vc_controls\">UNCODE.initRow(document.getElementById(\"row-unique-0\"));<\/script><\/div><\/div><\/div>\n<\/div>","protected":false},"excerpt":{"rendered":"Servizi integrativi in gestioneLA SEZIONE PRIMAVERA Servizio che accoglie bambini tra i due e tre anni le cui caratteristiche si [...]","protected":false},"author":1,"featured_media":302,"comment_status":"open","ping_status":"open","sticky":false,"template":"","format":"standard","meta":{"give_campaign_id":0,"om_disable_all_campaigns":false,"_monsterinsights_skip_tracking":false,"footnotes":""},"categories":[9],"tags":[],"class_list":["post-89","post","type-post","status-publish","format-standard","has-post-thumbnail","hentry","category-zerosei"],"aioseo_notices":[],"aioseo_head":"\n\t\t<!-- All in One SEO 5.0.0.1 - aioseo.com -->\n\t<meta name=\"description\" content=\"Servizi integrativi in gestioneLA SEZIONE PRIMAVERA Servizio che accoglie bambini tra i due e tre anni le cui caratteristiche si possono riassumere con queste tre diciture: una \u201cTERRA DI MEZZO\u201d tra l\u2019Asilo Nido e a Scuola dell\u2019Infanzia, una realt\u00e0 ibrida, dai contorni incerti sia dal punto di vista istituzionale perch\u00e9 si colloca \u201cfra\u201d e in\" \/>\n\t<meta name=\"robots\" content=\"max-image-preview:large\" \/>\n\t<meta name=\"author\" content=\"Raul Jannone\"\/>\n\t<link rel=\"canonical\" href=\"https:\/\/www.pedagogia.it\/stripes\/servizi-integrativi-gestione\/\" \/>\n\t<meta name=\"generator\" content=\"All in One SEO (AIOSEO) 5.0.0.1\" \/>\n\t\t<meta property=\"og:locale\" content=\"it_IT\" \/>\n\t\t<meta property=\"og:site_name\" content=\"Stripes Cooperativa Sociale ONLUS -\" \/>\n\t\t<meta property=\"og:type\" content=\"article\" \/>\n\t\t<meta property=\"og:title\" content=\"SERVIZI INTEGRATIVI IN GESTIONE - Stripes Cooperativa Sociale ONLUS\" \/>\n\t\t<meta property=\"og:description\" content=\"Servizi integrativi in gestioneLA SEZIONE PRIMAVERA Servizio che accoglie bambini tra i due e tre anni le cui caratteristiche si possono riassumere con queste tre diciture: una \u201cTERRA DI MEZZO\u201d tra l\u2019Asilo Nido e a Scuola dell\u2019Infanzia, una realt\u00e0 ibrida, dai contorni incerti sia dal punto di vista istituzionale perch\u00e9 si colloca \u201cfra\u201d e in\" \/>\n\t\t<meta property=\"og:url\" content=\"https:\/\/www.pedagogia.it\/stripes\/servizi-integrativi-gestione\/\" \/>\n\t\t<meta property=\"article:published_time\" content=\"2018-04-13T12:40:24+00:00\" \/>\n\t\t<meta property=\"article:modified_time\" content=\"2021-08-06T11:09:26+00:00\" \/>\n\t\t<meta name=\"twitter:card\" content=\"summary_large_image\" \/>\n\t\t<meta name=\"twitter:title\" content=\"SERVIZI INTEGRATIVI IN GESTIONE - Stripes Cooperativa Sociale ONLUS\" \/>\n\t\t<meta name=\"twitter:description\" content=\"Servizi integrativi in gestioneLA SEZIONE PRIMAVERA Servizio che accoglie bambini tra i due e tre anni le cui caratteristiche si possono riassumere con queste tre diciture: una \u201cTERRA DI MEZZO\u201d tra l\u2019Asilo Nido e a Scuola dell\u2019Infanzia, una realt\u00e0 ibrida, dai contorni incerti sia dal punto di vista istituzionale perch\u00e9 si colloca \u201cfra\u201d e in\" \/>\n\t\t<script type=\"application\/ld+json\" class=\"aioseo-schema\">\n\t\t\t{\"@context\":\"https:\\\/\\\/schema.org\",\"@graph\":[{\"@type\":\"BlogPosting\",\"@id\":\"https:\\\/\\\/www.pedagogia.it\\\/stripes\\\/servizi-integrativi-gestione\\\/#blogposting\",\"name\":\"SERVIZI INTEGRATIVI IN GESTIONE - Stripes Cooperativa Sociale ONLUS\",\"headline\":\"SERVIZI INTEGRATIVI IN GESTIONE\",\"author\":{\"@id\":\"https:\\\/\\\/www.pedagogia.it\\\/stripes\\\/author\\\/admin\\\/#author\"},\"publisher\":{\"@id\":\"https:\\\/\\\/www.pedagogia.it\\\/stripes\\\/#organization\"},\"image\":{\"@type\":\"ImageObject\",\"url\":\"https:\\\/\\\/www.pedagogia.it\\\/stripes\\\/wp-content\\\/uploads\\\/sites\\\/7\\\/2018\\\/04\\\/kids_color.jpg\",\"width\":1000,\"height\":667},\"datePublished\":\"2018-04-13T14:40:24+02:00\",\"dateModified\":\"2021-08-06T13:09:26+02:00\",\"inLanguage\":\"it-IT\",\"mainEntityOfPage\":{\"@id\":\"https:\\\/\\\/www.pedagogia.it\\\/stripes\\\/servizi-integrativi-gestione\\\/#webpage\"},\"isPartOf\":{\"@id\":\"https:\\\/\\\/www.pedagogia.it\\\/stripes\\\/servizi-integrativi-gestione\\\/#webpage\"},\"articleSection\":\"zerosei\"},{\"@type\":\"BreadcrumbList\",\"@id\":\"https:\\\/\\\/www.pedagogia.it\\\/stripes\\\/servizi-integrativi-gestione\\\/#breadcrumblist\",\"itemListElement\":[{\"@type\":\"ListItem\",\"@id\":\"https:\\\/\\\/www.pedagogia.it\\\/stripes#listItem\",\"position\":1,\"name\":\"Home\",\"item\":\"https:\\\/\\\/www.pedagogia.it\\\/stripes\",\"nextItem\":{\"@type\":\"ListItem\",\"@id\":\"https:\\\/\\\/www.pedagogia.it\\\/stripes\\\/category\\\/zerosei\\\/#listItem\",\"name\":\"zerosei\"}},{\"@type\":\"ListItem\",\"@id\":\"https:\\\/\\\/www.pedagogia.it\\\/stripes\\\/category\\\/zerosei\\\/#listItem\",\"position\":2,\"name\":\"zerosei\",\"item\":\"https:\\\/\\\/www.pedagogia.it\\\/stripes\\\/category\\\/zerosei\\\/\",\"nextItem\":{\"@type\":\"ListItem\",\"@id\":\"https:\\\/\\\/www.pedagogia.it\\\/stripes\\\/servizi-integrativi-gestione\\\/#listItem\",\"name\":\"SERVIZI INTEGRATIVI IN GESTIONE\"},\"previousItem\":{\"@type\":\"ListItem\",\"@id\":\"https:\\\/\\\/www.pedagogia.it\\\/stripes#listItem\",\"name\":\"Home\"}},{\"@type\":\"ListItem\",\"@id\":\"https:\\\/\\\/www.pedagogia.it\\\/stripes\\\/servizi-integrativi-gestione\\\/#listItem\",\"position\":3,\"name\":\"SERVIZI INTEGRATIVI IN GESTIONE\",\"previousItem\":{\"@type\":\"ListItem\",\"@id\":\"https:\\\/\\\/www.pedagogia.it\\\/stripes\\\/category\\\/zerosei\\\/#listItem\",\"name\":\"zerosei\"}}]},{\"@type\":\"Organization\",\"@id\":\"https:\\\/\\\/www.pedagogia.it\\\/stripes\\\/#organization\",\"name\":\"Stripes Cooperativa Sociale ONLUS\",\"url\":\"https:\\\/\\\/www.pedagogia.it\\\/stripes\\\/\"},{\"@type\":\"Person\",\"@id\":\"https:\\\/\\\/www.pedagogia.it\\\/stripes\\\/author\\\/admin\\\/#author\",\"url\":\"https:\\\/\\\/www.pedagogia.it\\\/stripes\\\/author\\\/admin\\\/\",\"name\":\"Raul Jannone\",\"image\":{\"@type\":\"ImageObject\",\"@id\":\"https:\\\/\\\/www.pedagogia.it\\\/stripes\\\/servizi-integrativi-gestione\\\/#authorImage\",\"url\":\"https:\\\/\\\/secure.gravatar.com\\\/avatar\\\/44fd933c75f5ee9b96f27834e4b1f3d2e7e56504291af13b42785c2b1a53944a?s=96&d=mm&r=g\",\"width\":96,\"height\":96,\"caption\":\"Raul Jannone\"}},{\"@type\":\"WebPage\",\"@id\":\"https:\\\/\\\/www.pedagogia.it\\\/stripes\\\/servizi-integrativi-gestione\\\/#webpage\",\"url\":\"https:\\\/\\\/www.pedagogia.it\\\/stripes\\\/servizi-integrativi-gestione\\\/\",\"name\":\"SERVIZI INTEGRATIVI IN GESTIONE - Stripes Cooperativa Sociale ONLUS\",\"description\":\"Servizi integrativi in gestioneLA SEZIONE PRIMAVERA Servizio che accoglie bambini tra i due e tre anni le cui caratteristiche si possono riassumere con queste tre diciture: una \\u201cTERRA DI MEZZO\\u201d tra l\\u2019Asilo Nido e a Scuola dell\\u2019Infanzia, una realt\\u00e0 ibrida, dai contorni incerti sia dal punto di vista istituzionale perch\\u00e9 si colloca \\u201cfra\\u201d e in\",\"inLanguage\":\"it-IT\",\"isPartOf\":{\"@id\":\"https:\\\/\\\/www.pedagogia.it\\\/stripes\\\/#website\"},\"breadcrumb\":{\"@id\":\"https:\\\/\\\/www.pedagogia.it\\\/stripes\\\/servizi-integrativi-gestione\\\/#breadcrumblist\"},\"author\":{\"@id\":\"https:\\\/\\\/www.pedagogia.it\\\/stripes\\\/author\\\/admin\\\/#author\"},\"creator\":{\"@id\":\"https:\\\/\\\/www.pedagogia.it\\\/stripes\\\/author\\\/admin\\\/#author\"},\"image\":{\"@type\":\"ImageObject\",\"url\":\"https:\\\/\\\/www.pedagogia.it\\\/stripes\\\/wp-content\\\/uploads\\\/sites\\\/7\\\/2018\\\/04\\\/kids_color.jpg\",\"@id\":\"https:\\\/\\\/www.pedagogia.it\\\/stripes\\\/servizi-integrativi-gestione\\\/#mainImage\",\"width\":1000,\"height\":667},\"primaryImageOfPage\":{\"@id\":\"https:\\\/\\\/www.pedagogia.it\\\/stripes\\\/servizi-integrativi-gestione\\\/#mainImage\"},\"datePublished\":\"2018-04-13T14:40:24+02:00\",\"dateModified\":\"2021-08-06T13:09:26+02:00\"},{\"@type\":\"WebSite\",\"@id\":\"https:\\\/\\\/www.pedagogia.it\\\/stripes\\\/#website\",\"url\":\"https:\\\/\\\/www.pedagogia.it\\\/stripes\\\/\",\"name\":\"Stripes Cooperativa Sociale ONLUS\",\"inLanguage\":\"it-IT\",\"publisher\":{\"@id\":\"https:\\\/\\\/www.pedagogia.it\\\/stripes\\\/#organization\"}}]}\n\t\t<\/script>\n\t\t<!-- All in One SEO -->\n\n","aioseo_head_json":{"title":"SERVIZI INTEGRATIVI IN GESTIONE - Stripes Cooperativa Sociale ONLUS","description":"Servizi integrativi in gestioneLA SEZIONE PRIMAVERA Servizio che accoglie bambini tra i due e tre anni le cui caratteristiche si possono riassumere con queste tre diciture: una \u201cTERRA DI MEZZO\u201d tra l\u2019Asilo Nido e a Scuola dell\u2019Infanzia, una realt\u00e0 ibrida, dai contorni incerti sia dal punto di vista istituzionale perch\u00e9 si colloca \u201cfra\u201d e in","canonical_url":"https:\/\/www.pedagogia.it\/stripes\/servizi-integrativi-gestione\/","robots":"max-image-preview:large","keywords":"","webmasterTools":{"miscellaneous":""},"schema":{"@context":"https:\/\/schema.org","@graph":[{"@type":"BlogPosting","@id":"https:\/\/www.pedagogia.it\/stripes\/servizi-integrativi-gestione\/#blogposting","name":"SERVIZI INTEGRATIVI IN GESTIONE - Stripes Cooperativa Sociale ONLUS","headline":"SERVIZI INTEGRATIVI IN GESTIONE","author":{"@id":"https:\/\/www.pedagogia.it\/stripes\/author\/admin\/#author"},"publisher":{"@id":"https:\/\/www.pedagogia.it\/stripes\/#organization"},"image":{"@type":"ImageObject","url":"https:\/\/www.pedagogia.it\/stripes\/wp-content\/uploads\/sites\/7\/2018\/04\/kids_color.jpg","width":1000,"height":667},"datePublished":"2018-04-13T14:40:24+02:00","dateModified":"2021-08-06T13:09:26+02:00","inLanguage":"it-IT","mainEntityOfPage":{"@id":"https:\/\/www.pedagogia.it\/stripes\/servizi-integrativi-gestione\/#webpage"},"isPartOf":{"@id":"https:\/\/www.pedagogia.it\/stripes\/servizi-integrativi-gestione\/#webpage"},"articleSection":"zerosei"},{"@type":"BreadcrumbList","@id":"https:\/\/www.pedagogia.it\/stripes\/servizi-integrativi-gestione\/#breadcrumblist","itemListElement":[{"@type":"ListItem","@id":"https:\/\/www.pedagogia.it\/stripes#listItem","position":1,"name":"Home","item":"https:\/\/www.pedagogia.it\/stripes","nextItem":{"@type":"ListItem","@id":"https:\/\/www.pedagogia.it\/stripes\/category\/zerosei\/#listItem","name":"zerosei"}},{"@type":"ListItem","@id":"https:\/\/www.pedagogia.it\/stripes\/category\/zerosei\/#listItem","position":2,"name":"zerosei","item":"https:\/\/www.pedagogia.it\/stripes\/category\/zerosei\/","nextItem":{"@type":"ListItem","@id":"https:\/\/www.pedagogia.it\/stripes\/servizi-integrativi-gestione\/#listItem","name":"SERVIZI INTEGRATIVI IN GESTIONE"},"previousItem":{"@type":"ListItem","@id":"https:\/\/www.pedagogia.it\/stripes#listItem","name":"Home"}},{"@type":"ListItem","@id":"https:\/\/www.pedagogia.it\/stripes\/servizi-integrativi-gestione\/#listItem","position":3,"name":"SERVIZI INTEGRATIVI IN GESTIONE","previousItem":{"@type":"ListItem","@id":"https:\/\/www.pedagogia.it\/stripes\/category\/zerosei\/#listItem","name":"zerosei"}}]},{"@type":"Organization","@id":"https:\/\/www.pedagogia.it\/stripes\/#organization","name":"Stripes Cooperativa Sociale ONLUS","url":"https:\/\/www.pedagogia.it\/stripes\/"},{"@type":"Person","@id":"https:\/\/www.pedagogia.it\/stripes\/author\/admin\/#author","url":"https:\/\/www.pedagogia.it\/stripes\/author\/admin\/","name":"Raul Jannone","image":{"@type":"ImageObject","@id":"https:\/\/www.pedagogia.it\/stripes\/servizi-integrativi-gestione\/#authorImage","url":"https:\/\/secure.gravatar.com\/avatar\/44fd933c75f5ee9b96f27834e4b1f3d2e7e56504291af13b42785c2b1a53944a?s=96&d=mm&r=g","width":96,"height":96,"caption":"Raul Jannone"}},{"@type":"WebPage","@id":"https:\/\/www.pedagogia.it\/stripes\/servizi-integrativi-gestione\/#webpage","url":"https:\/\/www.pedagogia.it\/stripes\/servizi-integrativi-gestione\/","name":"SERVIZI INTEGRATIVI IN GESTIONE - Stripes Cooperativa Sociale ONLUS","description":"Servizi integrativi in gestioneLA SEZIONE PRIMAVERA Servizio che accoglie bambini tra i due e tre anni le cui caratteristiche si possono riassumere con queste tre diciture: una \u201cTERRA DI MEZZO\u201d tra l\u2019Asilo Nido e a Scuola dell\u2019Infanzia, una realt\u00e0 ibrida, dai contorni incerti sia dal punto di vista istituzionale perch\u00e9 si colloca \u201cfra\u201d e in","inLanguage":"it-IT","isPartOf":{"@id":"https:\/\/www.pedagogia.it\/stripes\/#website"},"breadcrumb":{"@id":"https:\/\/www.pedagogia.it\/stripes\/servizi-integrativi-gestione\/#breadcrumblist"},"author":{"@id":"https:\/\/www.pedagogia.it\/stripes\/author\/admin\/#author"},"creator":{"@id":"https:\/\/www.pedagogia.it\/stripes\/author\/admin\/#author"},"image":{"@type":"ImageObject","url":"https:\/\/www.pedagogia.it\/stripes\/wp-content\/uploads\/sites\/7\/2018\/04\/kids_color.jpg","@id":"https:\/\/www.pedagogia.it\/stripes\/servizi-integrativi-gestione\/#mainImage","width":1000,"height":667},"primaryImageOfPage":{"@id":"https:\/\/www.pedagogia.it\/stripes\/servizi-integrativi-gestione\/#mainImage"},"datePublished":"2018-04-13T14:40:24+02:00","dateModified":"2021-08-06T13:09:26+02:00"},{"@type":"WebSite","@id":"https:\/\/www.pedagogia.it\/stripes\/#website","url":"https:\/\/www.pedagogia.it\/stripes\/","name":"Stripes Cooperativa Sociale ONLUS","inLanguage":"it-IT","publisher":{"@id":"https:\/\/www.pedagogia.it\/stripes\/#organization"}}]},"og:locale":"it_IT","og:site_name":"Stripes Cooperativa Sociale ONLUS -","og:type":"article","og:title":"SERVIZI INTEGRATIVI IN GESTIONE - Stripes Cooperativa Sociale ONLUS","og:description":"Servizi integrativi in gestioneLA SEZIONE PRIMAVERA Servizio che accoglie bambini tra i due e tre anni le cui caratteristiche si possono riassumere con queste tre diciture: una \u201cTERRA DI MEZZO\u201d tra l\u2019Asilo Nido e a Scuola dell\u2019Infanzia, una realt\u00e0 ibrida, dai contorni incerti sia dal punto di vista istituzionale perch\u00e9 si colloca \u201cfra\u201d e in","og:url":"https:\/\/www.pedagogia.it\/stripes\/servizi-integrativi-gestione\/","article:published_time":"2018-04-13T12:40:24+00:00","article:modified_time":"2021-08-06T11:09:26+00:00","twitter:card":"summary_large_image","twitter:title":"SERVIZI INTEGRATIVI IN GESTIONE - Stripes Cooperativa Sociale ONLUS","twitter:description":"Servizi integrativi in gestioneLA SEZIONE PRIMAVERA Servizio che accoglie bambini tra i due e tre anni le cui caratteristiche si possono riassumere con queste tre diciture: una \u201cTERRA DI MEZZO\u201d tra l\u2019Asilo Nido e a Scuola dell\u2019Infanzia, una realt\u00e0 ibrida, dai contorni incerti sia dal punto di vista istituzionale perch\u00e9 si colloca \u201cfra\u201d e in"},"aioseo_meta_data":{"post_id":"89","title":null,"description":null,"keywords":null,"keyphrases":null,"primary_term":null,"canonical_url":null,"og_title":null,"og_description":null,"og_object_type":"default","og_image_type":"default","og_image_url":null,"og_image_width":null,"og_image_height":null,"og_image_custom_url":null,"og_image_custom_fields":null,"og_video":null,"og_custom_url":null,"og_article_section":null,"og_article_tags":null,"twitter_use_og":false,"twitter_card":"default","twitter_image_type":"default","twitter_image_url":null,"twitter_image_custom_url":null,"twitter_image_custom_fields":null,"twitter_title":null,"twitter_description":null,"schema":{"blockGraphs":[],"customGraphs":[],"default":{"data":{"Article":[],"Course":[],"Dataset":[],"FAQPage":[],"Movie":[],"Person":[],"Product":[],"ProductReview":[],"Car":[],"Recipe":[],"Service":[],"SoftwareApplication":[],"WebPage":[]},"graphName":"","isEnabled":true},"graphs":[]},"schema_type":"default","schema_type_options":null,"pillar_content":false,"robots_default":true,"robots_noindex":false,"robots_noarchive":false,"robots_nosnippet":false,"robots_nofollow":false,"robots_noimageindex":false,"robots_noodp":false,"robots_notranslate":false,"robots_max_snippet":null,"robots_max_videopreview":null,"robots_max_imagepreview":"large","priority":null,"frequency":null,"local_seo":null,"breadcrumb_settings":null,"limit_modified_date":false,"ai":null,"created":"2023-05-11 11:56:49","updated":"2025-06-10 17:25:54","seo_analyzer_scan_date":null,"focus_keyword":null,"additional_keywords":null,"truseo_locale":null},"aioseo_breadcrumb":"<div class=\"aioseo-breadcrumbs\"><span class=\"aioseo-breadcrumb\">\n\t\t\t<a href=\"https:\/\/www.pedagogia.it\/stripes\" title=\"Home\">Home<\/a>\n\t\t<\/span><span class=\"aioseo-breadcrumb-separator\">\u00bb<\/span><span class=\"aioseo-breadcrumb\">\n\t\t\t<a href=\"https:\/\/www.pedagogia.it\/stripes\/category\/zerosei\/\" title=\"zerosei\">zerosei<\/a>\n\t\t<\/span><span class=\"aioseo-breadcrumb-separator\">\u00bb<\/span><span class=\"aioseo-breadcrumb\">\n\t\t\tSERVIZI INTEGRATIVI IN GESTIONE\n\t\t<\/span><\/div>","aioseo_breadcrumb_json":[{"label":"Home","link":"https:\/\/www.pedagogia.it\/stripes"},{"label":"zerosei","link":"https:\/\/www.pedagogia.it\/stripes\/category\/zerosei\/"},{"label":"SERVIZI INTEGRATIVI IN GESTIONE","link":"https:\/\/www.pedagogia.it\/stripes\/servizi-integrativi-gestione\/"}],"yoast_head":"<!-- This site is optimized with the Yoast SEO plugin v28.3 - https:\/\/yoast.com\/product\/yoast-seo-wordpress\/ -->\n<title>SERVIZI INTEGRATIVI IN GESTIONE - Stripes Cooperativa Sociale ONLUS<\/title>\n<meta name=\"robots\" content=\"index, follow, max-snippet:-1, max-image-preview:large, max-video-preview:-1\" \/>\n<link rel=\"canonical\" href=\"https:\/\/www.pedagogia.it\/stripes\/servizi-integrativi-gestione\/\" \/>\n<meta property=\"og:locale\" content=\"it_IT\" \/>\n<meta property=\"og:type\" content=\"article\" \/>\n<meta property=\"og:title\" content=\"SERVIZI INTEGRATIVI IN GESTIONE - Stripes Cooperativa Sociale ONLUS\" \/>\n<meta property=\"og:url\" content=\"https:\/\/www.pedagogia.it\/stripes\/servizi-integrativi-gestione\/\" \/>\n<meta property=\"og:site_name\" content=\"Stripes Cooperativa Sociale ONLUS\" \/>\n<meta property=\"article:published_time\" content=\"2018-04-13T12:40:24+00:00\" \/>\n<meta property=\"article:modified_time\" content=\"2021-08-06T11:09:26+00:00\" \/>\n<meta property=\"og:image\" content=\"https:\/\/www.pedagogia.it\/stripes\/wp-content\/uploads\/sites\/7\/2018\/04\/kids_color.jpg\" \/>\n\t<meta property=\"og:image:width\" content=\"1000\" \/>\n\t<meta property=\"og:image:height\" content=\"667\" \/>\n\t<meta property=\"og:image:type\" content=\"image\/jpeg\" \/>\n<meta name=\"author\" content=\"Raul Jannone\" \/>\n<meta name=\"twitter:card\" content=\"summary_large_image\" \/>\n<meta name=\"twitter:label1\" content=\"Scritto da\" \/>\n\t<meta name=\"twitter:data1\" content=\"Raul Jannone\" \/>\n\t<meta name=\"twitter:label2\" content=\"Tempo di lettura stimato\" \/>\n\t<meta name=\"twitter:data2\" content=\"3 minuti\" \/>\n<script type=\"application\/ld+json\" class=\"yoast-schema-graph\">{\"@context\":\"https:\\\/\\\/schema.org\",\"@graph\":[{\"@type\":\"Article\",\"@id\":\"https:\\\/\\\/www.pedagogia.it\\\/stripes\\\/servizi-integrativi-gestione\\\/#article\",\"isPartOf\":{\"@id\":\"https:\\\/\\\/www.pedagogia.it\\\/stripes\\\/servizi-integrativi-gestione\\\/\"},\"author\":{\"name\":\"admin\",\"@id\":\"https:\\\/\\\/www.pedagogia.it\\\/stripes\\\/#\\\/schema\\\/person\\\/6ef94b1703cc542d2cfed879ddf74507\"},\"headline\":\"SERVIZI INTEGRATIVI IN GESTIONE\",\"datePublished\":\"2018-04-13T12:40:24+00:00\",\"dateModified\":\"2021-08-06T11:09:26+00:00\",\"mainEntityOfPage\":{\"@id\":\"https:\\\/\\\/www.pedagogia.it\\\/stripes\\\/servizi-integrativi-gestione\\\/\"},\"wordCount\":756,\"commentCount\":0,\"image\":{\"@id\":\"https:\\\/\\\/www.pedagogia.it\\\/stripes\\\/servizi-integrativi-gestione\\\/#primaryimage\"},\"thumbnailUrl\":\"https:\\\/\\\/www.pedagogia.it\\\/stripes\\\/wp-content\\\/uploads\\\/sites\\\/7\\\/2018\\\/04\\\/kids_color.jpg\",\"articleSection\":[\"zerosei\"],\"inLanguage\":\"it-IT\",\"potentialAction\":[{\"@type\":\"CommentAction\",\"name\":\"Comment\",\"target\":[\"https:\\\/\\\/www.pedagogia.it\\\/stripes\\\/servizi-integrativi-gestione\\\/#respond\"]}]},{\"@type\":\"WebPage\",\"@id\":\"https:\\\/\\\/www.pedagogia.it\\\/stripes\\\/servizi-integrativi-gestione\\\/\",\"url\":\"https:\\\/\\\/www.pedagogia.it\\\/stripes\\\/servizi-integrativi-gestione\\\/\",\"name\":\"SERVIZI INTEGRATIVI IN GESTIONE - Stripes Cooperativa Sociale ONLUS\",\"isPartOf\":{\"@id\":\"https:\\\/\\\/www.pedagogia.it\\\/stripes\\\/#website\"},\"primaryImageOfPage\":{\"@id\":\"https:\\\/\\\/www.pedagogia.it\\\/stripes\\\/servizi-integrativi-gestione\\\/#primaryimage\"},\"image\":{\"@id\":\"https:\\\/\\\/www.pedagogia.it\\\/stripes\\\/servizi-integrativi-gestione\\\/#primaryimage\"},\"thumbnailUrl\":\"https:\\\/\\\/www.pedagogia.it\\\/stripes\\\/wp-content\\\/uploads\\\/sites\\\/7\\\/2018\\\/04\\\/kids_color.jpg\",\"datePublished\":\"2018-04-13T12:40:24+00:00\",\"dateModified\":\"2021-08-06T11:09:26+00:00\",\"author\":{\"@id\":\"https:\\\/\\\/www.pedagogia.it\\\/stripes\\\/#\\\/schema\\\/person\\\/6ef94b1703cc542d2cfed879ddf74507\"},\"breadcrumb\":{\"@id\":\"https:\\\/\\\/www.pedagogia.it\\\/stripes\\\/servizi-integrativi-gestione\\\/#breadcrumb\"},\"inLanguage\":\"it-IT\",\"potentialAction\":[{\"@type\":\"ReadAction\",\"target\":[\"https:\\\/\\\/www.pedagogia.it\\\/stripes\\\/servizi-integrativi-gestione\\\/\"]}]},{\"@type\":\"ImageObject\",\"inLanguage\":\"it-IT\",\"@id\":\"https:\\\/\\\/www.pedagogia.it\\\/stripes\\\/servizi-integrativi-gestione\\\/#primaryimage\",\"url\":\"https:\\\/\\\/www.pedagogia.it\\\/stripes\\\/wp-content\\\/uploads\\\/sites\\\/7\\\/2018\\\/04\\\/kids_color.jpg\",\"contentUrl\":\"https:\\\/\\\/www.pedagogia.it\\\/stripes\\\/wp-content\\\/uploads\\\/sites\\\/7\\\/2018\\\/04\\\/kids_color.jpg\",\"width\":1000,\"height\":667},{\"@type\":\"BreadcrumbList\",\"@id\":\"https:\\\/\\\/www.pedagogia.it\\\/stripes\\\/servizi-integrativi-gestione\\\/#breadcrumb\",\"itemListElement\":[{\"@type\":\"ListItem\",\"position\":1,\"name\":\"Home\",\"item\":\"https:\\\/\\\/www.pedagogia.it\\\/stripes\\\/\"},{\"@type\":\"ListItem\",\"position\":2,\"name\":\"SERVIZI INTEGRATIVI IN GESTIONE\"}]},{\"@type\":\"WebSite\",\"@id\":\"https:\\\/\\\/www.pedagogia.it\\\/stripes\\\/#website\",\"url\":\"https:\\\/\\\/www.pedagogia.it\\\/stripes\\\/\",\"name\":\"Stripes Cooperativa Sociale ONLUS\",\"description\":\"\",\"potentialAction\":[{\"@type\":\"SearchAction\",\"target\":{\"@type\":\"EntryPoint\",\"urlTemplate\":\"https:\\\/\\\/www.pedagogia.it\\\/stripes\\\/?s={search_term_string}\"},\"query-input\":{\"@type\":\"PropertyValueSpecification\",\"valueRequired\":true,\"valueName\":\"search_term_string\"}}],\"inLanguage\":\"it-IT\"},{\"@type\":\"Person\",\"@id\":\"https:\\\/\\\/www.pedagogia.it\\\/stripes\\\/#\\\/schema\\\/person\\\/6ef94b1703cc542d2cfed879ddf74507\",\"name\":\"admin\",\"image\":{\"@type\":\"ImageObject\",\"inLanguage\":\"it-IT\",\"@id\":\"https:\\\/\\\/secure.gravatar.com\\\/avatar\\\/44fd933c75f5ee9b96f27834e4b1f3d2e7e56504291af13b42785c2b1a53944a?s=96&d=mm&r=g99cbb35172e43f714c5f48bcbd1c7ca6\",\"url\":\"https:\\\/\\\/secure.gravatar.com\\\/avatar\\\/44fd933c75f5ee9b96f27834e4b1f3d2e7e56504291af13b42785c2b1a53944a?s=96&d=mm&r=g\",\"contentUrl\":\"https:\\\/\\\/secure.gravatar.com\\\/avatar\\\/44fd933c75f5ee9b96f27834e4b1f3d2e7e56504291af13b42785c2b1a53944a?s=96&d=mm&r=g\",\"caption\":\"admin\"},\"sameAs\":[\"https:\\\/\\\/servizieducativigaggiano.education\"],\"url\":\"https:\\\/\\\/www.pedagogia.it\\\/stripes\\\/author\\\/admin\\\/\"}]}<\/script>\n<!-- \/ Yoast SEO plugin. -->","yoast_head_json":{"title":"SERVIZI INTEGRATIVI IN GESTIONE - Stripes Cooperativa Sociale ONLUS","robots":{"index":"index","follow":"follow","max-snippet":"max-snippet:-1","max-image-preview":"max-image-preview:large","max-video-preview":"max-video-preview:-1"},"canonical":"https:\/\/www.pedagogia.it\/stripes\/servizi-integrativi-gestione\/","og_locale":"it_IT","og_type":"article","og_title":"SERVIZI INTEGRATIVI IN GESTIONE - Stripes Cooperativa Sociale ONLUS","og_url":"https:\/\/www.pedagogia.it\/stripes\/servizi-integrativi-gestione\/","og_site_name":"Stripes Cooperativa Sociale ONLUS","article_published_time":"2018-04-13T12:40:24+00:00","article_modified_time":"2021-08-06T11:09:26+00:00","og_image":[{"width":1000,"height":667,"url":"https:\/\/www.pedagogia.it\/stripes\/wp-content\/uploads\/sites\/7\/2018\/04\/kids_color.jpg","type":"image\/jpeg"}],"author":"Raul Jannone","twitter_card":"summary_large_image","twitter_misc":{"Scritto da":"Raul Jannone","Tempo di lettura stimato":"3 minuti"},"schema":{"@context":"https:\/\/schema.org","@graph":[{"@type":"Article","@id":"https:\/\/www.pedagogia.it\/stripes\/servizi-integrativi-gestione\/#article","isPartOf":{"@id":"https:\/\/www.pedagogia.it\/stripes\/servizi-integrativi-gestione\/"},"author":{"name":"admin","@id":"https:\/\/www.pedagogia.it\/stripes\/#\/schema\/person\/6ef94b1703cc542d2cfed879ddf74507"},"headline":"SERVIZI INTEGRATIVI IN GESTIONE","datePublished":"2018-04-13T12:40:24+00:00","dateModified":"2021-08-06T11:09:26+00:00","mainEntityOfPage":{"@id":"https:\/\/www.pedagogia.it\/stripes\/servizi-integrativi-gestione\/"},"wordCount":756,"commentCount":0,"image":{"@id":"https:\/\/www.pedagogia.it\/stripes\/servizi-integrativi-gestione\/#primaryimage"},"thumbnailUrl":"https:\/\/www.pedagogia.it\/stripes\/wp-content\/uploads\/sites\/7\/2018\/04\/kids_color.jpg","articleSection":["zerosei"],"inLanguage":"it-IT","potentialAction":[{"@type":"CommentAction","name":"Comment","target":["https:\/\/www.pedagogia.it\/stripes\/servizi-integrativi-gestione\/#respond"]}]},{"@type":"WebPage","@id":"https:\/\/www.pedagogia.it\/stripes\/servizi-integrativi-gestione\/","url":"https:\/\/www.pedagogia.it\/stripes\/servizi-integrativi-gestione\/","name":"SERVIZI INTEGRATIVI IN GESTIONE - Stripes Cooperativa Sociale ONLUS","isPartOf":{"@id":"https:\/\/www.pedagogia.it\/stripes\/#website"},"primaryImageOfPage":{"@id":"https:\/\/www.pedagogia.it\/stripes\/servizi-integrativi-gestione\/#primaryimage"},"image":{"@id":"https:\/\/www.pedagogia.it\/stripes\/servizi-integrativi-gestione\/#primaryimage"},"thumbnailUrl":"https:\/\/www.pedagogia.it\/stripes\/wp-content\/uploads\/sites\/7\/2018\/04\/kids_color.jpg","datePublished":"2018-04-13T12:40:24+00:00","dateModified":"2021-08-06T11:09:26+00:00","author":{"@id":"https:\/\/www.pedagogia.it\/stripes\/#\/schema\/person\/6ef94b1703cc542d2cfed879ddf74507"},"breadcrumb":{"@id":"https:\/\/www.pedagogia.it\/stripes\/servizi-integrativi-gestione\/#breadcrumb"},"inLanguage":"it-IT","potentialAction":[{"@type":"ReadAction","target":["https:\/\/www.pedagogia.it\/stripes\/servizi-integrativi-gestione\/"]}]},{"@type":"ImageObject","inLanguage":"it-IT","@id":"https:\/\/www.pedagogia.it\/stripes\/servizi-integrativi-gestione\/#primaryimage","url":"https:\/\/www.pedagogia.it\/stripes\/wp-content\/uploads\/sites\/7\/2018\/04\/kids_color.jpg","contentUrl":"https:\/\/www.pedagogia.it\/stripes\/wp-content\/uploads\/sites\/7\/2018\/04\/kids_color.jpg","width":1000,"height":667},{"@type":"BreadcrumbList","@id":"https:\/\/www.pedagogia.it\/stripes\/servizi-integrativi-gestione\/#breadcrumb","itemListElement":[{"@type":"ListItem","position":1,"name":"Home","item":"https:\/\/www.pedagogia.it\/stripes\/"},{"@type":"ListItem","position":2,"name":"SERVIZI INTEGRATIVI IN GESTIONE"}]},{"@type":"WebSite","@id":"https:\/\/www.pedagogia.it\/stripes\/#website","url":"https:\/\/www.pedagogia.it\/stripes\/","name":"Stripes Cooperativa Sociale ONLUS","description":"","potentialAction":[{"@type":"SearchAction","target":{"@type":"EntryPoint","urlTemplate":"https:\/\/www.pedagogia.it\/stripes\/?s={search_term_string}"},"query-input":{"@type":"PropertyValueSpecification","valueRequired":true,"valueName":"search_term_string"}}],"inLanguage":"it-IT"},{"@type":"Person","@id":"https:\/\/www.pedagogia.it\/stripes\/#\/schema\/person\/6ef94b1703cc542d2cfed879ddf74507","name":"admin","image":{"@type":"ImageObject","inLanguage":"it-IT","@id":"https:\/\/secure.gravatar.com\/avatar\/44fd933c75f5ee9b96f27834e4b1f3d2e7e56504291af13b42785c2b1a53944a?s=96&d=mm&r=g99cbb35172e43f714c5f48bcbd1c7ca6","url":"https:\/\/secure.gravatar.com\/avatar\/44fd933c75f5ee9b96f27834e4b1f3d2e7e56504291af13b42785c2b1a53944a?s=96&d=mm&r=g","contentUrl":"https:\/\/secure.gravatar.com\/avatar\/44fd933c75f5ee9b96f27834e4b1f3d2e7e56504291af13b42785c2b1a53944a?s=96&d=mm&r=g","caption":"admin"},"sameAs":["https:\/\/servizieducativigaggiano.education"],"url":"https:\/\/www.pedagogia.it\/stripes\/author\/admin\/"}]}},"authors":[],"_links":{"self":[{"href":"https:\/\/www.pedagogia.it\/stripes\/wp-json\/wp\/v2\/posts\/89","targetHints":{"allow":["GET"]}}],"collection":[{"href":"https:\/\/www.pedagogia.it\/stripes\/wp-json\/wp\/v2\/posts"}],"about":[{"href":"https:\/\/www.pedagogia.it\/stripes\/wp-json\/wp\/v2\/types\/post"}],"author":[{"embeddable":true,"href":"https:\/\/www.pedagogia.it\/stripes\/wp-json\/wp\/v2\/users\/1"}],"replies":[{"embeddable":true,"href":"https:\/\/www.pedagogia.it\/stripes\/wp-json\/wp\/v2\/comments?post=89"}],"version-history":[{"count":0,"href":"https:\/\/www.pedagogia.it\/stripes\/wp-json\/wp\/v2\/posts\/89\/revisions"}],"wp:featuredmedia":[{"embeddable":true,"href":"https:\/\/www.pedagogia.it\/stripes\/wp-json\/wp\/v2\/media\/302"}],"wp:attachment":[{"href":"https:\/\/www.pedagogia.it\/stripes\/wp-json\/wp\/v2\/media?parent=89"}],"wp:term":[{"taxonomy":"category","embeddable":true,"href":"https:\/\/www.pedagogia.it\/stripes\/wp-json\/wp\/v2\/categories?post=89"},{"taxonomy":"post_tag","embeddable":true,"href":"https:\/\/www.pedagogia.it\/stripes\/wp-json\/wp\/v2\/tags?post=89"}],"curies":[{"name":"wp","href":"https:\/\/api.w.org\/{rel}","templated":true}]}}