{"id":9164,"date":"2020-12-29T15:46:23","date_gmt":"2020-12-29T14:46:23","guid":{"rendered":"https:\/\/www.pedagogia.it\/stripes\/?p=9164"},"modified":"2026-03-10T11:54:02","modified_gmt":"2026-03-10T10:54:02","slug":"servizio-civile-universale","status":"publish","type":"post","link":"https:\/\/www.pedagogia.it\/stripes\/servizio-civile-universale\/","title":{"rendered":"Servizio Civile Universale"},"content":{"rendered":"<div class=\"wpb-content-wrapper\"><div data-parent=\"true\" class=\"vc_row row-container desktop-hidden tablet-hidden mobile-hidden boomapps_vcrow\" id=\"row-unique-0\"><div class=\"row limit-width row-parent\"><div class=\"wpb_row row-inner\"><div class=\"wpb_column pos-top pos-center align_left column_parent col-lg-12 boomapps_vccolumn single-internal-gutter\"><div class=\"uncol style-light\"  ><div class=\"uncoltable\"><div class=\"uncell  boomapps_vccolumn no-block-padding\" ><div class=\"uncont\" ><div class=\"uncode_text_column\" ><p><span style=\"font-size: 18pt\"><strong>Il Servizio Civile Universale Digitale arriva in Stripes!<\/strong><\/span><\/p>\n<p>Anche quest&#8217;anno grazie alla collaborazione con Spazio Giovani e altri partner abbiamo preso parte ad una intensa progettazione che ha visto la selezione di <strong>2 progetti che si realizzeranno in diverse sedi di servizio tra la Brianza e la Citt\u00e0 Metropolitana di Milano.\u202f\u00a0<\/strong><\/p>\n<p>Il bando di selezione di \u202f<strong>Servizio Civile Universale\u202f2022<\/strong>\u00a0\u00e8 destinato ai giovani dai\u202f<strong>18 ai 29 anni\u202fnon compiuti<\/strong>, italiani, comunitari o non comunitari regolarmente soggiornanti in <strong>Italia<\/strong> e che non abbiano gi\u00e0 svolto o stiano svolgendo il <strong>Servizio Civile Universale<\/strong>.<\/p>\n<\/div><\/div><\/div><\/div><\/div><\/div><script id=\"script-row-unique-0\" data-row=\"script-row-unique-0\" type=\"text\/javascript\" class=\"vc_controls\">UNCODE.initRow(document.getElementById(\"row-unique-0\"));<\/script><\/div><\/div><\/div><div data-parent=\"true\" class=\"vc_row row-container boomapps_vcrow\" id=\"row-unique-1\"><div class=\"row limit-width row-parent\"><div class=\"wpb_row row-inner\"><div class=\"wpb_column pos-top pos-center align_left column_parent col-lg-12 boomapps_vccolumn single-internal-gutter\"><div class=\"uncol style-light\"  ><div class=\"uncoltable\"><div class=\"uncell  boomapps_vccolumn no-block-padding\" ><div class=\"uncont\" ><div class=\"uncode_text_column\" ><p><span style=\"font-size: 18pt;\"><strong>Il Servizio Civile Universale torna in Stripes!<\/strong><\/span><\/p>\n<p>\u00c8 stato pubblicato il\u202f<a href=\"https:\/\/www.politichegiovanili.gov.it\/comunicazione\/news\/2026\/2\/bando-ordinario-2026\/\" target=\"_blank\" rel=\"noreferrer noopener\">bando<\/a> di selezione di&nbsp;<strong>Servizio Civile Universale\u202f 2026<\/strong>&nbsp;destinato ai giovani dai\u202f<strong>18 ai 29 anni\u202fnon compiuti<\/strong>, italiani, comunitari o non comunitari regolarmente soggiornanti in <strong>Italia<\/strong> e che non abbiano gi\u00e0 svolto o stiano svolgendo il <strong>Servizio Civile Universale<\/strong>.<br \/>\nGrazie alla collaborazione con Spazio Giovani e altri partner sono a disposizione <strong>73 posti in Lombardia, tra le province di Monza e Brianza, Milano e Como.<\/strong><\/p>\n<\/div><\/div><\/div><\/div><\/div><\/div><script id=\"script-row-unique-1\" data-row=\"script-row-unique-1\" type=\"text\/javascript\" class=\"vc_controls\">UNCODE.initRow(document.getElementById(\"row-unique-1\"));<\/script><\/div><\/div><\/div><div data-parent=\"true\" class=\"vc_row row-container desktop-hidden tablet-hidden mobile-hidden boomapps_vcrow\" id=\"row-unique-2\"><div class=\"row limit-width row-parent\"><div class=\"wpb_row row-inner\"><div class=\"wpb_column pos-top pos-center align_left column_parent col-lg-12 boomapps_vccolumn single-internal-gutter\"><div class=\"uncol style-light\"  ><div class=\"uncoltable\"><div class=\"uncell  boomapps_vccolumn no-block-padding\" ><div class=\"uncont\" ><div class=\"uncode_text_column\" ><p><span style=\"font-size: 18pt;color: #000000\"><strong>Il Servizio Civile Digitale torna in Stripes!<\/strong><\/span><\/p>\n<p><span style=\"color: #000000\">\u00c8 stato pubblicato il\u202f<a style=\"color: #000000\" href=\"http:\/\/www.scelgoilserviziocivile.gov.it\/\" target=\"_blank\" rel=\"noreferrer noopener\">bando<\/a> di selezione di\u00a0<strong>Servizio Civile Digitale\u202f 2024<\/strong>\u00a0destinato ai giovani dai\u202f<strong>18 ai 29 anni\u202fnon compiuti<\/strong>, italiani, comunitari o non comunitari regolarmente soggiornanti in <strong>Italia<\/strong> e che non abbiano gi\u00e0 svolto o stiano svolgendo il <strong>Servizio Civile Universale<\/strong>.<\/span><br \/>\n<span style=\"color: #000000\">Grazie alla collaborazione con Spazio Giovani e altri partner sono a disposizione <strong>2 progetti che si realizzeranno in diverse sedi di servizio tra la Brianza e la Citt\u00e0 Metropolitana di Milano.<\/strong><\/span><\/p>\n<\/div><\/div><\/div><\/div><\/div><\/div><script id=\"script-row-unique-2\" data-row=\"script-row-unique-2\" type=\"text\/javascript\" class=\"vc_controls\">UNCODE.initRow(document.getElementById(\"row-unique-2\"));<\/script><\/div><\/div><\/div><div data-parent=\"true\" class=\"vc_row row-container boomapps_vcrow\" id=\"row-unique-3\"><div class=\"row limit-width row-parent\"><div class=\"wpb_row row-inner\"><div class=\"wpb_column pos-top pos-center align_left column_parent col-lg-6 boomapps_vccolumn single-internal-gutter\"><div class=\"uncol style-light\"  ><div class=\"uncoltable\"><div class=\"uncell  boomapps_vccolumn no-block-padding\" ><div class=\"uncont\" ><div class=\"uncode_text_column\" ><p><span style=\"color: #000000;\"><strong>Ogni progetto prevede:&nbsp;<\/strong><\/span><\/p>\n<p><span style=\"color: #000000;\">\ud83d\udcc5 <strong>Durata<\/strong>: 12 mesi<\/span><br \/>\n<span style=\"color: #000000;\">\u23f0 <strong>Monte ore<\/strong>: circa 25 ore a settimana<\/span><br \/>\n<span style=\"color: #000000;\">\ud83d\udcb0 <strong>Rimborso spese<\/strong>: 519,47\u20ac al mese<\/span><br \/>\n<span style=\"color: #000000;\">\u2705 <strong>Benefit<\/strong>: formazione inclusa, copertura assicurativa e ottenimento della Carta Giovani Nazionale con la sola domanda.<\/span><\/p>\n<\/div><div class=\"empty-space empty-half\" ><span class=\"empty-space-inner\"><\/span><\/div>\n<div class=\"uncode_text_column\" ><p><span style=\"color: #000000\"><strong><span style=\"font-size: 12pt\">Per tutte le informazioni \u00e8 possibile visitare la pagina dedicata sul sito di Spazio Giovani! <\/span><\/strong><\/span><\/p>\n<\/div><span class=\"btn-container\" ><a role=\"button\"  href=\"https:\/\/www.spaziogiovani.it\/servizio-civile-universale-2026-disponibili-73-posti\/\" class=\"custom-link btn border-width-0 btn-color-zsdf btn-icon-left\" target=\"_blank\">SCOPRI DI PI\u00d9<\/a><\/span><\/div><\/div><\/div><\/div><\/div><div class=\"wpb_column pos-top pos-center align_left column_parent col-lg-6 boomapps_vccolumn single-internal-gutter\"><div class=\"uncol style-light\"  ><div class=\"uncoltable\"><div class=\"uncell  boomapps_vccolumn no-block-padding\" ><div class=\"uncont\" ><div class=\"uncode-single-media  text-right\"><div class=\"single-wrapper\" style=\"max-width: 70%;\"><a class=\"single-media-link\" href=\"https:\/\/www.spaziogiovani.it\/wp\/2022\/12\/16\/servizio-civile-2023-spazio-giovani\/\" target=\"_blank\"><div class=\"tmb tmb-light  tmb-media-first tmb-media-last tmb-content-overlay tmb-no-bg\"><div class=\"t-inside\"><div class=\"t-entry-visual\"><div class=\"t-entry-visual-tc\"><div class=\"uncode-single-media-wrapper\"><img decoding=\"async\" class=\"wp-image-14897\" src=\"https:\/\/www.pedagogia.it\/stripes\/wp-content\/uploads\/sites\/7\/2022\/02\/servizio-civile-universale-e1534773438811.jpg\" width=\"678\" height=\"418\" alt=\"\" srcset=\"https:\/\/www.pedagogia.it\/stripes\/wp-content\/uploads\/sites\/7\/2022\/02\/servizio-civile-universale-e1534773438811.jpg 678w, https:\/\/www.pedagogia.it\/stripes\/wp-content\/uploads\/sites\/7\/2022\/02\/servizio-civile-universale-e1534773438811-300x185.jpg 300w, https:\/\/www.pedagogia.it\/stripes\/wp-content\/uploads\/sites\/7\/2022\/02\/servizio-civile-universale-e1534773438811-600x370.jpg 600w\" sizes=\"(max-width: 678px) 100vw, 678px\" \/><\/div>\n\t\t\t\t\t<\/div>\n\t\t\t\t<\/div><\/div><\/div><\/a><\/div><\/div><\/div><\/div><\/div><\/div><\/div><script id=\"script-row-unique-3\" data-row=\"script-row-unique-3\" type=\"text\/javascript\" class=\"vc_controls\">UNCODE.initRow(document.getElementById(\"row-unique-3\"));<\/script><\/div><\/div><\/div><div data-parent=\"true\" class=\"vc_row row-container boomapps_vcrow\" id=\"row-unique-4\"><div class=\"row limit-width row-parent\"><div class=\"wpb_row row-inner\"><div class=\"wpb_column pos-top pos-center align_left column_parent col-lg-6 boomapps_vccolumn single-internal-gutter\"><div class=\"uncol style-light\"  ><div class=\"uncoltable\"><div class=\"uncell  boomapps_vccolumn no-block-padding\" ><div class=\"uncont\" ><div class=\"uncode-single-media  text-left\"><div class=\"single-wrapper\" style=\"max-width: 100%;\"><a class=\"single-media-link\" href=\"https:\/\/www.spaziogiovani.it\/servizio-civile-universale-2026-disponibili-73-posti\/\" target=\"_blank\"><div class=\"tmb tmb-light  tmb-media-first tmb-media-last tmb-content-overlay tmb-no-bg\"><div class=\"t-inside\"><div class=\"t-entry-visual\"><div class=\"t-entry-visual-tc\"><div class=\"uncode-single-media-wrapper\"><img decoding=\"async\" class=\"wp-image-26602\" src=\"https:\/\/www.pedagogia.it\/stripes\/wp-content\/uploads\/sites\/7\/2020\/12\/Servizio-civile-universale.png\" width=\"1061\" height=\"598\" alt=\"\" srcset=\"https:\/\/www.pedagogia.it\/stripes\/wp-content\/uploads\/sites\/7\/2020\/12\/Servizio-civile-universale.png 1061w, https:\/\/www.pedagogia.it\/stripes\/wp-content\/uploads\/sites\/7\/2020\/12\/Servizio-civile-universale-300x169.png 300w, https:\/\/www.pedagogia.it\/stripes\/wp-content\/uploads\/sites\/7\/2020\/12\/Servizio-civile-universale-1024x577.png 1024w, https:\/\/www.pedagogia.it\/stripes\/wp-content\/uploads\/sites\/7\/2020\/12\/Servizio-civile-universale-768x433.png 768w, https:\/\/www.pedagogia.it\/stripes\/wp-content\/uploads\/sites\/7\/2020\/12\/Servizio-civile-universale-18x10.png 18w, https:\/\/www.pedagogia.it\/stripes\/wp-content\/uploads\/sites\/7\/2020\/12\/Servizio-civile-universale-350x197.png 350w, https:\/\/www.pedagogia.it\/stripes\/wp-content\/uploads\/sites\/7\/2020\/12\/Servizio-civile-universale-600x338.png 600w\" sizes=\"(max-width: 1061px) 100vw, 1061px\" \/><\/div>\n\t\t\t\t\t<\/div>\n\t\t\t\t<\/div><\/div><\/div><\/a><\/div><\/div><\/div><\/div><\/div><\/div><\/div><div class=\"wpb_column pos-top pos-center align_left column_parent col-lg-6 boomapps_vccolumn single-internal-gutter\"><div class=\"uncol style-light\"  ><div class=\"uncoltable\"><div class=\"uncell  boomapps_vccolumn no-block-padding\" ><div class=\"uncont\" ><div class=\"uncode_text_column\" ><p><span style=\"font-size: 18pt;\"><strong>PROGETTI E SEDI DI SERVIZIO IN STRIPES:<\/strong><\/span><\/p>\n<p><span style=\"font-size: 14pt;\"><strong>Servizio Civile Universale<\/strong><\/span><\/p>\n<p><span style=\"font-size: 12pt;\"><strong>Progetto Luoghi per Ben-Essere_Minori 0-17_2026<\/strong><\/span><\/p>\n<p><span style=\"font-size: 12pt;\">&#8211; Stripes &#8220;Lo Scrigno&#8221;- Via Monte Grappa, Vanzago- <strong>1 posto<\/strong><strong><br \/>\n<\/strong>&#8211; Stripes Sede Centrale- Via Ghisolfa, Rho- <strong>1 posto<br \/>\n<\/strong>&#8211; Stripes Digitus Lab&nbsp; &#8211; Via Cristina Belgioioso, Cascina Triulza, Milano &#8211; <strong>2 posti<\/strong><\/span><\/p>\n<p><span style=\"font-size: 12pt;\"><strong><a href=\"https:\/\/www.pedagogia.it\/stripes\/wp-content\/uploads\/sites\/7\/2026\/03\/allegato-a-scheda-PROGETTO-MINORI-SG.pdf\" target=\"_blank\" rel=\"noopener\">Scheda in sintesi<\/a><\/strong><\/span><\/p>\n<p><strong><span style=\"font-size: 12pt;\">Progetto Luoghi per Ben-Essere_ Anziani_e_Disabili_2026<\/span><\/strong><\/p>\n<p><span style=\"font-size: 12pt;\">&#8211; Stripes Sede Centrale- Via Ghisolfa, Rho- <strong>1 posto<br \/>\n<\/strong><\/span><span style=\"font-size: 12pt;\"><strong><a href=\"https:\/\/www.pedagogia.it\/stripes\/wp-content\/uploads\/sites\/7\/2026\/03\/allegato-a-scheda-PROGETTO-ANZIANI-DISABILI-SG.pdf\" target=\"_blank\" rel=\"noopener\">Scheda in sintesi<\/a><\/strong><\/span><\/p>\n<\/div><\/div><\/div><\/div><\/div><\/div><script id=\"script-row-unique-4\" data-row=\"script-row-unique-4\" type=\"text\/javascript\" class=\"vc_controls\">UNCODE.initRow(document.getElementById(\"row-unique-4\"));<\/script><\/div><\/div><\/div><div data-parent=\"true\" class=\"vc_row row-container desktop-hidden tablet-hidden mobile-hidden boomapps_vcrow\" id=\"row-unique-5\"><div class=\"row limit-width row-parent\"><div class=\"wpb_row row-inner\"><div class=\"wpb_column pos-top pos-center align_left column_parent col-lg-6 boomapps_vccolumn single-internal-gutter\"><div class=\"uncol style-light\"  ><div class=\"uncoltable\"><div class=\"uncell  boomapps_vccolumn no-block-padding\" ><div class=\"uncont\" ><div class=\"uncode-single-media  text-left\"><div class=\"single-wrapper\" style=\"max-width: 100%;\"><div class=\"tmb tmb-light  tmb-media-first tmb-media-last tmb-content-overlay tmb-no-bg\"><div class=\"t-inside\"><div class=\"t-entry-visual\"><div class=\"t-entry-visual-tc\"><div class=\"uncode-single-media-wrapper\"><img decoding=\"async\" class=\"wp-image-9177\" src=\"https:\/\/www.pedagogia.it\/stripes\/wp-content\/uploads\/sites\/7\/2020\/12\/teens-holding-text-boxes.jpg\" width=\"5000\" height=\"3480\" alt=\"\" srcset=\"https:\/\/www.pedagogia.it\/stripes\/wp-content\/uploads\/sites\/7\/2020\/12\/teens-holding-text-boxes.jpg 5000w, https:\/\/www.pedagogia.it\/stripes\/wp-content\/uploads\/sites\/7\/2020\/12\/teens-holding-text-boxes-300x209.jpg 300w, https:\/\/www.pedagogia.it\/stripes\/wp-content\/uploads\/sites\/7\/2020\/12\/teens-holding-text-boxes-768x535.jpg 768w, https:\/\/www.pedagogia.it\/stripes\/wp-content\/uploads\/sites\/7\/2020\/12\/teens-holding-text-boxes-1024x713.jpg 1024w, https:\/\/www.pedagogia.it\/stripes\/wp-content\/uploads\/sites\/7\/2020\/12\/teens-holding-text-boxes-600x418.jpg 600w\" sizes=\"(max-width: 5000px) 100vw, 5000px\" \/><\/div>\n\t\t\t\t\t<\/div>\n\t\t\t\t<\/div><\/div><\/div><\/div><\/div><\/div><\/div><\/div><\/div><\/div><div class=\"wpb_column pos-top pos-center align_left column_parent col-lg-6 boomapps_vccolumn single-internal-gutter\"><div class=\"uncol style-light\"  ><div class=\"uncoltable\"><div class=\"uncell  boomapps_vccolumn no-block-padding\" ><div class=\"uncont\" ><div class=\"uncode_text_column\" ><p><span style=\"font-size: 14pt;color: #000000\"><strong>PROGETTI E SEDI DI SERVIZIO IN STRIPES:<\/strong><\/span><\/p>\n<p><span style=\"color: #000000\"><strong><span style=\"font-size: 12pt\">Servizio Civile Digitale<\/span><\/strong><\/span><\/p>\n<ul>\n<li><span style=\"color: #000000\"><strong>Progetto RI-CREAZIONE DIGITALE 4.0 \u2013 2024<\/strong><strong><br \/>\n<\/strong>&#8211; Stripes Digitus Lab- Via Cristina Belgioioso, Milano- <\/span><strong><span style=\"color: #000000\">2 posti<\/span><br \/>\n<a href=\"https:\/\/www.pedagogia.it\/stripes\/wp-content\/uploads\/sites\/7\/2020\/12\/RI-CREAZIONE.pdf\" target=\"_blank\" rel=\"noopener\">Scheda in sintesi<\/a><br \/>\n<\/strong><\/li>\n<\/ul>\n<p>\n<\/div><\/div><\/div><\/div><\/div><\/div><script id=\"script-row-unique-5\" data-row=\"script-row-unique-5\" type=\"text\/javascript\" class=\"vc_controls\">UNCODE.initRow(document.getElementById(\"row-unique-5\"));<\/script><\/div><\/div><\/div><div data-parent=\"true\" class=\"vc_row row-container boomapps_vcrow\" id=\"row-unique-6\"><div class=\"row limit-width row-parent\"><div class=\"wpb_row row-inner\"><div class=\"wpb_column pos-top pos-center align_left column_parent col-lg-12 boomapps_vccolumn single-internal-gutter\"><div class=\"uncol style-light\"  ><div class=\"uncoltable\"><div class=\"uncell  boomapps_vccolumn no-block-padding\" ><div class=\"uncont\" ><div class=\"uncode_text_column\" ><\/p>\n<h2><span style=\"color: #000000;\"><strong>Come candidarsi?<\/strong><\/span><\/h2>\n<p><span style=\"color: #000000;\">Se sei interessato alle nostre proposte dovrai&nbsp;<strong>inviare la domanda di partecipazione<\/strong>&nbsp;attraverso la piattaforma\u202f<strong>DOL<\/strong>\u202f(<a style=\"color: #000000;\" href=\"https:\/\/domandaonline.serviziocivile.it\/\" target=\"_blank\" rel=\"noopener\">clicca qui\u202f<\/a>per maggiori info).<\/span><\/p>\n<p><span style=\"color: #000000;\"><strong>Per accedere ai servizi di compilazione e presentazione della domanda sulla piattaforma DOL occorre che il candidato sia riconosciuto dal sistema.<\/strong><\/span><\/p>\n<ul>\n<li><span style=\"color: #000000;\">I <strong>cittadini italiani residenti in Italia<\/strong> o <strong>all\u2019estero<\/strong> possono accedervi tramite <strong>Carta di Identit\u00e0 Elettronica (CIE)<\/strong>. La CIE \u00e8 il documento d\u2019identit\u00e0 dei cittadini italiani che permette l\u2019accertamento dell\u2019identit\u00e0 del possessore e l\u2019accesso ai servizi online delle Pubbliche Amministrazioni sia in Italia che nei Paesi dell\u2019Unione Europea. Per la presentazione della Domanda on-line di Servizio civile occorrono credenziali CIE di livello di sicurezza 2.&nbsp; <\/span><\/li>\n<li><span style=\"color: #000000;\">\u00c8 consentito, altres\u00ec, l\u2019accesso tramite il <strong>Sistema Pubblico di Identit\u00e0 Digitale (SPID)<\/strong>. Il Sistema Pubblico di Identit\u00e0 Digitale (SPID) \u00e8 lo strumento di accesso semplice, veloce e sicuro ai servizi digitali delle amministrazioni locali e centrali. Sul sito dell\u2019Agenzia per l\u2019Italia Digitale <a style=\"color: #000000;\" href=\"https:\/\/www.agid.gov.it\/it\/piattaforme\/spid\">https:\/\/www.agid.gov.it\/it\/piattaforme\/spid<\/a> sono disponibili tutte le informazioni su cosa \u00e8 SPID, quali servizi offre e come si richiede. Per la presentazione della Domanda on-line di Servizio civile occorrono credenziali SPID di livello di sicurezza 2.<\/span><\/li>\n<li><span style=\"color: #000000;\">Qualora <strong>i cittadini di Paesi appartenenti all\u2019Unione europea<\/strong> o <strong>non appartenenti all\u2019Unione europea regolarmente soggiornanti in Italia<\/strong>, non avessero la possibilit\u00e0 di acquisire lo SPID, \u00e8 data facolt\u00e0 di richiedere al Dipartimento il <strong>rilascio di apposite credenziali<\/strong> per accedere ai servizi della piattaforma DOL, seguendo la procedura disponibile sulla home page della piattaforma stessa.<\/span><\/li>\n<\/ul>\n<p><span style=\"color: #000000;\"><span style=\"font-family: -apple-system, BlinkMacSystemFont, 'Segoe UI', Roboto, Oxygen-Sans, Ubuntu, Cantarell, 'Helvetica Neue', sans-serif;\">Il giorno successivo alla presentazione della domanda il Sistema di protocollo del Dipartimento invier\u00e0 al candidato,\u202f<\/span><strong style=\"font-family: -apple-system, BlinkMacSystemFont, 'Segoe UI', Roboto, Oxygen-Sans, Ubuntu, Cantarell, 'Helvetica Neue', sans-serif;\">tramite posta elettronica<\/strong><span style=\"font-family: -apple-system, BlinkMacSystemFont, 'Segoe UI', Roboto, Oxygen-Sans, Ubuntu, Cantarell, 'Helvetica Neue', sans-serif;\">, la ricevuta di attestazione della presentazione con il numero di protocollo e la data e l\u2019orario di presentazione della domanda stessa.<\/span><\/span><\/p>\n<\/div><div class=\"uncode_text_column\" ><p><span style=\"font-size: 12pt; color: #000000;\">Le domande di partecipazione devono essere presentate\u202fesclusivamente nella modalit\u00e0 online sopra descritta <\/span><\/p>\n<p style=\"text-align: center;\"><span style=\"font-size: 18pt; color: #ffcc00;\"><strong>ENTRO E NON OLTRE le ore 14.00 del 8 Aprile 2026.<\/strong><\/span><\/p>\n<p><span style=\"font-size: 12pt; color: #000000;\">Le date di convocazione per i colloqui di selezione e le successive graduatorie verranno<strong> esclusivamente pubblicate sul sito<\/strong> <a style=\"color: #000000;\" href=\"https:\/\/www.spaziogiovani.it\/\" target=\"_blank\" rel=\"noopener\">www.spaziogiovani.it<\/a>. La pubblicazione sul sito <strong>esclude<\/strong> ogni altra forma di comunicazione. <\/span><\/p>\n<\/div><\/div><\/div><\/div><\/div><\/div><script id=\"script-row-unique-6\" data-row=\"script-row-unique-6\" type=\"text\/javascript\" class=\"vc_controls\">UNCODE.initRow(document.getElementById(\"row-unique-6\"));<\/script><\/div><\/div><\/div><div data-parent=\"true\" class=\"vc_row has-bg need-focus style-color-lxmt-bg row-container desktop-hidden tablet-hidden mobile-hidden boomapps_vcrow\" id=\"row-unique-7\"><div class=\"row limit-width row-parent\"><div class=\"wpb_row row-inner\"><div class=\"wpb_column pos-top pos-center align_left column_parent col-lg-6 boomapps_vccolumn single-internal-gutter\"><div class=\"uncol style-light\"  ><div class=\"uncoltable\"><div class=\"uncell  boomapps_vccolumn no-block-padding\" ><div class=\"uncont\" ><\/div><\/div><\/div><\/div><\/div><div class=\"wpb_column pos-top pos-center align_left column_parent col-lg-6 boomapps_vccolumn single-internal-gutter\"><div class=\"uncol style-light\"  ><div class=\"uncoltable\"><div class=\"uncell  boomapps_vccolumn no-block-padding\" ><div class=\"uncont\" ><div class=\"empty-space empty-single\" ><span class=\"empty-space-inner\"><\/span><\/div>\n<\/div><\/div><\/div><\/div><\/div><script id=\"script-row-unique-7\" data-row=\"script-row-unique-7\" type=\"text\/javascript\" class=\"vc_controls\">UNCODE.initRow(document.getElementById(\"row-unique-7\"));<\/script><\/div><\/div><\/div><div data-parent=\"true\" class=\"vc_row row-container boomapps_vcrow\" id=\"row-unique-8\"><div class=\"row limit-width row-parent\"><div class=\"wpb_row row-inner\"><div class=\"wpb_column pos-middle pos-center align_center column_parent col-lg-12 boomapps_vccolumn single-internal-gutter\"><div class=\"uncol style-light\"  ><div class=\"uncoltable\"><div class=\"uncell  boomapps_vccolumn no-block-padding\" ><div class=\"uncont\" ><div class=\"divider-wrapper \"  >\n    <hr class=\"unseparator separator-no-padding\"  \/>\n<\/div>\n<div class=\"vc_custom_heading_wrap \"><div class=\"heading-text el-text\" ><h2 class=\"h2\" ><span><\/p><\/span><span><h4 style=\"text-align: center\">Oppure scopri i nostri progetti direttamente dalle testimonianze delle volontarie di Servizio Civile Universale 2021!<\/h4><\/span><span><p><\/span><\/h2><\/div><div class=\"clear\"><\/div><\/div><\/div><\/div><\/div><\/div><\/div><script id=\"script-row-unique-8\" data-row=\"script-row-unique-8\" type=\"text\/javascript\" class=\"vc_controls\">UNCODE.initRow(document.getElementById(\"row-unique-8\"));<\/script><\/div><\/div><\/div><div data-parent=\"true\" class=\"vc_row sticky-element uncode-skew row-container boomapps_vcrow\" id=\"row-unique-9\"><div class=\"row limit-width row-parent\"><div class=\"wpb_row row-inner\"><div class=\"wpb_column pos-middle pos-center align_center column_parent col-lg-3 boomapps_vccolumn mobile-hidden single-internal-gutter\"><div class=\"uncol style-light\"  ><div class=\"uncoltable\"><div class=\"uncell  boomapps_vccolumn no-block-padding\" ><div class=\"uncont\" ><span class=\"btn-container\" ><a role=\"button\"  href=\"https:\/\/www.pedagogia.it\/stripes\/ll-primo-anno-di-servizio-civile-universale-in-stripes-lesperienza-di-giusy\/\" class=\"custom-link btn border-width-0 btn-color-iopl btn-round btn-icon-left\">Leggi l&#8217;intervista di Giusy<\/a><\/span><\/div><\/div><\/div><\/div><\/div><div class=\"wpb_column pos-middle pos-center align_center column_parent col-lg-3 boomapps_vccolumn single-internal-gutter\"><div class=\"uncol style-light\"  ><div class=\"uncoltable\"><div class=\"uncell  boomapps_vccolumn no-block-padding\" ><div class=\"uncont\" ><span class=\"btn-container\" ><a role=\"button\"  href=\"https:\/\/www.pedagogia.it\/stripes\/ll-primo-anno-di-servizio-civile-universale-in-stripes-lesperienza-di-maria\/\" class=\"custom-link btn border-width-0 btn-color-155816 btn-round btn-icon-left\">Guarda l&#8217;intervista di Maria<\/a><\/span><\/div><\/div><\/div><\/div><\/div><div class=\"wpb_column pos-middle pos-center align_center column_parent col-lg-3 boomapps_vccolumn mobile-hidden single-internal-gutter\"><div class=\"uncol style-light\"  ><div class=\"uncoltable\"><div class=\"uncell  boomapps_vccolumn no-block-padding\" ><div class=\"uncont\" ><span class=\"btn-container\" ><a role=\"button\"  href=\"https:\/\/www.pedagogia.it\/stripes\/il-primo-anno-di-servizio-civile-universale-con-stripes\/\" class=\"custom-link btn border-width-0 btn-color-148263 btn-round btn-icon-left\">Leggi l&#8217;intervista di Nicoletta<\/a><\/span><\/div><\/div><\/div><\/div><\/div><div class=\"wpb_column pos-top pos-center align_left column_parent col-lg-3 boomapps_vccolumn single-internal-gutter\"><div class=\"uncol style-light\"  ><div class=\"uncoltable\"><div class=\"uncell  boomapps_vccolumn no-block-padding\" ><div class=\"uncont\" ><span class=\"btn-container\" ><a role=\"button\"  href=\"https:\/\/www.pedagogia.it\/stripes\/?p=15268&preview=true\" class=\"custom-link btn border-width-0 btn-color-zsdf btn-round btn-icon-left\">Leggi l&#8217;intervista di Gaia<\/a><\/span><\/div><\/div><\/div><\/div><\/div><script id=\"script-row-unique-9\" data-row=\"script-row-unique-9\" type=\"text\/javascript\" class=\"vc_controls\">UNCODE.initRow(document.getElementById(\"row-unique-9\"));<\/script><\/div><\/div><\/div><div data-parent=\"true\" class=\"vc_row row-container boomapps_vcrow\" id=\"row-unique-10\"><div class=\"row limit-width row-parent\"><div class=\"wpb_row row-inner\"><div class=\"wpb_column pos-top pos-center align_left column_parent col-lg-12 boomapps_vccolumn single-internal-gutter\"><div class=\"uncol style-light\"  ><div class=\"uncoltable\"><div class=\"uncell  boomapps_vccolumn no-block-padding\" ><div class=\"uncont\" ><span class=\"btn-container\" ><a role=\"button\"  href=\"https:\/\/www.pedagogia.it\/stripes\/category\/sviluppo-e-territorio\/\" class=\"custom-link btn border-width-0 btn-accent btn-round btn-icon-left\">Scopri gli altri progetti dell&#8217;area sviluppo e territorio<\/a><\/span><\/div><\/div><\/div><\/div><\/div><script id=\"script-row-unique-10\" data-row=\"script-row-unique-10\" type=\"text\/javascript\" class=\"vc_controls\">UNCODE.initRow(document.getElementById(\"row-unique-10\"));<\/script><\/div><\/div><\/div><div data-parent=\"true\" class=\"vc_row row-container boomapps_vcrow\" id=\"row-unique-11\"><div class=\"row limit-width row-parent\"><div class=\"wpb_row row-inner\"><div class=\"wpb_column pos-top pos-center align_left column_parent col-lg-12 boomapps_vccolumn single-internal-gutter\"><div class=\"uncol style-light\"  ><div class=\"uncoltable\"><div class=\"uncell  boomapps_vccolumn no-block-padding\" ><div class=\"uncont\" ><\/div><\/div><\/div><\/div><\/div><script id=\"script-row-unique-11\" data-row=\"script-row-unique-11\" type=\"text\/javascript\" class=\"vc_controls\">UNCODE.initRow(document.getElementById(\"row-unique-11\"));<\/script><\/div><\/div><\/div><div data-parent=\"true\" class=\"vc_row row-container boomapps_vcrow\" id=\"row-unique-12\"><div class=\"row limit-width row-parent\"><div class=\"wpb_row row-inner\"><div class=\"wpb_column pos-top pos-center align_left column_parent col-lg-12 boomapps_vccolumn single-internal-gutter\"><div class=\"uncol style-light\"  ><div class=\"uncoltable\"><div class=\"uncell  boomapps_vccolumn no-block-padding\" ><div class=\"uncont\" ><div class=\"divider-wrapper \"  >\n    <hr class=\"unseparator border-,Default-color separator-no-padding\"  \/>\n<\/div>\n<\/div><\/div><\/div><\/div><\/div><script id=\"script-row-unique-12\" data-row=\"script-row-unique-12\" type=\"text\/javascript\" class=\"vc_controls\">UNCODE.initRow(document.getElementById(\"row-unique-12\"));<\/script><\/div><\/div><\/div>\n<\/div>","protected":false},"excerpt":{"rendered":"Il Servizio Civile Universale Digitale arriva in Stripes! Anche quest&#8217;anno grazie alla collaborazione con Spazio Giovani e altri partner abbiamo [...]","protected":false},"author":235,"featured_media":9165,"comment_status":"closed","ping_status":"open","sticky":false,"template":"","format":"standard","meta":{"give_campaign_id":0,"om_disable_all_campaigns":false,"_monsterinsights_skip_tracking":false,"_monsterinsights_sitenote_active":false,"_monsterinsights_sitenote_note":"","_monsterinsights_sitenote_category":0,"footnotes":""},"categories":[12],"tags":[317,318,331],"class_list":["post-9164","post","type-post","status-publish","format-standard","has-post-thumbnail","hentry","category-sviluppo-e-territorio","tag-giovani","tag-servizio-civile-universale","tag-progetti-attivi"],"aioseo_notices":[],"yoast_head":"<!-- This site is optimized with the Yoast SEO plugin v27.2 - https:\/\/yoast.com\/product\/yoast-seo-wordpress\/ -->\n<title>Servizio Civile Universale - Stripes Cooperativa Sociale ONLUS<\/title>\n<meta name=\"robots\" content=\"index, follow, max-snippet:-1, max-image-preview:large, max-video-preview:-1\" \/>\n<link rel=\"canonical\" href=\"https:\/\/www.pedagogia.it\/stripes\/servizio-civile-universale\/\" \/>\n<meta property=\"og:locale\" content=\"it_IT\" \/>\n<meta property=\"og:type\" content=\"article\" \/>\n<meta property=\"og:title\" content=\"Servizio Civile Universale - Stripes Cooperativa Sociale ONLUS\" \/>\n<meta property=\"og:url\" content=\"https:\/\/www.pedagogia.it\/stripes\/servizio-civile-universale\/\" \/>\n<meta property=\"og:site_name\" content=\"Stripes Cooperativa Sociale ONLUS\" \/>\n<meta property=\"article:published_time\" content=\"2020-12-29T14:46:23+00:00\" \/>\n<meta property=\"article:modified_time\" content=\"2026-03-10T10:54:02+00:00\" \/>\n<meta property=\"og:image\" content=\"https:\/\/www.pedagogia.it\/stripes\/wp-content\/uploads\/sites\/7\/2020\/12\/app_1920_1280_servizio-civile-universale-e1547137053272.jpg\" \/>\n\t<meta property=\"og:image:width\" content=\"1920\" \/>\n\t<meta property=\"og:image:height\" content=\"1280\" \/>\n\t<meta property=\"og:image:type\" content=\"image\/jpeg\" \/>\n<meta name=\"author\" content=\"maracolombo\" \/>\n<meta name=\"twitter:card\" content=\"summary_large_image\" \/>\n<meta name=\"twitter:label1\" content=\"Scritto da\" \/>\n\t<meta name=\"twitter:data1\" content=\"maracolombo\" \/>\n\t<meta name=\"twitter:label2\" content=\"Tempo di lettura stimato\" \/>\n\t<meta name=\"twitter:data2\" content=\"5 minuti\" \/>\n<script type=\"application\/ld+json\" class=\"yoast-schema-graph\">{\"@context\":\"https:\/\/schema.org\",\"@graph\":[{\"@type\":\"Article\",\"@id\":\"https:\/\/www.pedagogia.it\/stripes\/servizio-civile-universale\/#article\",\"isPartOf\":{\"@id\":\"https:\/\/www.pedagogia.it\/stripes\/servizio-civile-universale\/\"},\"author\":{\"name\":\"maracolombo\",\"@id\":\"https:\/\/www.pedagogia.it\/stripes\/#\/schema\/person\/c3931223708062d2bcd243fb82d0ece9\"},\"headline\":\"Servizio Civile Universale\",\"datePublished\":\"2020-12-29T14:46:23+00:00\",\"dateModified\":\"2026-03-10T10:54:02+00:00\",\"mainEntityOfPage\":{\"@id\":\"https:\/\/www.pedagogia.it\/stripes\/servizio-civile-universale\/\"},\"wordCount\":1599,\"image\":{\"@id\":\"https:\/\/www.pedagogia.it\/stripes\/servizio-civile-universale\/#primaryimage\"},\"thumbnailUrl\":\"https:\/\/www.pedagogia.it\/stripes\/wp-content\/uploads\/sites\/7\/2020\/12\/app_1920_1280_servizio-civile-universale-e1547137053272.jpg\",\"keywords\":[\"giovani\",\"servizio civile universale\",\"progetti attivi\"],\"articleSection\":[\"sviluppo e territorio\"],\"inLanguage\":\"it-IT\"},{\"@type\":\"WebPage\",\"@id\":\"https:\/\/www.pedagogia.it\/stripes\/servizio-civile-universale\/\",\"url\":\"https:\/\/www.pedagogia.it\/stripes\/servizio-civile-universale\/\",\"name\":\"Servizio Civile Universale - Stripes Cooperativa Sociale ONLUS\",\"isPartOf\":{\"@id\":\"https:\/\/www.pedagogia.it\/stripes\/#website\"},\"primaryImageOfPage\":{\"@id\":\"https:\/\/www.pedagogia.it\/stripes\/servizio-civile-universale\/#primaryimage\"},\"image\":{\"@id\":\"https:\/\/www.pedagogia.it\/stripes\/servizio-civile-universale\/#primaryimage\"},\"thumbnailUrl\":\"https:\/\/www.pedagogia.it\/stripes\/wp-content\/uploads\/sites\/7\/2020\/12\/app_1920_1280_servizio-civile-universale-e1547137053272.jpg\",\"datePublished\":\"2020-12-29T14:46:23+00:00\",\"dateModified\":\"2026-03-10T10:54:02+00:00\",\"author\":{\"@id\":\"https:\/\/www.pedagogia.it\/stripes\/#\/schema\/person\/c3931223708062d2bcd243fb82d0ece9\"},\"breadcrumb\":{\"@id\":\"https:\/\/www.pedagogia.it\/stripes\/servizio-civile-universale\/#breadcrumb\"},\"inLanguage\":\"it-IT\",\"potentialAction\":[{\"@type\":\"ReadAction\",\"target\":[\"https:\/\/www.pedagogia.it\/stripes\/servizio-civile-universale\/\"]}]},{\"@type\":\"ImageObject\",\"inLanguage\":\"it-IT\",\"@id\":\"https:\/\/www.pedagogia.it\/stripes\/servizio-civile-universale\/#primaryimage\",\"url\":\"https:\/\/www.pedagogia.it\/stripes\/wp-content\/uploads\/sites\/7\/2020\/12\/app_1920_1280_servizio-civile-universale-e1547137053272.jpg\",\"contentUrl\":\"https:\/\/www.pedagogia.it\/stripes\/wp-content\/uploads\/sites\/7\/2020\/12\/app_1920_1280_servizio-civile-universale-e1547137053272.jpg\",\"width\":1920,\"height\":1280},{\"@type\":\"BreadcrumbList\",\"@id\":\"https:\/\/www.pedagogia.it\/stripes\/servizio-civile-universale\/#breadcrumb\",\"itemListElement\":[{\"@type\":\"ListItem\",\"position\":1,\"name\":\"Home\",\"item\":\"https:\/\/www.pedagogia.it\/stripes\/\"},{\"@type\":\"ListItem\",\"position\":2,\"name\":\"Servizio Civile Universale\"}]},{\"@type\":\"WebSite\",\"@id\":\"https:\/\/www.pedagogia.it\/stripes\/#website\",\"url\":\"https:\/\/www.pedagogia.it\/stripes\/\",\"name\":\"Stripes Cooperativa Sociale ONLUS\",\"description\":\"\",\"potentialAction\":[{\"@type\":\"SearchAction\",\"target\":{\"@type\":\"EntryPoint\",\"urlTemplate\":\"https:\/\/www.pedagogia.it\/stripes\/?s={search_term_string}\"},\"query-input\":{\"@type\":\"PropertyValueSpecification\",\"valueRequired\":true,\"valueName\":\"search_term_string\"}}],\"inLanguage\":\"it-IT\"},{\"@type\":\"Person\",\"@id\":\"https:\/\/www.pedagogia.it\/stripes\/#\/schema\/person\/c3931223708062d2bcd243fb82d0ece9\",\"name\":\"maracolombo\",\"image\":{\"@type\":\"ImageObject\",\"inLanguage\":\"it-IT\",\"@id\":\"https:\/\/secure.gravatar.com\/avatar\/41e0ef966845c69af6e15fbbc059dac8078c1a5bd13ef103c3dd43007d08aec1?s=96&d=mm&r=ga412a0bc00134ae2702e216ce4f0e031\",\"url\":\"https:\/\/secure.gravatar.com\/avatar\/41e0ef966845c69af6e15fbbc059dac8078c1a5bd13ef103c3dd43007d08aec1?s=96&d=mm&r=g\",\"contentUrl\":\"https:\/\/secure.gravatar.com\/avatar\/41e0ef966845c69af6e15fbbc059dac8078c1a5bd13ef103c3dd43007d08aec1?s=96&d=mm&r=g\",\"caption\":\"maracolombo\"},\"url\":\"https:\/\/www.pedagogia.it\/stripes\/author\/maracolombo\/\"}]}<\/script>\n<!-- \/ Yoast SEO plugin. -->","yoast_head_json":{"title":"Servizio Civile Universale - Stripes Cooperativa Sociale ONLUS","robots":{"index":"index","follow":"follow","max-snippet":"max-snippet:-1","max-image-preview":"max-image-preview:large","max-video-preview":"max-video-preview:-1"},"canonical":"https:\/\/www.pedagogia.it\/stripes\/servizio-civile-universale\/","og_locale":"it_IT","og_type":"article","og_title":"Servizio Civile Universale - Stripes Cooperativa Sociale ONLUS","og_url":"https:\/\/www.pedagogia.it\/stripes\/servizio-civile-universale\/","og_site_name":"Stripes Cooperativa Sociale ONLUS","article_published_time":"2020-12-29T14:46:23+00:00","article_modified_time":"2026-03-10T10:54:02+00:00","og_image":[{"width":1920,"height":1280,"url":"https:\/\/www.pedagogia.it\/stripes\/wp-content\/uploads\/sites\/7\/2020\/12\/app_1920_1280_servizio-civile-universale-e1547137053272.jpg","type":"image\/jpeg"}],"author":"maracolombo","twitter_card":"summary_large_image","twitter_misc":{"Scritto da":"maracolombo","Tempo di lettura stimato":"5 minuti"},"schema":{"@context":"https:\/\/schema.org","@graph":[{"@type":"Article","@id":"https:\/\/www.pedagogia.it\/stripes\/servizio-civile-universale\/#article","isPartOf":{"@id":"https:\/\/www.pedagogia.it\/stripes\/servizio-civile-universale\/"},"author":{"name":"maracolombo","@id":"https:\/\/www.pedagogia.it\/stripes\/#\/schema\/person\/c3931223708062d2bcd243fb82d0ece9"},"headline":"Servizio Civile Universale","datePublished":"2020-12-29T14:46:23+00:00","dateModified":"2026-03-10T10:54:02+00:00","mainEntityOfPage":{"@id":"https:\/\/www.pedagogia.it\/stripes\/servizio-civile-universale\/"},"wordCount":1599,"image":{"@id":"https:\/\/www.pedagogia.it\/stripes\/servizio-civile-universale\/#primaryimage"},"thumbnailUrl":"https:\/\/www.pedagogia.it\/stripes\/wp-content\/uploads\/sites\/7\/2020\/12\/app_1920_1280_servizio-civile-universale-e1547137053272.jpg","keywords":["giovani","servizio civile universale","progetti attivi"],"articleSection":["sviluppo e territorio"],"inLanguage":"it-IT"},{"@type":"WebPage","@id":"https:\/\/www.pedagogia.it\/stripes\/servizio-civile-universale\/","url":"https:\/\/www.pedagogia.it\/stripes\/servizio-civile-universale\/","name":"Servizio Civile Universale - Stripes Cooperativa Sociale ONLUS","isPartOf":{"@id":"https:\/\/www.pedagogia.it\/stripes\/#website"},"primaryImageOfPage":{"@id":"https:\/\/www.pedagogia.it\/stripes\/servizio-civile-universale\/#primaryimage"},"image":{"@id":"https:\/\/www.pedagogia.it\/stripes\/servizio-civile-universale\/#primaryimage"},"thumbnailUrl":"https:\/\/www.pedagogia.it\/stripes\/wp-content\/uploads\/sites\/7\/2020\/12\/app_1920_1280_servizio-civile-universale-e1547137053272.jpg","datePublished":"2020-12-29T14:46:23+00:00","dateModified":"2026-03-10T10:54:02+00:00","author":{"@id":"https:\/\/www.pedagogia.it\/stripes\/#\/schema\/person\/c3931223708062d2bcd243fb82d0ece9"},"breadcrumb":{"@id":"https:\/\/www.pedagogia.it\/stripes\/servizio-civile-universale\/#breadcrumb"},"inLanguage":"it-IT","potentialAction":[{"@type":"ReadAction","target":["https:\/\/www.pedagogia.it\/stripes\/servizio-civile-universale\/"]}]},{"@type":"ImageObject","inLanguage":"it-IT","@id":"https:\/\/www.pedagogia.it\/stripes\/servizio-civile-universale\/#primaryimage","url":"https:\/\/www.pedagogia.it\/stripes\/wp-content\/uploads\/sites\/7\/2020\/12\/app_1920_1280_servizio-civile-universale-e1547137053272.jpg","contentUrl":"https:\/\/www.pedagogia.it\/stripes\/wp-content\/uploads\/sites\/7\/2020\/12\/app_1920_1280_servizio-civile-universale-e1547137053272.jpg","width":1920,"height":1280},{"@type":"BreadcrumbList","@id":"https:\/\/www.pedagogia.it\/stripes\/servizio-civile-universale\/#breadcrumb","itemListElement":[{"@type":"ListItem","position":1,"name":"Home","item":"https:\/\/www.pedagogia.it\/stripes\/"},{"@type":"ListItem","position":2,"name":"Servizio Civile Universale"}]},{"@type":"WebSite","@id":"https:\/\/www.pedagogia.it\/stripes\/#website","url":"https:\/\/www.pedagogia.it\/stripes\/","name":"Stripes Cooperativa Sociale ONLUS","description":"","potentialAction":[{"@type":"SearchAction","target":{"@type":"EntryPoint","urlTemplate":"https:\/\/www.pedagogia.it\/stripes\/?s={search_term_string}"},"query-input":{"@type":"PropertyValueSpecification","valueRequired":true,"valueName":"search_term_string"}}],"inLanguage":"it-IT"},{"@type":"Person","@id":"https:\/\/www.pedagogia.it\/stripes\/#\/schema\/person\/c3931223708062d2bcd243fb82d0ece9","name":"maracolombo","image":{"@type":"ImageObject","inLanguage":"it-IT","@id":"https:\/\/secure.gravatar.com\/avatar\/41e0ef966845c69af6e15fbbc059dac8078c1a5bd13ef103c3dd43007d08aec1?s=96&d=mm&r=ga412a0bc00134ae2702e216ce4f0e031","url":"https:\/\/secure.gravatar.com\/avatar\/41e0ef966845c69af6e15fbbc059dac8078c1a5bd13ef103c3dd43007d08aec1?s=96&d=mm&r=g","contentUrl":"https:\/\/secure.gravatar.com\/avatar\/41e0ef966845c69af6e15fbbc059dac8078c1a5bd13ef103c3dd43007d08aec1?s=96&d=mm&r=g","caption":"maracolombo"},"url":"https:\/\/www.pedagogia.it\/stripes\/author\/maracolombo\/"}]}},"authors":[],"_links":{"self":[{"href":"https:\/\/www.pedagogia.it\/stripes\/wp-json\/wp\/v2\/posts\/9164","targetHints":{"allow":["GET"]}}],"collection":[{"href":"https:\/\/www.pedagogia.it\/stripes\/wp-json\/wp\/v2\/posts"}],"about":[{"href":"https:\/\/www.pedagogia.it\/stripes\/wp-json\/wp\/v2\/types\/post"}],"author":[{"embeddable":true,"href":"https:\/\/www.pedagogia.it\/stripes\/wp-json\/wp\/v2\/users\/235"}],"replies":[{"embeddable":true,"href":"https:\/\/www.pedagogia.it\/stripes\/wp-json\/wp\/v2\/comments?post=9164"}],"version-history":[{"count":19,"href":"https:\/\/www.pedagogia.it\/stripes\/wp-json\/wp\/v2\/posts\/9164\/revisions"}],"predecessor-version":[{"id":26640,"href":"https:\/\/www.pedagogia.it\/stripes\/wp-json\/wp\/v2\/posts\/9164\/revisions\/26640"}],"wp:featuredmedia":[{"embeddable":true,"href":"https:\/\/www.pedagogia.it\/stripes\/wp-json\/wp\/v2\/media\/9165"}],"wp:attachment":[{"href":"https:\/\/www.pedagogia.it\/stripes\/wp-json\/wp\/v2\/media?parent=9164"}],"wp:term":[{"taxonomy":"category","embeddable":true,"href":"https:\/\/www.pedagogia.it\/stripes\/wp-json\/wp\/v2\/categories?post=9164"},{"taxonomy":"post_tag","embeddable":true,"href":"https:\/\/www.pedagogia.it\/stripes\/wp-json\/wp\/v2\/tags?post=9164"}],"curies":[{"name":"wp","href":"https:\/\/api.w.org\/{rel}","templated":true}]}}