{"id":300,"date":"2022-10-20T16:58:08","date_gmt":"2022-10-20T14:58:08","guid":{"rendered":"https:\/\/www.pedagogia.it\/stripescorporate\/senza-categoria\/asili-nido-e-servizi-educativi-0-6-anni-2\/"},"modified":"2023-10-02T18:10:41","modified_gmt":"2023-10-02T16:10:41","slug":"wellbeing-aziendale","status":"publish","type":"post","link":"https:\/\/www.pedagogia.it\/stripescorporate\/in-evidenza\/wellbeing-aziendale\/","title":{"rendered":"Wellbeing aziendale"},"content":{"rendered":"<div class=\"wpb-content-wrapper\"><p>[vc_row][vc_column width=&#8221;1\/1&#8243;][vc_custom_heading uncode_shortcode_id=&#8221;109010&#8243;]Wellbeing aziendale[\/vc_custom_heading][vc_column_text uncode_shortcode_id=&#8221;551030&#8243;]Il <strong>Benessere fisico, mentale ed emotivo<\/strong> \u00e8 sempre pi\u00f9 spesso al centro dei piani di Welfare Aziendale. Il <em>Wellbeing<\/em>, infatti, rappresenta oggi uno strumento fondamentale per incrementare la produttivit\u00e0 aziendale partendo dalla <strong>cura dei propri dipendenti<\/strong>.<\/p>\n<div>\n<p>E\u2019 sempre pi\u00f9 noto che momenti di meditazione, relax e \u201ccura di s\u00e9\u201d possono migliorare a gestire lo stress, la concentrazione e le relazioni con gli altri dal punto di vista dei dipendenti. Al contempo per l\u2019azienda un investimento di questo tipo pu\u00f2 aiutare la riduzione del tasso di assenteismo, generare un maggiore coinvolgimento dei propri collaboratori e un miglioramento dei risultati producendo un aumento dell\u2019efficienza aziendale generale.<\/p>\n<p>L\u2019attenzione verso la sfera del benessere, inteso come benessere fisico, mentale ed emotivo, rappresenta un passo fondamentale per ogni azienda che intenda <strong>valorizzare il dipendente come persona<\/strong>.<\/p>\n<p>StirpesCorporate mette a disposizione specifiche competenze di professionisti e proposte modulabili di Wellbeing che possono essere personalizzate rispetto alle necessit\u00e0 dell\u2019azienda coinvolgendo professionisti (ortoterapeuti, insegnanti di pilates, \u2026), reti ed associazioni con cui Stripes collabora da tempo.<\/p>\n<\/div>\n<div><\/div>\n<p>[\/vc_column_text][\/vc_column][\/vc_row][vc_row][vc_column width=&#8221;1\/2&#8243;][vc_single_image media=&#8221;650&#8243; media_width_percent=&#8221;100&#8243; uncode_shortcode_id=&#8221;158178&#8243;][\/vc_column][vc_column width=&#8221;1\/2&#8243;][vc_column_text uncode_shortcode_id=&#8221;103501&#8243;]<strong><em>Quali sono gli effetti delle strategie di wellbeing?<br \/>\n<\/em><\/strong>Alcuni vantaggi\u2026<\/p>\n<p><strong>Per i dipendenti:<\/strong><\/p>\n<ul>\n<li>Miglioramento nella gestione dello stress<\/li>\n<li>Minor rischio di burn out<\/li>\n<li>Miglioramento della performance<\/li>\n<li>Miglioramento del rapporto con i colleghi<\/li>\n<\/ul>\n<p><strong>Per l\u2019Azienda<\/strong><\/p>\n<ul>\n<li>Crescita della brand reputation e della brand loyalty<\/li>\n<li>Miglioramento della produttivit\u00e0<\/li>\n<li>Minor assenteismo<\/li>\n<li>Maggior engagement dei dipendenti<\/li>\n<\/ul>\n<p>[\/vc_column_text][\/vc_column][\/vc_row][vc_row][vc_column column_width_percent=&#8221;100&#8243; gutter_size=&#8221;3&#8243; overlay_alpha=&#8221;50&#8243; shift_x=&#8221;0&#8243; shift_y=&#8221;0&#8243; shift_y_down=&#8221;0&#8243; z_index=&#8221;0&#8243; medium_width=&#8221;0&#8243; mobile_width=&#8221;0&#8243; width=&#8221;1\/1&#8243; uncode_shortcode_id=&#8221;407353&#8243;][vc_custom_heading heading_semantic=&#8221;h3&#8243; text_size=&#8221;h3&#8243; uncode_shortcode_id=&#8221;174505&#8243; text_color_type=&#8221;uncode-solid&#8221; text_color_solid=&#8221;#8e173e&#8221;]Scopri i nostri percorsi e servizi dedicati al benessere[\/vc_custom_heading][vc_custom_heading heading_semantic=&#8221;h4&#8243; text_size=&#8221;h4&#8243; uncode_shortcode_id=&#8221;906225&#8243;]<strong>Consapevolezza ed equilibrio emotivo con la Mindfulness<\/strong>[\/vc_custom_heading][vc_column_text uncode_shortcode_id=&#8221;327330&#8243;]La pratica della Mindfulness fornisce gli strumenti per imparare a gestire e rispondere alle pressioni della vita personale e professionale, lavorando sulla <strong>consapevolezza<\/strong>.<br \/>\nLavorare sull\u2019equilibrio emotivo e sulla consapevolezza mentale permette al corpo di rispondere con maggiore energia ed armonia alle le sfide e gli impegni di ogni giorno.<br \/>\nAttraverso un corso di Mindfulness l\u2019azienda pu\u00f2 aiutare i propri dipendenti a <strong>ridurre lo stress<\/strong> e a <strong>migliorare il benessere fisico e mentale<\/strong>, nonch\u00e9 la qualit\u00e0 del lavoro e delle relazioni ottenendo cos\u00ec dei vantaggi organizzativi ed economici[\/vc_column_text][\/vc_column][\/vc_row][vc_row row_height_percent=&#8221;0&#8243; override_padding=&#8221;yes&#8221; h_padding=&#8221;0&#8243; top_padding=&#8221;0&#8243; bottom_padding=&#8221;1&#8243; overlay_alpha=&#8221;50&#8243; gutter_size=&#8221;3&#8243; column_width_percent=&#8221;100&#8243; shift_y=&#8221;0&#8243; z_index=&#8221;0&#8243; uncode_shortcode_id=&#8221;128862&#8243;][vc_column width=&#8221;1\/4&#8243;][vc_single_image media=&#8221;654&#8243; media_width_percent=&#8221;60&#8243; media_ratio=&#8221;one-one&#8221; alignment=&#8221;center&#8221; shape=&#8221;img-circle&#8221; shadow=&#8221;yes&#8221; shadow_weight=&#8221;sm&#8221; uncode_shortcode_id=&#8221;403758&#8243;][\/vc_column][vc_column column_width_percent=&#8221;100&#8243; position_vertical=&#8221;middle&#8221; gutter_size=&#8221;3&#8243; overlay_alpha=&#8221;50&#8243; shift_x=&#8221;0&#8243; shift_y=&#8221;0&#8243; shift_y_down=&#8221;0&#8243; z_index=&#8221;0&#8243; medium_width=&#8221;0&#8243; mobile_width=&#8221;0&#8243; width=&#8221;3\/4&#8243; uncode_shortcode_id=&#8221;202836&#8243;][vc_column_text uncode_shortcode_id=&#8221;122613&#8243;]<strong>Anna Maria Sassi<br \/>\n<\/strong>Psicologa e psicoterapeuta cognitivo-comportamentale.<br \/>\nTerapeuta EMDR.<br \/>\nConduttrice di gruppi clinici e training nell\u2019ambito della mindfulness.<\/p>\n<div><\/div>\n<p>[\/vc_column_text][\/vc_column][\/vc_row][vc_row][vc_column width=&#8221;1\/1&#8243;][vc_separator sep_color=&#8221;&#8221; uncode_shortcode_id=&#8221;975823&#8243; sep_color_type=&#8221;uncode-solid&#8221; sep_color_solid=&#8221;#8e173e&#8221;][vc_custom_heading heading_semantic=&#8221;h4&#8243; text_size=&#8221;h4&#8243; uncode_shortcode_id=&#8221;152696&#8243;]<b>Relazioni in movimento: il Tai Chi nella vita quotidiana e lavorativa<\/b>[\/vc_custom_heading][vc_column_text uncode_shortcode_id=&#8221;886054&#8243;]Il Tai Chi Chuan, noto come Tai Chi, \u00e8 una delle discipline orientali pi\u00f9 conosciute in occidente che spesso viene descritto come \u201cmeditazione in movimento\u201d. Si tratta infatti di un\u2019arte marziale cinese &#8220;interna&#8221; caratterizzata da movimenti morbidi e circolari che coinvolge sia la mente che il corpo, che ha l\u2019obiettivo di migliorare e valorizzare degli aspetti della vita personale e professionale legati al benessere psico-fisico.<br \/>\nGrazie a queste caratteristiche il Tai Chi pu\u00f2 essere praticato da tutti e a qualunque et\u00e0.<br \/>\nProporre un corso di Tai Chi per i dipendenti della propria azienda significa, quindi, pensare ad un percorso orientato all\u2019integrazione consapevole di corpo-mente-spirito-ambiente che favorisce relax, consapevolezza e autocontrollo.<br \/>\nIl corso, pensato e proposto da chi da anni lavora in ambito pedagogico e formativo, mira ad integrare i principi del Tai Chi con i moderni saperi derivati dalle neuroscienze per una proposta focalizzata sulle competenze relazionali e di gestione del conflitto che metta i partecipanti in grado di trasferire i movimenti, le posture e il modo di &#8220;stare in relazione&#8221; esperiti fisicamente durante le lezioni anche alle relazioni, personali e lavorative, quotidiane.[\/vc_column_text][\/vc_column][\/vc_row][vc_row row_height_percent=&#8221;0&#8243; override_padding=&#8221;yes&#8221; h_padding=&#8221;0&#8243; top_padding=&#8221;0&#8243; bottom_padding=&#8221;1&#8243; overlay_alpha=&#8221;50&#8243; gutter_size=&#8221;3&#8243; column_width_percent=&#8221;100&#8243; shift_y=&#8221;0&#8243; z_index=&#8221;0&#8243; uncode_shortcode_id=&#8221;128862&#8243;][vc_column width=&#8221;1\/4&#8243;][vc_single_image media=&#8221;664&#8243; media_width_percent=&#8221;60&#8243; media_ratio=&#8221;one-one&#8221; alignment=&#8221;center&#8221; shape=&#8221;img-circle&#8221; shadow=&#8221;yes&#8221; shadow_weight=&#8221;sm&#8221; uncode_shortcode_id=&#8221;114308&#8243;][\/vc_column][vc_column column_width_percent=&#8221;100&#8243; position_vertical=&#8221;middle&#8221; gutter_size=&#8221;3&#8243; overlay_alpha=&#8221;50&#8243; shift_x=&#8221;0&#8243; shift_y=&#8221;0&#8243; shift_y_down=&#8221;0&#8243; z_index=&#8221;0&#8243; medium_width=&#8221;0&#8243; mobile_width=&#8221;0&#8243; width=&#8221;3\/4&#8243; uncode_shortcode_id=&#8221;202836&#8243;][vc_column_text uncode_shortcode_id=&#8221;159653&#8243;]<strong>Gianluca Salvati<br \/>\n<\/strong><\/p>\n<p>Coordinatore di servizi educativi e pedagogista. Ha collaborato per diversi anni con l\u2019Universit\u00e0 di Milano-Bicocca e ha pubblicato alcuni saggi e articoli con particolare focus sul tema &#8220;corpo e movimento nei processi formativi\u201d. Da oltre 15 anni pratica l\u2019antica arte cinese del Tai Chi Chuan, un\u2019esperienza autoformativa che incontra in maniera quasi spontanea quella pedagogica e formativa.[\/vc_column_text][\/vc_column][\/vc_row][vc_row][vc_column width=&#8221;1\/1&#8243;][vc_separator sep_color=&#8221;&#8221; uncode_shortcode_id=&#8221;975823&#8243; sep_color_type=&#8221;uncode-solid&#8221; sep_color_solid=&#8221;#8e173e&#8221;][vc_custom_heading heading_semantic=&#8221;h4&#8243; text_size=&#8221;h4&#8243; uncode_shortcode_id=&#8221;270750&#8243;]<b>Yoga: in equilibrio tra corpo e mente<\/b>[\/vc_custom_heading][vc_column_text uncode_shortcode_id=&#8221;189492&#8243;]Lo yoga \u00e8 una disciplina fisica, mentale e spirituale di origine indiana che permette di migliorare lo stile di vita e ritrovare l\u2019energia prendendosi una pausa dal resto degli impegni e dei problemi che occupano normalmente le giornate.<br \/>\nPraticare <em>yoga<\/em> significa \u2013 in poche parole &#8211; lavorare su s\u00e9 stessi, sul proprio equilibrio fisico, psichico e spirituale per ritrovare il benessere. Proponendo un corso di Yoga in azienda si investe positivamente sui propri dipendenti andando a migliorare l\u2019efficienza lavorativa e il lavoro in team diminuendo il senso di stress ed aumentando la consapevolezza e il senso di appartenenza aziendale.<\/p>\n<p>[\/vc_column_text][\/vc_column][\/vc_row][vc_row row_height_percent=&#8221;0&#8243; override_padding=&#8221;yes&#8221; h_padding=&#8221;0&#8243; top_padding=&#8221;0&#8243; bottom_padding=&#8221;1&#8243; overlay_alpha=&#8221;50&#8243; gutter_size=&#8221;3&#8243; column_width_percent=&#8221;100&#8243; shift_y=&#8221;0&#8243; z_index=&#8221;0&#8243; uncode_shortcode_id=&#8221;128862&#8243;][vc_column width=&#8221;1\/4&#8243;][vc_single_image media=&#8221;713&#8243; media_width_percent=&#8221;60&#8243; media_ratio=&#8221;one-one&#8221; alignment=&#8221;center&#8221; shape=&#8221;img-circle&#8221; shadow=&#8221;yes&#8221; shadow_weight=&#8221;sm&#8221; uncode_shortcode_id=&#8221;201969&#8243;][\/vc_column][vc_column column_width_percent=&#8221;100&#8243; position_vertical=&#8221;middle&#8221; gutter_size=&#8221;3&#8243; overlay_alpha=&#8221;50&#8243; shift_x=&#8221;0&#8243; shift_y=&#8221;0&#8243; shift_y_down=&#8221;0&#8243; z_index=&#8221;0&#8243; medium_width=&#8221;0&#8243; mobile_width=&#8221;0&#8243; width=&#8221;3\/4&#8243; uncode_shortcode_id=&#8221;202836&#8243;][vc_column_text uncode_shortcode_id=&#8221;208036&#8243;]<strong>Asia Aliberti<\/strong><\/p>\n<p>Counselor relazionale e insegnante di yoga. Nel corso degli anni ha approfondito diversi stili di yoga per scoprire che per ogni momento della vita e per ogni persona pu\u00f2 esserci una pratica pi\u00f9 giusta di un\u2019altra. Condivide gli insegnamenti dello Yoga come un percorso di consapevolezza alla portata di chiunque, come esperienza interiore, fisica e mentale capace di garantire il benessere a 360 gradi.[\/vc_column_text][\/vc_column][\/vc_row][vc_row][vc_column width=&#8221;1\/1&#8243;][vc_separator sep_color=&#8221;&#8221; uncode_shortcode_id=&#8221;975823&#8243; sep_color_type=&#8221;uncode-solid&#8221; sep_color_solid=&#8221;#8e173e&#8221;][vc_custom_heading heading_semantic=&#8221;h4&#8243; text_size=&#8221;h4&#8243; uncode_shortcode_id=&#8221;147522&#8243;]<b>Drammaterapia<\/b>[\/vc_custom_heading][vc_column_text uncode_shortcode_id=&#8221;277809&#8243;]La Drammaterapia fa parte del mondo delle arti-terapie ed \u00e8 una forma di terapia psicologica che impiega strumenti e risorse del mondo del teatro per puntare al miglioramento del benessere personale, soprattutto dal punto di vista mentale ed emotivo. Attraverso un percorso di drammaterapia di gruppo \u00e8 possibile sviluppare competenze creative e relazionali, partendo da s\u00e9 stessi e dalle proprie emozioni fino ad arrivare alla relazione con l\u2019altro. Nei corsi di drammaterapia il corpo \u00e8 il mezzo espressivo attraverso il quale le persone dialogano sviluppando consapevolezza, coscienza di s\u00e9 e autostima. Svolto in un contesto di gruppo, ad esempio all\u2019interno di un gruppo di dipendenti della medesima azienda, \u00e8 possibile migliorare le modalit\u00e0 di confronto ed interazione tra i differenti soggetti con la finalit\u00e0 di sperimentare punti di vista differenti e di ampliare la propria visione.[\/vc_column_text][\/vc_column][\/vc_row][vc_row row_height_percent=&#8221;0&#8243; override_padding=&#8221;yes&#8221; h_padding=&#8221;0&#8243; top_padding=&#8221;0&#8243; bottom_padding=&#8221;1&#8243; overlay_alpha=&#8221;50&#8243; gutter_size=&#8221;3&#8243; column_width_percent=&#8221;100&#8243; shift_y=&#8221;0&#8243; z_index=&#8221;0&#8243; uncode_shortcode_id=&#8221;150250&#8243;][vc_column width=&#8221;1\/4&#8243;][vc_single_image media=&#8221;772&#8243; media_width_percent=&#8221;60&#8243; media_ratio=&#8221;one-one&#8221; alignment=&#8221;center&#8221; shape=&#8221;img-circle&#8221; shadow=&#8221;yes&#8221; shadow_weight=&#8221;sm&#8221; uncode_shortcode_id=&#8221;131524&#8243;][\/vc_column][vc_column column_width_percent=&#8221;100&#8243; position_vertical=&#8221;middle&#8221; gutter_size=&#8221;3&#8243; overlay_alpha=&#8221;50&#8243; shift_x=&#8221;0&#8243; shift_y=&#8221;0&#8243; shift_y_down=&#8221;0&#8243; z_index=&#8221;0&#8243; medium_width=&#8221;0&#8243; mobile_width=&#8221;0&#8243; width=&#8221;3\/4&#8243; uncode_shortcode_id=&#8221;202836&#8243;][vc_column_text uncode_shortcode_id=&#8221;169568&#8243;]<strong>Rosa Alba Bellante<\/strong><\/p>\n<p>Pedagogista, Formatrice, Drammaterapeuta, Attrice.\u00a0 Svolge da oltre 25 anni attivit\u00e0 pedagogica e come drammaterapeuta conduce percorsi formativi e incontri tematici\u00a0 per adulti e minori basati sul coinvolgimento attivo e creativo dei partecipanti.\u00a0 Da oltre 10 anni partecipa a laboratori come attrice e regista teatrale, attivit\u00e0 che incontra e include quella pedagogica e formativa.[\/vc_column_text][\/vc_column][\/vc_row][vc_row row_height_percent=&#8221;0&#8243; override_padding=&#8221;yes&#8221; h_padding=&#8221;0&#8243; top_padding=&#8221;2&#8243; bottom_padding=&#8221;1&#8243; overlay_alpha=&#8221;50&#8243; gutter_size=&#8221;3&#8243; column_width_percent=&#8221;100&#8243; shift_y=&#8221;0&#8243; z_index=&#8221;0&#8243; uncode_shortcode_id=&#8221;369670&#8243;][vc_column width=&#8221;1\/4&#8243;][vc_single_image media=&#8221;1263&#8243; media_width_percent=&#8221;60&#8243; media_ratio=&#8221;one-one&#8221; alignment=&#8221;center&#8221; shape=&#8221;img-circle&#8221; shadow=&#8221;yes&#8221; shadow_weight=&#8221;sm&#8221; uncode_shortcode_id=&#8221;145568&#8243;][\/vc_column][vc_column column_width_percent=&#8221;100&#8243; position_vertical=&#8221;middle&#8221; gutter_size=&#8221;3&#8243; overlay_alpha=&#8221;50&#8243; shift_x=&#8221;0&#8243; shift_y=&#8221;0&#8243; shift_y_down=&#8221;0&#8243; z_index=&#8221;0&#8243; medium_width=&#8221;0&#8243; mobile_width=&#8221;0&#8243; width=&#8221;3\/4&#8243; uncode_shortcode_id=&#8221;202836&#8243;][vc_column_text uncode_shortcode_id=&#8221;902523&#8243;]<strong>Alessia Amboni<\/strong><\/p>\n<p>Drammaterapeuta. Specializzata nella conduzione e formazione di percorsi di gruppo.<br \/>\nLavoro con le tecniche del teatro e tutte le forme\u00a0 artistiche ad ampio raggio. Facilito percorsi di risveglio creativo ed espressivit\u00e0 in modo delicato e giocoso per aiutare la persona a sperimentare un profondo ed integrale senso di benessere nella scoperta del proprio potenziale autentico.[\/vc_column_text][\/vc_column][\/vc_row][vc_row][vc_column width=&#8221;1\/1&#8243;][vc_separator sep_color=&#8221;&#8221; uncode_shortcode_id=&#8221;975823&#8243; sep_color_type=&#8221;uncode-solid&#8221; sep_color_solid=&#8221;#8e173e&#8221;][vc_custom_heading heading_semantic=&#8221;h4&#8243; text_size=&#8221;h4&#8243; uncode_shortcode_id=&#8221;879752&#8243;]<b>Psicologo aziendale<\/b>[\/vc_custom_heading][vc_column_text uncode_shortcode_id=&#8221;104373&#8243;]Lo sportello di ascolto e supporto psicologico \u00e8 uno <strong>strumento psico-educativo<\/strong> che viene messo a disposizione dei dipendenti per accogliere le loro problematiche e supportarli nella<strong> risoluzione delle situazioni complesse e di stress<\/strong> che influenzano anche la sfera professionale. Il servizio ha carattere volontario e viene garantita la massima riservatezza.<br \/>\nLo psicologo aziendale \u00e8 figura professionale esterna all\u2019azienda che \u00e8 in grado di posizionarsi in modo neutrale rispetto al contesto. Tale professionista presenta un titolo di studio idoneo (laurea, attestazioni, certificazioni) e una abilitazione alla professione. Inoltre, vene garantita l\u2019esperienza in ambito organizzativo e nella gestione di gruppi.[\/vc_column_text][\/vc_column][\/vc_row][vc_row row_height_percent=&#8221;0&#8243; override_padding=&#8221;yes&#8221; h_padding=&#8221;0&#8243; top_padding=&#8221;0&#8243; bottom_padding=&#8221;2&#8243; overlay_alpha=&#8221;50&#8243; gutter_size=&#8221;3&#8243; column_width_percent=&#8221;100&#8243; shift_y=&#8221;0&#8243; z_index=&#8221;0&#8243; uncode_shortcode_id=&#8221;187822&#8243;][vc_column width=&#8221;1\/4&#8243;][vc_single_image media=&#8221;1219&#8243; media_width_percent=&#8221;60&#8243; media_ratio=&#8221;one-one&#8221; alignment=&#8221;center&#8221; shape=&#8221;img-circle&#8221; shadow=&#8221;yes&#8221; shadow_weight=&#8221;sm&#8221; uncode_shortcode_id=&#8221;722170&#8243;][\/vc_column][vc_column column_width_percent=&#8221;100&#8243; position_vertical=&#8221;middle&#8221; gutter_size=&#8221;3&#8243; overlay_alpha=&#8221;50&#8243; shift_x=&#8221;0&#8243; shift_y=&#8221;0&#8243; shift_y_down=&#8221;0&#8243; z_index=&#8221;0&#8243; medium_width=&#8221;0&#8243; mobile_width=&#8221;0&#8243; width=&#8221;3\/4&#8243; uncode_shortcode_id=&#8221;202836&#8243;][vc_column_text uncode_shortcode_id=&#8221;290229&#8243;]<strong>Annalisa Olgiati<\/strong><\/p>\n<p>Laureata in Psicologia (Vecchio Ordinamento) sono da sempre nel mondo dell&#8217;educazione ora ricopro il ruolo di coordinatrice pedagogica e organizzativa. Dopo un Master professionalizzante, mi occupo anche di valutazione e trattamento dei disturbi dell&#8217;apprendimento. Nella pratica psicologica mi piace avere uno sguardo composito considerando sia l&#8217;approccio cognitivo-comportamentale, frutto del mio percorso di studi, che quello sistemico-relazionale, approfondito e sviluppato nell&#8217;attivit\u00e0 di coordinamento psico-educativo.[\/vc_column_text][\/vc_column][\/vc_row][vc_row row_height_percent=&#8221;0&#8243; overlay_alpha=&#8221;50&#8243; gutter_size=&#8221;3&#8243; column_width_percent=&#8221;100&#8243; shift_y=&#8221;0&#8243; z_index=&#8221;0&#8243; uncode_shortcode_id=&#8221;104869&#8243; back_color_type=&#8221;uncode-solid&#8221; back_color_solid=&#8221;#8e173e&#8221;][vc_column column_width_percent=&#8221;100&#8243; gutter_size=&#8221;3&#8243; overlay_alpha=&#8221;50&#8243; shift_x=&#8221;0&#8243; shift_y=&#8221;0&#8243; shift_y_down=&#8221;0&#8243; z_index=&#8221;0&#8243; medium_width=&#8221;0&#8243; mobile_width=&#8221;0&#8243; css_animation=&#8221;right-t-left&#8221; width=&#8221;1\/3&#8243; uncode_shortcode_id=&#8221;151189&#8243;][vc_custom_heading text_size=&#8221;h3&#8243; uncode_shortcode_id=&#8221;961496&#8243; text_color_type=&#8221;uncode-solid&#8221; text_color_solid=&#8221;#ffffff&#8221;]Vuoi attivare percorsi o servizi dedicati al benessere dei tuoi dipendenti?<\/p>\n<p>Mettiti in contatto con noi![\/vc_custom_heading][\/vc_column][vc_column column_width_percent=&#8221;100&#8243; gutter_size=&#8221;3&#8243; style=&#8221;dark&#8221; font_family=&#8221;font-555555&#8243; overlay_alpha=&#8221;50&#8243; shift_x=&#8221;0&#8243; shift_y=&#8221;0&#8243; shift_y_down=&#8221;0&#8243; z_index=&#8221;0&#8243; medium_width=&#8221;0&#8243; mobile_width=&#8221;0&#8243; css_animation=&#8221;right-t-left&#8221; animation_delay=&#8221;400&#8243; width=&#8221;2\/3&#8243; uncode_shortcode_id=&#8221;105688&#8243;]\n<div class=\"wpcf7 no-js\" id=\"wpcf7-f709-o1\" lang=\"it-IT\" dir=\"ltr\" data-wpcf7-id=\"709\">\n<div class=\"screen-reader-response\"><p role=\"status\" aria-live=\"polite\" aria-atomic=\"true\"><\/p> <ul><\/ul><\/div>\n<form action=\"\/stripescorporate\/wp-json\/wp\/v2\/posts\/300#wpcf7-f709-o1\" method=\"post\" class=\"wpcf7-form init\" aria-label=\"Modulo di contatto\" novalidate=\"novalidate\" data-status=\"init\">\n<fieldset class=\"hidden-fields-container\"><input type=\"hidden\" name=\"_wpcf7\" value=\"709\" \/><input type=\"hidden\" name=\"_wpcf7_version\" value=\"6.1.5\" \/><input type=\"hidden\" name=\"_wpcf7_locale\" value=\"it_IT\" \/><input type=\"hidden\" name=\"_wpcf7_unit_tag\" value=\"wpcf7-f709-o1\" \/><input type=\"hidden\" name=\"_wpcf7_container_post\" value=\"0\" \/><input type=\"hidden\" name=\"_wpcf7_posted_data_hash\" value=\"\" \/>\n<\/fieldset>\n<p><span class=\"wpcf7-form-control-wrap\" data-name=\"text-name\"><input size=\"40\" maxlength=\"400\" class=\"wpcf7-form-control wpcf7-text wpcf7-validates-as-required\" aria-required=\"true\" aria-invalid=\"false\" placeholder=\"Nome e Cognome\" value=\"\" type=\"text\" name=\"text-name\" \/><\/span><span class=\"wpcf7-form-control-wrap\" data-name=\"your-email\"><input size=\"40\" maxlength=\"400\" class=\"wpcf7-form-control wpcf7-email wpcf7-validates-as-required wpcf7-text wpcf7-validates-as-email\" aria-required=\"true\" aria-invalid=\"false\" placeholder=\"E-mail\" value=\"\" type=\"email\" name=\"your-email\" \/><\/span><span class=\"wpcf7-form-control-wrap\" data-name=\"text-company\"><input size=\"40\" maxlength=\"400\" class=\"wpcf7-form-control wpcf7-text wpcf7-validates-as-required\" aria-required=\"true\" aria-invalid=\"false\" placeholder=\"Azienda e ruolo\" value=\"\" type=\"text\" name=\"text-company\" \/><\/span><span class=\"wpcf7-form-control-wrap\" data-name=\"mia-select\"><select class=\"wpcf7-form-control wpcf7-select wpcf7-validates-as-required\" aria-required=\"true\" aria-invalid=\"false\" name=\"mia-select\"><option value=\"\">&#8212;Seleziona un&#039;opzione&#8212;<\/option><option value=\"Welfare aziendale\">Welfare aziendale<\/option><option value=\"Eventi e comunicazione\">Eventi e comunicazione<\/option><option value=\"Formazione e consulenza\">Formazione e consulenza<\/option><option value=\"Corporate social responsibility\">Corporate social responsibility<\/option><\/select><\/span><br \/>\n<span class=\"wpcf7-form-control-wrap\" data-name=\"acceptance-458\"><span class=\"wpcf7-form-control wpcf7-acceptance\"><span class=\"wpcf7-list-item\"><label><input type=\"checkbox\" name=\"acceptance-458\" value=\"1\" aria-invalid=\"false\" \/><span class=\"wpcf7-list-item-label\">Accetta le condizioni<\/span><\/label><\/span><\/span><\/span><br \/>\n<input class=\"wpcf7-form-control wpcf7-submit has-spinner\" type=\"submit\" value=\"Invia\" \/>\n<\/p><input type='hidden' class='wpcf7-pum' value='{\"closepopup\":false,\"closedelay\":0,\"openpopup\":false,\"openpopup_id\":0}' \/><div class=\"wpcf7-response-output\" aria-hidden=\"true\"><\/div>\n<\/form>\n<\/div>\n[\/vc_column][\/vc_row][vc_row][vc_column width=&#8221;1\/1&#8243;][vc_empty_space empty_h=&#8221;2&#8243;][\/vc_column][\/vc_row]<\/p>\n<\/div>","protected":false},"excerpt":{"rendered":"<p>[vc_row][vc_column width=&#8221;1\/1&#8243;][vc_custom_heading uncode_shortcode_id=&#8221;109010&#8243;]Wellbeing aziendale[\/vc_custom_heading][vc_column_text uncode_shortcode_id=&#8221;551030&#8243;]Il Benessere fisico, mentale ed emotivo \u00e8 sempre pi\u00f9 spesso al centro dei piani di Welfare [&hellip;]<\/p>\n","protected":false},"author":1,"featured_media":301,"comment_status":"open","ping_status":"open","sticky":false,"template":"","format":"standard","meta":{"footnotes":""},"categories":[17,16],"tags":[],"class_list":["post-300","post","type-post","status-publish","format-standard","has-post-thumbnail","hentry","category-welfare","category-in-evidenza"],"yoast_head":"<!-- This site is optimized with the Yoast SEO plugin v27.2 - https:\/\/yoast.com\/product\/yoast-seo-wordpress\/ -->\n<title>Wellbeing aziendale - StripesCorporate<\/title>\n<meta name=\"robots\" content=\"index, follow, max-snippet:-1, max-image-preview:large, max-video-preview:-1\" \/>\n<link rel=\"canonical\" href=\"https:\/\/www.pedagogia.it\/stripescorporate\/in-evidenza\/wellbeing-aziendale\/\" \/>\n<meta property=\"og:locale\" content=\"it_IT\" \/>\n<meta property=\"og:type\" content=\"article\" \/>\n<meta property=\"og:title\" content=\"Wellbeing aziendale - StripesCorporate\" \/>\n<meta property=\"og:description\" content=\"[vc_row][vc_column width=&#8221;1\/1&#8243;][vc_custom_heading uncode_shortcode_id=&#8221;109010&#8243;]Wellbeing aziendale[\/vc_custom_heading][vc_column_text uncode_shortcode_id=&#8221;551030&#8243;]Il Benessere fisico, mentale ed emotivo \u00e8 sempre pi\u00f9 spesso al centro dei piani di Welfare [&hellip;]\" \/>\n<meta property=\"og:url\" content=\"https:\/\/www.pedagogia.it\/stripescorporate\/in-evidenza\/wellbeing-aziendale\/\" \/>\n<meta property=\"og:site_name\" content=\"StripesCorporate\" \/>\n<meta property=\"article:published_time\" content=\"2022-10-20T14:58:08+00:00\" \/>\n<meta property=\"article:modified_time\" content=\"2023-10-02T16:10:41+00:00\" \/>\n<meta property=\"og:image\" content=\"https:\/\/www.pedagogia.it\/stripescorporate\/wp-content\/uploads\/sites\/14\/2022\/10\/wellbeing-aziendale.jpg\" \/>\n\t<meta property=\"og:image:width\" content=\"1016\" \/>\n\t<meta property=\"og:image:height\" content=\"675\" \/>\n\t<meta property=\"og:image:type\" content=\"image\/jpeg\" \/>\n<meta name=\"author\" content=\"Raul Jannone\" \/>\n<meta name=\"twitter:card\" content=\"summary_large_image\" \/>\n<meta name=\"twitter:label1\" content=\"Scritto da\" \/>\n\t<meta name=\"twitter:data1\" content=\"Raul Jannone\" \/>\n\t<meta name=\"twitter:label2\" content=\"Tempo di lettura stimato\" \/>\n\t<meta name=\"twitter:data2\" content=\"9 minuti\" \/>\n<script type=\"application\/ld+json\" class=\"yoast-schema-graph\">{\"@context\":\"https:\/\/schema.org\",\"@graph\":[{\"@type\":\"Article\",\"@id\":\"https:\/\/www.pedagogia.it\/stripescorporate\/in-evidenza\/wellbeing-aziendale\/#article\",\"isPartOf\":{\"@id\":\"https:\/\/www.pedagogia.it\/stripescorporate\/in-evidenza\/wellbeing-aziendale\/\"},\"author\":{\"name\":\"Raul Jannone\",\"@id\":\"https:\/\/www.pedagogia.it\/stripescorporate\/#\/schema\/person\/6ef94b1703cc542d2cfed879ddf74507\"},\"headline\":\"Wellbeing aziendale\",\"datePublished\":\"2022-10-20T14:58:08+00:00\",\"dateModified\":\"2023-10-02T16:10:41+00:00\",\"mainEntityOfPage\":{\"@id\":\"https:\/\/www.pedagogia.it\/stripescorporate\/in-evidenza\/wellbeing-aziendale\/\"},\"wordCount\":2262,\"commentCount\":0,\"publisher\":{\"@id\":\"https:\/\/www.pedagogia.it\/stripescorporate\/#organization\"},\"image\":{\"@id\":\"https:\/\/www.pedagogia.it\/stripescorporate\/in-evidenza\/wellbeing-aziendale\/#primaryimage\"},\"thumbnailUrl\":\"https:\/\/www.pedagogia.it\/stripescorporate\/wp-content\/uploads\/sites\/14\/2022\/10\/wellbeing-aziendale.jpg\",\"articleSection\":[\"welfare\",\"in evidenza\"],\"inLanguage\":\"it-IT\",\"potentialAction\":[{\"@type\":\"CommentAction\",\"name\":\"Comment\",\"target\":[\"https:\/\/www.pedagogia.it\/stripescorporate\/in-evidenza\/wellbeing-aziendale\/#respond\"]}]},{\"@type\":\"WebPage\",\"@id\":\"https:\/\/www.pedagogia.it\/stripescorporate\/in-evidenza\/wellbeing-aziendale\/\",\"url\":\"https:\/\/www.pedagogia.it\/stripescorporate\/in-evidenza\/wellbeing-aziendale\/\",\"name\":\"Wellbeing aziendale - StripesCorporate\",\"isPartOf\":{\"@id\":\"https:\/\/www.pedagogia.it\/stripescorporate\/#website\"},\"primaryImageOfPage\":{\"@id\":\"https:\/\/www.pedagogia.it\/stripescorporate\/in-evidenza\/wellbeing-aziendale\/#primaryimage\"},\"image\":{\"@id\":\"https:\/\/www.pedagogia.it\/stripescorporate\/in-evidenza\/wellbeing-aziendale\/#primaryimage\"},\"thumbnailUrl\":\"https:\/\/www.pedagogia.it\/stripescorporate\/wp-content\/uploads\/sites\/14\/2022\/10\/wellbeing-aziendale.jpg\",\"datePublished\":\"2022-10-20T14:58:08+00:00\",\"dateModified\":\"2023-10-02T16:10:41+00:00\",\"breadcrumb\":{\"@id\":\"https:\/\/www.pedagogia.it\/stripescorporate\/in-evidenza\/wellbeing-aziendale\/#breadcrumb\"},\"inLanguage\":\"it-IT\",\"potentialAction\":[{\"@type\":\"ReadAction\",\"target\":[\"https:\/\/www.pedagogia.it\/stripescorporate\/in-evidenza\/wellbeing-aziendale\/\"]}]},{\"@type\":\"ImageObject\",\"inLanguage\":\"it-IT\",\"@id\":\"https:\/\/www.pedagogia.it\/stripescorporate\/in-evidenza\/wellbeing-aziendale\/#primaryimage\",\"url\":\"https:\/\/www.pedagogia.it\/stripescorporate\/wp-content\/uploads\/sites\/14\/2022\/10\/wellbeing-aziendale.jpg\",\"contentUrl\":\"https:\/\/www.pedagogia.it\/stripescorporate\/wp-content\/uploads\/sites\/14\/2022\/10\/wellbeing-aziendale.jpg\",\"width\":1016,\"height\":675},{\"@type\":\"BreadcrumbList\",\"@id\":\"https:\/\/www.pedagogia.it\/stripescorporate\/in-evidenza\/wellbeing-aziendale\/#breadcrumb\",\"itemListElement\":[{\"@type\":\"ListItem\",\"position\":1,\"name\":\"Home\",\"item\":\"https:\/\/www.pedagogia.it\/stripescorporate\/\"},{\"@type\":\"ListItem\",\"position\":2,\"name\":\"Wellbeing aziendale\"}]},{\"@type\":\"WebSite\",\"@id\":\"https:\/\/www.pedagogia.it\/stripescorporate\/#website\",\"url\":\"https:\/\/www.pedagogia.it\/stripescorporate\/\",\"name\":\"StripesCorporate\",\"description\":\"Progetti per le aziende ad alto impatto sociale\",\"publisher\":{\"@id\":\"https:\/\/www.pedagogia.it\/stripescorporate\/#organization\"},\"potentialAction\":[{\"@type\":\"SearchAction\",\"target\":{\"@type\":\"EntryPoint\",\"urlTemplate\":\"https:\/\/www.pedagogia.it\/stripescorporate\/?s={search_term_string}\"},\"query-input\":{\"@type\":\"PropertyValueSpecification\",\"valueRequired\":true,\"valueName\":\"search_term_string\"}}],\"inLanguage\":\"it-IT\"},{\"@type\":\"Organization\",\"@id\":\"https:\/\/www.pedagogia.it\/stripescorporate\/#organization\",\"name\":\"Stripes Coop. Sociale ONLUS\",\"url\":\"https:\/\/www.pedagogia.it\/stripescorporate\/\",\"logo\":{\"@type\":\"ImageObject\",\"inLanguage\":\"it-IT\",\"@id\":\"https:\/\/www.pedagogia.it\/stripescorporate\/#\/schema\/logo\/image\/\",\"url\":\"https:\/\/www.pedagogia.it\/stripescorporate\/wp-content\/uploads\/sites\/14\/2022\/10\/stripescorporate_logo-e1667560266577.png\",\"contentUrl\":\"https:\/\/www.pedagogia.it\/stripescorporate\/wp-content\/uploads\/sites\/14\/2022\/10\/stripescorporate_logo-e1667560266577.png\",\"width\":1838,\"height\":350,\"caption\":\"Stripes Coop. Sociale ONLUS\"},\"image\":{\"@id\":\"https:\/\/www.pedagogia.it\/stripescorporate\/#\/schema\/logo\/image\/\"}},{\"@type\":\"Person\",\"@id\":\"https:\/\/www.pedagogia.it\/stripescorporate\/#\/schema\/person\/6ef94b1703cc542d2cfed879ddf74507\",\"name\":\"Raul Jannone\",\"image\":{\"@type\":\"ImageObject\",\"inLanguage\":\"it-IT\",\"@id\":\"https:\/\/secure.gravatar.com\/avatar\/44fd933c75f5ee9b96f27834e4b1f3d2e7e56504291af13b42785c2b1a53944a?s=96&d=mm&r=g\",\"url\":\"https:\/\/secure.gravatar.com\/avatar\/44fd933c75f5ee9b96f27834e4b1f3d2e7e56504291af13b42785c2b1a53944a?s=96&d=mm&r=g\",\"contentUrl\":\"https:\/\/secure.gravatar.com\/avatar\/44fd933c75f5ee9b96f27834e4b1f3d2e7e56504291af13b42785c2b1a53944a?s=96&d=mm&r=g\",\"caption\":\"Raul Jannone\"},\"description\":\"Info bibliografiche\",\"url\":\"https:\/\/www.pedagogia.it\/stripescorporate\/author\/admin\/\"}]}<\/script>\n<!-- \/ Yoast SEO plugin. -->","yoast_head_json":{"title":"Wellbeing aziendale - StripesCorporate","robots":{"index":"index","follow":"follow","max-snippet":"max-snippet:-1","max-image-preview":"max-image-preview:large","max-video-preview":"max-video-preview:-1"},"canonical":"https:\/\/www.pedagogia.it\/stripescorporate\/in-evidenza\/wellbeing-aziendale\/","og_locale":"it_IT","og_type":"article","og_title":"Wellbeing aziendale - StripesCorporate","og_description":"[vc_row][vc_column width=&#8221;1\/1&#8243;][vc_custom_heading uncode_shortcode_id=&#8221;109010&#8243;]Wellbeing aziendale[\/vc_custom_heading][vc_column_text uncode_shortcode_id=&#8221;551030&#8243;]Il Benessere fisico, mentale ed emotivo \u00e8 sempre pi\u00f9 spesso al centro dei piani di Welfare [&hellip;]","og_url":"https:\/\/www.pedagogia.it\/stripescorporate\/in-evidenza\/wellbeing-aziendale\/","og_site_name":"StripesCorporate","article_published_time":"2022-10-20T14:58:08+00:00","article_modified_time":"2023-10-02T16:10:41+00:00","og_image":[{"width":1016,"height":675,"url":"https:\/\/www.pedagogia.it\/stripescorporate\/wp-content\/uploads\/sites\/14\/2022\/10\/wellbeing-aziendale.jpg","type":"image\/jpeg"}],"author":"Raul Jannone","twitter_card":"summary_large_image","twitter_misc":{"Scritto da":"Raul Jannone","Tempo di lettura stimato":"9 minuti"},"schema":{"@context":"https:\/\/schema.org","@graph":[{"@type":"Article","@id":"https:\/\/www.pedagogia.it\/stripescorporate\/in-evidenza\/wellbeing-aziendale\/#article","isPartOf":{"@id":"https:\/\/www.pedagogia.it\/stripescorporate\/in-evidenza\/wellbeing-aziendale\/"},"author":{"name":"Raul Jannone","@id":"https:\/\/www.pedagogia.it\/stripescorporate\/#\/schema\/person\/6ef94b1703cc542d2cfed879ddf74507"},"headline":"Wellbeing aziendale","datePublished":"2022-10-20T14:58:08+00:00","dateModified":"2023-10-02T16:10:41+00:00","mainEntityOfPage":{"@id":"https:\/\/www.pedagogia.it\/stripescorporate\/in-evidenza\/wellbeing-aziendale\/"},"wordCount":2262,"commentCount":0,"publisher":{"@id":"https:\/\/www.pedagogia.it\/stripescorporate\/#organization"},"image":{"@id":"https:\/\/www.pedagogia.it\/stripescorporate\/in-evidenza\/wellbeing-aziendale\/#primaryimage"},"thumbnailUrl":"https:\/\/www.pedagogia.it\/stripescorporate\/wp-content\/uploads\/sites\/14\/2022\/10\/wellbeing-aziendale.jpg","articleSection":["welfare","in evidenza"],"inLanguage":"it-IT","potentialAction":[{"@type":"CommentAction","name":"Comment","target":["https:\/\/www.pedagogia.it\/stripescorporate\/in-evidenza\/wellbeing-aziendale\/#respond"]}]},{"@type":"WebPage","@id":"https:\/\/www.pedagogia.it\/stripescorporate\/in-evidenza\/wellbeing-aziendale\/","url":"https:\/\/www.pedagogia.it\/stripescorporate\/in-evidenza\/wellbeing-aziendale\/","name":"Wellbeing aziendale - StripesCorporate","isPartOf":{"@id":"https:\/\/www.pedagogia.it\/stripescorporate\/#website"},"primaryImageOfPage":{"@id":"https:\/\/www.pedagogia.it\/stripescorporate\/in-evidenza\/wellbeing-aziendale\/#primaryimage"},"image":{"@id":"https:\/\/www.pedagogia.it\/stripescorporate\/in-evidenza\/wellbeing-aziendale\/#primaryimage"},"thumbnailUrl":"https:\/\/www.pedagogia.it\/stripescorporate\/wp-content\/uploads\/sites\/14\/2022\/10\/wellbeing-aziendale.jpg","datePublished":"2022-10-20T14:58:08+00:00","dateModified":"2023-10-02T16:10:41+00:00","breadcrumb":{"@id":"https:\/\/www.pedagogia.it\/stripescorporate\/in-evidenza\/wellbeing-aziendale\/#breadcrumb"},"inLanguage":"it-IT","potentialAction":[{"@type":"ReadAction","target":["https:\/\/www.pedagogia.it\/stripescorporate\/in-evidenza\/wellbeing-aziendale\/"]}]},{"@type":"ImageObject","inLanguage":"it-IT","@id":"https:\/\/www.pedagogia.it\/stripescorporate\/in-evidenza\/wellbeing-aziendale\/#primaryimage","url":"https:\/\/www.pedagogia.it\/stripescorporate\/wp-content\/uploads\/sites\/14\/2022\/10\/wellbeing-aziendale.jpg","contentUrl":"https:\/\/www.pedagogia.it\/stripescorporate\/wp-content\/uploads\/sites\/14\/2022\/10\/wellbeing-aziendale.jpg","width":1016,"height":675},{"@type":"BreadcrumbList","@id":"https:\/\/www.pedagogia.it\/stripescorporate\/in-evidenza\/wellbeing-aziendale\/#breadcrumb","itemListElement":[{"@type":"ListItem","position":1,"name":"Home","item":"https:\/\/www.pedagogia.it\/stripescorporate\/"},{"@type":"ListItem","position":2,"name":"Wellbeing aziendale"}]},{"@type":"WebSite","@id":"https:\/\/www.pedagogia.it\/stripescorporate\/#website","url":"https:\/\/www.pedagogia.it\/stripescorporate\/","name":"StripesCorporate","description":"Progetti per le aziende ad alto impatto sociale","publisher":{"@id":"https:\/\/www.pedagogia.it\/stripescorporate\/#organization"},"potentialAction":[{"@type":"SearchAction","target":{"@type":"EntryPoint","urlTemplate":"https:\/\/www.pedagogia.it\/stripescorporate\/?s={search_term_string}"},"query-input":{"@type":"PropertyValueSpecification","valueRequired":true,"valueName":"search_term_string"}}],"inLanguage":"it-IT"},{"@type":"Organization","@id":"https:\/\/www.pedagogia.it\/stripescorporate\/#organization","name":"Stripes Coop. Sociale ONLUS","url":"https:\/\/www.pedagogia.it\/stripescorporate\/","logo":{"@type":"ImageObject","inLanguage":"it-IT","@id":"https:\/\/www.pedagogia.it\/stripescorporate\/#\/schema\/logo\/image\/","url":"https:\/\/www.pedagogia.it\/stripescorporate\/wp-content\/uploads\/sites\/14\/2022\/10\/stripescorporate_logo-e1667560266577.png","contentUrl":"https:\/\/www.pedagogia.it\/stripescorporate\/wp-content\/uploads\/sites\/14\/2022\/10\/stripescorporate_logo-e1667560266577.png","width":1838,"height":350,"caption":"Stripes Coop. Sociale ONLUS"},"image":{"@id":"https:\/\/www.pedagogia.it\/stripescorporate\/#\/schema\/logo\/image\/"}},{"@type":"Person","@id":"https:\/\/www.pedagogia.it\/stripescorporate\/#\/schema\/person\/6ef94b1703cc542d2cfed879ddf74507","name":"Raul Jannone","image":{"@type":"ImageObject","inLanguage":"it-IT","@id":"https:\/\/secure.gravatar.com\/avatar\/44fd933c75f5ee9b96f27834e4b1f3d2e7e56504291af13b42785c2b1a53944a?s=96&d=mm&r=g","url":"https:\/\/secure.gravatar.com\/avatar\/44fd933c75f5ee9b96f27834e4b1f3d2e7e56504291af13b42785c2b1a53944a?s=96&d=mm&r=g","contentUrl":"https:\/\/secure.gravatar.com\/avatar\/44fd933c75f5ee9b96f27834e4b1f3d2e7e56504291af13b42785c2b1a53944a?s=96&d=mm&r=g","caption":"Raul Jannone"},"description":"Info bibliografiche","url":"https:\/\/www.pedagogia.it\/stripescorporate\/author\/admin\/"}]}},"_links":{"self":[{"href":"https:\/\/www.pedagogia.it\/stripescorporate\/wp-json\/wp\/v2\/posts\/300","targetHints":{"allow":["GET"]}}],"collection":[{"href":"https:\/\/www.pedagogia.it\/stripescorporate\/wp-json\/wp\/v2\/posts"}],"about":[{"href":"https:\/\/www.pedagogia.it\/stripescorporate\/wp-json\/wp\/v2\/types\/post"}],"author":[{"embeddable":true,"href":"https:\/\/www.pedagogia.it\/stripescorporate\/wp-json\/wp\/v2\/users\/1"}],"replies":[{"embeddable":true,"href":"https:\/\/www.pedagogia.it\/stripescorporate\/wp-json\/wp\/v2\/comments?post=300"}],"version-history":[{"count":54,"href":"https:\/\/www.pedagogia.it\/stripescorporate\/wp-json\/wp\/v2\/posts\/300\/revisions"}],"predecessor-version":[{"id":1633,"href":"https:\/\/www.pedagogia.it\/stripescorporate\/wp-json\/wp\/v2\/posts\/300\/revisions\/1633"}],"wp:featuredmedia":[{"embeddable":true,"href":"https:\/\/www.pedagogia.it\/stripescorporate\/wp-json\/wp\/v2\/media\/301"}],"wp:attachment":[{"href":"https:\/\/www.pedagogia.it\/stripescorporate\/wp-json\/wp\/v2\/media?parent=300"}],"wp:term":[{"taxonomy":"category","embeddable":true,"href":"https:\/\/www.pedagogia.it\/stripescorporate\/wp-json\/wp\/v2\/categories?post=300"},{"taxonomy":"post_tag","embeddable":true,"href":"https:\/\/www.pedagogia.it\/stripescorporate\/wp-json\/wp\/v2\/tags?post=300"}],"curies":[{"name":"wp","href":"https:\/\/api.w.org\/{rel}","templated":true}]}}